{"id":222,"date":"2019-01-05T23:29:17","date_gmt":"2019-01-06T02:29:17","guid":{"rendered":"http:\/\/oasisfm935.com\/site\/?p=222"},"modified":"2019-01-08T12:30:10","modified_gmt":"2019-01-08T15:30:10","slug":"el-negro-videla-actuara-en-la-fiesta-de-reyes-en-emb-martini","status":"publish","type":"post","link":"https:\/\/oasisfm935.com.ar\/site\/el-negro-videla-actuara-en-la-fiesta-de-reyes-en-emb-martini\/","title":{"rendered":"El \u201cNegro\u201d Videla actuar\u00e1 en la Fiesta de Reyes en Emb. Martini"},"content":{"rendered":"<div class=\"itemBody\">\n<div class=\"itemIntroText\">\n<p><strong>La localidad de Embajador Martini se prepara para vivir una nueva edici\u00f3n de la Fiesta de Reyes el s\u00e1bado 12 de enero. Adem\u00e1s de otros artistas locales y zonales, estar\u00e1 presente el reconocido cantante de la m\u00fasica popular \u201cEl Negro\u201d Videla.<\/strong><\/p>\n<\/div>\n<div class=\"itemFullText\">\n<blockquote><p>La Fiesta de Reyes como todos los a\u00f1os ser\u00e1 organizada por el municipio de Embajador Martini y el \u00e1rea de Cultura municipal.<\/p><\/blockquote>\n<p><strong>La cita ser\u00e1 en el Parque Los Caldenes desde las 21 horas.<\/strong><\/p>\n<p>Como en otras ediciones, estar\u00e1n presentes artesanos de la localidad y la zona\u00a0 que exhibir\u00e1n sus producciones a los visitantes.<\/p>\n<blockquote><p><strong>Adem\u00e1s pasada la medianoche los Reyes Magos se har\u00e1n presentes para entregar juguetes a los ni\u00f1os.<\/strong><\/p><\/blockquote>\n<p>En la Fiesta actuar\u00e1n Jos\u00e9 Luis y su ritmo, \u00a0el ganador del concurso Dones y Talentos Jos\u00e9 Mu\u00f1oz y Juan Cruz Vernetti.<\/p>\n<blockquote><p>El cierre de la noche ser\u00e1 con la presencia del reconocido m\u00fasico cordob\u00e9s \u201cEl Negro\u201d Videla, excantante de Ch\u00e9bere que llegar\u00e1 a la localidad para \u201cque baile todo el pueblo\u201d.<\/p><\/blockquote>\n<p>Desde el municipio de Embajador Martini hicieron extensiva la invitaci\u00f3n a los vecinos del pueblo y la zona a que se sumen a este tradicional festejo de Reyes.<\/p>\n<p>Fuente: www.zonalnoticias.com<\/p>\n<\/div>\n<\/div>\n<div class=\"oasis-despues-del-contenido\" id=\"oasis-1522878716\"><img loading=\"lazy\" decoding=\"async\" src=\"https:\/\/oasisfm935.com.ar\/site\/wp-content\/uploads\/2020\/08\/47806202-8741-49f2-a5c9-d2f930e5baa1.jpg\" alt=\"\"  srcset=\"https:\/\/oasisfm935.com.ar\/site\/wp-content\/uploads\/2020\/08\/47806202-8741-49f2-a5c9-d2f930e5baa1.jpg 1080w, https:\/\/oasisfm935.com.ar\/site\/wp-content\/uploads\/2020\/08\/47806202-8741-49f2-a5c9-d2f930e5baa1-300x300.jpg 300w, https:\/\/oasisfm935.com.ar\/site\/wp-content\/uploads\/2020\/08\/47806202-8741-49f2-a5c9-d2f930e5baa1-1024x1024.jpg 1024w, https:\/\/oasisfm935.com.ar\/site\/wp-content\/uploads\/2020\/08\/47806202-8741-49f2-a5c9-d2f930e5baa1-150x150.jpg 150w, https:\/\/oasisfm935.com.ar\/site\/wp-content\/uploads\/2020\/08\/47806202-8741-49f2-a5c9-d2f930e5baa1-768x768.jpg 768w\" sizes=\"(max-width: 1080px) 100vw, 1080px\" class=\"no-lazyload\" width=\"1080\" height=\"1080\"  style=\"display: inline-block;\" \/><\/div>","protected":false},"excerpt":{"rendered":"<p>La localidad de Embajador Martini se prepara para vivir una nueva edici\u00f3n de la Fiesta de Reyes el s\u00e1bado 12 de enero.<\/p>\n","protected":false},"author":2,"featured_media":223,"comment_status":"closed","ping_status":"open","sticky":false,"template":"","format":"standard","meta":{"colormag_page_layout":"default_layout","footnotes":""},"categories":[2],"tags":[],"class_list":["post-222","post","type-post","status-publish","format-standard","has-post-thumbnail","hentry","category-noticias"],"_links":{"self":[{"href":"https:\/\/oasisfm935.com.ar\/site\/wp-json\/wp\/v2\/posts\/222","targetHints":{"allow":["GET"]}}],"collection":[{"href":"https:\/\/oasisfm935.com.ar\/site\/wp-json\/wp\/v2\/posts"}],"about":[{"href":"https:\/\/oasisfm935.com.ar\/site\/wp-json\/wp\/v2\/types\/post"}],"author":[{"embeddable":true,"href":"https:\/\/oasisfm935.com.ar\/site\/wp-json\/wp\/v2\/users\/2"}],"replies":[{"embeddable":true,"href":"https:\/\/oasisfm935.com.ar\/site\/wp-json\/wp\/v2\/comments?post=222"}],"version-history":[{"count":1,"href":"https:\/\/oasisfm935.com.ar\/site\/wp-json\/wp\/v2\/posts\/222\/revisions"}],"predecessor-version":[{"id":224,"href":"https:\/\/oasisfm935.com.ar\/site\/wp-json\/wp\/v2\/posts\/222\/revisions\/224"}],"wp:featuredmedia":[{"embeddable":true,"href":"https:\/\/oasisfm935.com.ar\/site\/wp-json\/wp\/v2\/media\/223"}],"wp:attachment":[{"href":"https:\/\/oasisfm935.com.ar\/site\/wp-json\/wp\/v2\/media?parent=222"}],"wp:term":[{"taxonomy":"category","embeddable":true,"href":"https:\/\/oasisfm935.com.ar\/site\/wp-json\/wp\/v2\/categories?post=222"},{"taxonomy":"post_tag","embeddable":true,"href":"https:\/\/oasisfm935.com.ar\/site\/wp-json\/wp\/v2\/tags?post=222"}],"curies":[{"name":"wp","href":"https:\/\/api.w.org\/{rel}","templated":true}]}}