{"id":2220,"date":"2019-07-02T12:10:04","date_gmt":"2019-07-02T15:10:04","guid":{"rendered":"http:\/\/oasisfm935.com\/site\/?p=2220"},"modified":"2019-07-02T12:10:04","modified_gmt":"2019-07-02T15:10:04","slug":"por-que-se-escucho-un-ruido-luego-del-temblor-en-caleufu","status":"publish","type":"post","link":"https:\/\/oasisfm935.com.ar\/site\/por-que-se-escucho-un-ruido-luego-del-temblor-en-caleufu\/","title":{"rendered":"\u00bfPor qu\u00e9 se escuch\u00f3 un ruido luego del temblor en Caleuf\u00fa?"},"content":{"rendered":"<p>El ge\u00f3logo, Carlos Camiletti, dio a conocer la\u00a0<strong>explicaci\u00f3n<\/strong>\u00a0y los pormenores del temblor que asust\u00f3 a gran parte de la poblaci\u00f3n de Caleuf\u00fa durante el viernes de la semana pasada. El especialista explic\u00f3 porqu\u00e9 se escuch\u00f3 un\u00a0<strong>fuerte ruido<\/strong>\u00a0en la localidad luego del sismo que mantuvo a toda la comunidad en vilo.<\/p>\n<p>En di\u00e1logo con LA ARENA, Camiletti defini\u00f3 el fen\u00f3meno como un \u00ab<strong>reajuste de las placas tect\u00f3nicas continental\u00bb.<\/strong><\/p>\n<p>El entrevistado puntualiz\u00f3: \u00abHay que imaginar que el continente americano, las partes m\u00e1s viejas, los cratones, la parte gran\u00edtica no es una masa como el granito de una mesada sino como si el propio granito estuviese fracturado en 25 mi pedazos: las placas oce\u00e1nicas que empuja el continente hacia el oeste va moviendo esa ficha de domin\u00f3 que est\u00e1n sobre esa mesa\u00bb.<\/p>\n<p>Y prosigui\u00f3: \u00abEsas fichas se mueven, algunas m\u00e1s lentas, otras m\u00e1s r\u00e1pidas y se van rozando entre si. Es decir que se van ajustando y esos son los sismos que ocurren en las zonas centrales del pa\u00eds como por ejemplo La Pampa, San Luis, Chaco, sur de Santa Fe y provincia de Buenos Aires por ejemplo. Somos parte del continente que va casi navegando encima de rocas m\u00e1s densas flotando, esos pedazos se ajustan despacio y eso son los sismos de baja intensidad como el sucedido en Caleuf\u00fa\u00bb.<\/p>\n<p>Camiletti record\u00f3 que el 28 de octubre de 1965 ocurri\u00f3 un sismo en Santa Rosa que vibr\u00f3 y provoc\u00f3 un \u00absusto may\u00fasculo\u00bb en los vecinos. En Caleuf\u00fa, en tanto, tambi\u00e9n hubo un sismo similar pero en 1984.<\/p>\n<p>\u00abEstamos en la zona mesos\u00edsmica donde los sismos, salvo excepciones, no son destructivos sino vibraciones, algo absolutamente normal\u00bb, tranquiliz\u00f3.<\/p>\n<p><strong>RUIDO.<\/strong><\/p>\n<p>Camiletti explic\u00f3 la vinculaci\u00f3n existente entre la causa geol\u00f3gica de este temblor y el fuerte ruido, similar a una explosi\u00f3n, que los vecinos escucharon este viernes en Caleuf\u00fa.<\/p>\n<p>\u00abLa explosi\u00f3n, o el ruido que se escucha normalmente, que pude experimentar en C\u00f3rdoba, es porque el techo de las casas vibran, especialmente aquellas casas con tejas o galpones con chapas: eso genera como un retumbe, un zumbido fuerte como si uno tomara una chapa y la ondula\u00bb, sostuvo.<\/p>\n<p>Y complet\u00f3: \u00abComo eso lo hace al un\u00edsono, todo el pueblo, se genera la reververancia de la onda y se multiplica el tama\u00f1o de los ruidos y a eso se debe que se escucha, por lo general una explosi\u00f3n o un ruido muy intenso\u00bb.<\/p>\n<p>FOTO: REGISTRO SISMICO EN CALEUFU DE 1984.<\/p>\n<p>ESCUCHA EL AUDIO DE LA ENTREVISTA REALIZADA, POR MIRTA LOSADA, A CARLOS CAMILETTI (RADIO NOTICIAS 99.5).<\/p>\n<p><iframe loading=\"lazy\" title=\"Radio Noticias 99.5\" width=\"800\" height=\"450\" scrolling=\"no\" frameborder=\"no\" src=\"https:\/\/w.soundcloud.com\/player\/?visual=true&#038;url=https%3A%2F%2Fapi.soundcloud.com%2Fusers%2F304406612&#038;show_artwork=true&#038;maxwidth=800&#038;maxheight=1000&#038;dnt=1\"><\/iframe><\/p>\n<p>Diario La Arena<\/p>\n<p>&nbsp;<\/p>\n<div class=\"oasis-despues-del-contenido\" id=\"oasis-502149034\"><img loading=\"lazy\" decoding=\"async\" src=\"https:\/\/oasisfm935.com.ar\/site\/wp-content\/uploads\/2020\/08\/47806202-8741-49f2-a5c9-d2f930e5baa1.jpg\" alt=\"\"  srcset=\"https:\/\/oasisfm935.com.ar\/site\/wp-content\/uploads\/2020\/08\/47806202-8741-49f2-a5c9-d2f930e5baa1.jpg 1080w, https:\/\/oasisfm935.com.ar\/site\/wp-content\/uploads\/2020\/08\/47806202-8741-49f2-a5c9-d2f930e5baa1-300x300.jpg 300w, https:\/\/oasisfm935.com.ar\/site\/wp-content\/uploads\/2020\/08\/47806202-8741-49f2-a5c9-d2f930e5baa1-1024x1024.jpg 1024w, https:\/\/oasisfm935.com.ar\/site\/wp-content\/uploads\/2020\/08\/47806202-8741-49f2-a5c9-d2f930e5baa1-150x150.jpg 150w, https:\/\/oasisfm935.com.ar\/site\/wp-content\/uploads\/2020\/08\/47806202-8741-49f2-a5c9-d2f930e5baa1-768x768.jpg 768w\" sizes=\"(max-width: 1080px) 100vw, 1080px\" class=\"no-lazyload\" width=\"1080\" height=\"1080\"  style=\"display: inline-block;\" \/><\/div>","protected":false},"excerpt":{"rendered":"<p>El ge\u00f3logo, Carlos Camiletti, dio a conocer la\u00a0explicaci\u00f3n\u00a0y los pormenores del temblor que asust\u00f3 a gran parte de la poblaci\u00f3n de Caleuf\u00fa<\/p>\n","protected":false},"author":4,"featured_media":2222,"comment_status":"closed","ping_status":"open","sticky":false,"template":"","format":"standard","meta":{"colormag_page_layout":"default_layout","footnotes":""},"categories":[2],"tags":[],"class_list":["post-2220","post","type-post","status-publish","format-standard","has-post-thumbnail","hentry","category-noticias"],"_links":{"self":[{"href":"https:\/\/oasisfm935.com.ar\/site\/wp-json\/wp\/v2\/posts\/2220","targetHints":{"allow":["GET"]}}],"collection":[{"href":"https:\/\/oasisfm935.com.ar\/site\/wp-json\/wp\/v2\/posts"}],"about":[{"href":"https:\/\/oasisfm935.com.ar\/site\/wp-json\/wp\/v2\/types\/post"}],"author":[{"embeddable":true,"href":"https:\/\/oasisfm935.com.ar\/site\/wp-json\/wp\/v2\/users\/4"}],"replies":[{"embeddable":true,"href":"https:\/\/oasisfm935.com.ar\/site\/wp-json\/wp\/v2\/comments?post=2220"}],"version-history":[{"count":1,"href":"https:\/\/oasisfm935.com.ar\/site\/wp-json\/wp\/v2\/posts\/2220\/revisions"}],"predecessor-version":[{"id":2223,"href":"https:\/\/oasisfm935.com.ar\/site\/wp-json\/wp\/v2\/posts\/2220\/revisions\/2223"}],"wp:featuredmedia":[{"embeddable":true,"href":"https:\/\/oasisfm935.com.ar\/site\/wp-json\/wp\/v2\/media\/2222"}],"wp:attachment":[{"href":"https:\/\/oasisfm935.com.ar\/site\/wp-json\/wp\/v2\/media?parent=2220"}],"wp:term":[{"taxonomy":"category","embeddable":true,"href":"https:\/\/oasisfm935.com.ar\/site\/wp-json\/wp\/v2\/categories?post=2220"},{"taxonomy":"post_tag","embeddable":true,"href":"https:\/\/oasisfm935.com.ar\/site\/wp-json\/wp\/v2\/tags?post=2220"}],"curies":[{"name":"wp","href":"https:\/\/api.w.org\/{rel}","templated":true}]}}