{"id":2225,"date":"2019-07-02T13:54:42","date_gmt":"2019-07-02T16:54:42","guid":{"rendered":"http:\/\/oasisfm935.com\/site\/?p=2225"},"modified":"2019-07-02T14:43:06","modified_gmt":"2019-07-02T17:43:06","slug":"curso-de-formacion-gerontologica-para-cuidadores-de-personas-mayores-en-ingeniero-luiggi","status":"publish","type":"post","link":"https:\/\/oasisfm935.com.ar\/site\/curso-de-formacion-gerontologica-para-cuidadores-de-personas-mayores-en-ingeniero-luiggi\/","title":{"rendered":"CURSO DE FORMACI\u00d3N GERONTOL\u00d3GICA PARA CUIDADORES DE PERSONAS MAYORES EN INGENIERO LUIGGI"},"content":{"rendered":"<p>&nbsp;<\/p>\n<p class=\"lead nota-detalle-bajada\">El Ministerio de Desarrollo Social a trav\u00e9s de la Direcci\u00f3n de Adultos Mayores, llevar\u00e1 a cabo como en otras oportunidades un curso de Formaci\u00f3n Gerontol\u00f3gica para cuidadores de personas mayores. En este caso, y respetando la descentralizaci\u00f3n propuesta, ser\u00e1 en Ingeniero Luiggi.<\/p>\n<div class=\"nota-detalle-cuerpo\">\n<p>La ministra Fernanda Alonso, se\u00f1al\u00f3 que \u201chay una demanda puntual en esa localidad de llevar adelante este tema, aunque es una necesidad en toda la Provincia, en cuanto al cuidado de adultos mayores\u00bb.<\/p>\n<p>La\u00a0capacitaci\u00f3n comenzar\u00e1 el pr\u00f3ximo viernes 5 de julio desde las 14 a las 19 horas, en el auditorio de la\u00a0localidad,\u00a0constar\u00e1 de cinco encuentros dictados\u00a0por personal de la Direcci\u00f3n de Adultos Mayores (m\u00e9dicos, enfermeros, psic\u00f3logos, trabajadores sociales, entre otros), y ser\u00e1 totalmente gratuito.<\/p>\n<p>Quienes est\u00e9n interesadas en sumarse, a\u00fan est\u00e1n a tiempo y pueden comunicarse al municipio local, o a la Direcci\u00f3n de Adultos Mayores. Te: 2954-455385 -424279, o al correo electr\u00f3nico:\u00a0direccionadultosmayores@lapampa.gob.ar<\/p>\n<p>La directora del \u00e1rea, Silvia Gonz\u00e1lez, coment\u00f3 puntualmente que est\u00e1 destinada a \u201ccuidadores formales e informales, para los familiares que tengan a su cuidado personas mayores y\u00a0para aquellos que quieren tener una salida laboral. Por eso se convoca a los j\u00f3venes para que puedan conocer de qu\u00e9\u00a0se trata la gerontolog\u00eda, para el personal de las residencias y coordinadores de Centros Cumel\u00e9n\u201d. Es un curso de formaci\u00f3n b\u00e1sica.<\/p>\n<p>Hay una variedad de inscriptos \u201cya consta de 50 de Luiggi\u00a0y es abierto a toda la zona norte\u201d. Es un curso interdisciplinario, tienen material adecuado, no hay l\u00edmite de edad ni en el nivel de instrucci\u00f3n. \u201cEs decir, que se convoca tanto a quienes ya est\u00e9n trabajando, como a quienes quieren comenzar a involucrarse en esta actividad\u201d, explic\u00f3 la directora.<\/p>\n<p>Agreg\u00f3 que \u201cen este caso ser\u00e1 en Ingeniero Luiggi porque convoca siempre a hacer este tipo de actividades y tambi\u00e9n porque el a\u00f1o pasado el Consejo pidi\u00f3 esta capacitaci\u00f3n\u201d. Sostuvo adem\u00e1s que \u201cesto tiene que ver con la necesidad de la localidad en formar y jerarquizar personas en la atenci\u00f3n de adultos mayores\u201d. Luego esos cuidadores quedar\u00e1n inscriptos en un registro provincial.<\/p>\n<p>En referencia a la descentralizaci\u00f3n planteada, este curso ya se hizo en La Humada, 25 de Mayo, Guatrach\u00e9, General Acha, Santa Rosa y\u00a0General Pico.<\/p>\n<p>Gonz\u00e1lez finalmente adelant\u00f3 que en la segunda mitad del a\u00f1o se focalizar\u00e1n en capacitar respecto de la nueva ley de residencias, lo cual tambi\u00e9n dar\u00e1 inicio en Ingeniero Luiggi. Ser\u00e1n 16 capacitaciones destinadas a personas de los municipios, trabajadores de las residencias, \u201ccon la idea de dar a conocer la nueva reglamentaci\u00f3n para estos lugares\u201d.<\/p>\n<p>Patricia Lav\u00edn, subsecretaria de Descentralizaci\u00f3n Territorial, presente tambi\u00e9n en este anuncio, destac\u00f3 el trabajo conjunto de Provincia y Municipio \u201cen torno a un objetivo com\u00fan sumando esfuerzos y recursos. Pedimos tambi\u00e9n al municipio que luego de la capacitaci\u00f3n se realice un monitero, para fortalecer esa actividad\u201d.<\/p>\n<p><strong>Contenidos del programa<\/strong><\/p>\n<p>1- Envejecimiento poblacional e individual. La gerontolog\u00eda como disciplina.<\/p>\n<p>2- La vejez. Como nombrar a la persona que envejece. Mitos y prejuicios en torno a la vejez. Empoderamiento en personas mayores.<\/p>\n<p>3- Derechos de las personas mayores. Convenci\u00f3n Interamericana para la protecci\u00f3n de los derechos de las personas mayores. Buen tratro hacia los adultos mayores. Indicadores de abuso y maltrato en personas mayores. Eda\u00edsmo. Como proceder.<\/p>\n<p>4- Autonom\u00eda, autoval\u00eda. Evaluaci\u00f3n funcional. Su importancia. La figura del cuidador domiciliario, hospitalario y terap\u00e9utico en la vejez. Gu\u00eda para cuidadores formales e informales. Actividades de estimulaci\u00f3n para personas mayores.<\/p>\n<p>5- Envejecimiento y patolog\u00eda. Geriatr\u00eda. Gigantes de la Geriatr\u00eda. Medidas preventivas en el cuidado de adultos mayores.<\/p>\n<p>Estar\u00e1 a cardo de la licenciada en Trabajo Social- Geront\u00f3loga-Directora de Adultos Mayores, Silvia Gonz\u00e1lez; de la\u00a0licenciada\u00a0en Trabajo Social, Carina Salvador, del licenciado en Psicolog\u00eda, Carlos Viano, el enfermero, Marcelino Hern\u00e1ndez y la m\u00e9dica, Alejandra Ramallo.<\/p>\n<\/div>\n<div class=\"oasis-despues-del-contenido\" id=\"oasis-533072531\"><img loading=\"lazy\" decoding=\"async\" src=\"https:\/\/oasisfm935.com.ar\/site\/wp-content\/uploads\/2020\/08\/47806202-8741-49f2-a5c9-d2f930e5baa1.jpg\" alt=\"\"  srcset=\"https:\/\/oasisfm935.com.ar\/site\/wp-content\/uploads\/2020\/08\/47806202-8741-49f2-a5c9-d2f930e5baa1.jpg 1080w, https:\/\/oasisfm935.com.ar\/site\/wp-content\/uploads\/2020\/08\/47806202-8741-49f2-a5c9-d2f930e5baa1-300x300.jpg 300w, https:\/\/oasisfm935.com.ar\/site\/wp-content\/uploads\/2020\/08\/47806202-8741-49f2-a5c9-d2f930e5baa1-1024x1024.jpg 1024w, https:\/\/oasisfm935.com.ar\/site\/wp-content\/uploads\/2020\/08\/47806202-8741-49f2-a5c9-d2f930e5baa1-150x150.jpg 150w, https:\/\/oasisfm935.com.ar\/site\/wp-content\/uploads\/2020\/08\/47806202-8741-49f2-a5c9-d2f930e5baa1-768x768.jpg 768w\" sizes=\"(max-width: 1080px) 100vw, 1080px\" class=\"no-lazyload\" width=\"1080\" height=\"1080\"  style=\"display: inline-block;\" \/><\/div>","protected":false},"excerpt":{"rendered":"<p>&nbsp; El Ministerio de Desarrollo Social a trav\u00e9s de la Direcci\u00f3n de Adultos Mayores, llevar\u00e1 a cabo como en otras oportunidades un<\/p>\n","protected":false},"author":4,"featured_media":2226,"comment_status":"closed","ping_status":"open","sticky":false,"template":"","format":"standard","meta":{"colormag_page_layout":"default_layout","footnotes":""},"categories":[2],"tags":[],"class_list":["post-2225","post","type-post","status-publish","format-standard","has-post-thumbnail","hentry","category-noticias"],"_links":{"self":[{"href":"https:\/\/oasisfm935.com.ar\/site\/wp-json\/wp\/v2\/posts\/2225","targetHints":{"allow":["GET"]}}],"collection":[{"href":"https:\/\/oasisfm935.com.ar\/site\/wp-json\/wp\/v2\/posts"}],"about":[{"href":"https:\/\/oasisfm935.com.ar\/site\/wp-json\/wp\/v2\/types\/post"}],"author":[{"embeddable":true,"href":"https:\/\/oasisfm935.com.ar\/site\/wp-json\/wp\/v2\/users\/4"}],"replies":[{"embeddable":true,"href":"https:\/\/oasisfm935.com.ar\/site\/wp-json\/wp\/v2\/comments?post=2225"}],"version-history":[{"count":3,"href":"https:\/\/oasisfm935.com.ar\/site\/wp-json\/wp\/v2\/posts\/2225\/revisions"}],"predecessor-version":[{"id":2229,"href":"https:\/\/oasisfm935.com.ar\/site\/wp-json\/wp\/v2\/posts\/2225\/revisions\/2229"}],"wp:featuredmedia":[{"embeddable":true,"href":"https:\/\/oasisfm935.com.ar\/site\/wp-json\/wp\/v2\/media\/2226"}],"wp:attachment":[{"href":"https:\/\/oasisfm935.com.ar\/site\/wp-json\/wp\/v2\/media?parent=2225"}],"wp:term":[{"taxonomy":"category","embeddable":true,"href":"https:\/\/oasisfm935.com.ar\/site\/wp-json\/wp\/v2\/categories?post=2225"},{"taxonomy":"post_tag","embeddable":true,"href":"https:\/\/oasisfm935.com.ar\/site\/wp-json\/wp\/v2\/tags?post=2225"}],"curies":[{"name":"wp","href":"https:\/\/api.w.org\/{rel}","templated":true}]}}