{"id":2230,"date":"2019-07-02T18:20:43","date_gmt":"2019-07-02T21:20:43","guid":{"rendered":"http:\/\/oasisfm935.com\/site\/?p=2230"},"modified":"2019-07-02T18:20:43","modified_gmt":"2019-07-02T21:20:43","slug":"christine-lagarde-renuncio-temporalmente-como-directora-gerente-del-fmi","status":"publish","type":"post","link":"https:\/\/oasisfm935.com.ar\/site\/christine-lagarde-renuncio-temporalmente-como-directora-gerente-del-fmi\/","title":{"rendered":"Christine Lagarde renunci\u00f3 temporalmente como directora gerente del FMI"},"content":{"rendered":"<p>La funcionaria francesa fue nominada para presidir el Banco Central Europeo.<\/p>\n<p>\u00abNo cambia en nada ni la relaci\u00f3n con el Fondo ni el acuerdo\u00bb, aseguraron en el ministerio de Hacienda local.<\/p>\n<p>\u00abMe siento honrada de haber sido nominado para la presidencia del Banco Central Europeo. A la luz de esto, y en consulta con el Comit\u00e9 de \u00e9tica del Directorio Ejecutivo del FMI, he decidido renunciar temporalmente a mis responsabilidades como Directora Gerente del FMI durante el per\u00edodo de nominaci\u00f3n\u00bb.<\/p>\n<p>De esa manera, por Twitter, Christine Lagarde anunci\u00f3 hace minutos su alejamiento del Fondo. Se trata de una renuncia en condicional hasta que termine el proceso formal de elecci\u00f3n, pero ya habr\u00eda acuerdo en Europa para que asuma el cargo.<\/p>\n<p>Era algo esperable y era p\u00fablica su posible candidatura. La relaci\u00f3n es excelente con ella, pero tambi\u00e9n con David Lipton, que es su segundo. No habr\u00e1 impacto de ning\u00fan tipo (Hacienda)<\/p>\n<p>\u00abNo cambia en nada ni la relaci\u00f3n con el Fondo ni el acuerdo\u00bb, aseguraron en el ministerio de Hacienda local. \u00abEra algo esperable y era p\u00fablica su posible candidatura. La relaci\u00f3n es excelente con ella, pero tambi\u00e9n con David Lipton, que es su segundo. No habr\u00e1 impacto de ning\u00fan tipo\u00bb, detallaron. Ahora se espera que su reemplazo salga del acuerdo de los principales accionistas del FMI, EEUU, Alemania y Francia. \u00abCon todos tenemos excelente relaci\u00f3n\u00bb, afirmaron otras fuentes oficiales.<\/p>\n<p>Seg\u00fan pudo saber Infobae, se espera que el board del FMI \u2013que tiene pendiente a\u00fan una pr\u00f3xima revisi\u00f3n del acuerdo standby con Argentina\u2013 se re\u00fana pr\u00f3ximamente y que emitan un comunicado con mas detalles sobre los pr\u00f3ximos pasos que tomar\u00e1 el organismo si se confirma formalmente la salida de Lagarde.<\/p>\n<p>El nombre de la directora del FMI, tambi\u00e9n apareci\u00f3 en postulaciones anteriores que no se aceptaron debido a los desacuerdos sobre qui\u00e9n liderar\u00eda la comisi\u00f3n. La presidencia del brazo ejecutivo de la UE es el punto clave en la crisis porque requiere la aprobaci\u00f3n de un Parlamento Europeo rebelde y fragmentado.<\/p>\n<p>La postulaci\u00f3n de Lagarde lleg\u00f3 de la mano del presidente franc\u00e9s, Emmanuel Macron, quien intent\u00f3 romper hoy el estancamiento sobre el nombramiento de los puestos clave de la UE. En su propuesta, presentada en el tercer d\u00eda de negociaciones para decidir qui\u00e9n ocupa los puestos los pr\u00f3ximos cinco a\u00f1os, Macron propuso tambi\u00e9n a la ministra de Defensa alemana, Ursula von der<br \/>\nEl portavoz del primer ministro h\u00fangaro, Viktor Orban, dijo que su pa\u00eds apoya \u2013junto a la Rep\u00fablica Checa, Eslovaquia y Polonia\u2013 a Von der Leyen, que habla ingl\u00e9s y franc\u00e9s con fluidez y aspira a que Alemania alcance el requisito de la OTAN de gastar el 2% de su PIB en defensa.<\/p>\n<p>Los l\u00edderes est\u00e1n intentando equilibrar las afiliaciones pol\u00edticas, los variados intereses de las diferentes regiones y una evidente ausencia de mujeres en altos cargos en su intento por llenar los cinco cargos que quedar\u00e1n vacantes m\u00e1s adelante en el a\u00f1o.<\/p>\n<p>Tras la propuesta del presidente franc\u00e9s, una fuente dijo: \u00abLas cosas avanzan de manera fluida ahora\u00bb.<\/p>\n<p>Las conversaciones pusieron de manifiesto la creciente fragmentaci\u00f3n entre las 28 naciones que conforman la UE, cada vez m\u00e1s complicadas en sus intentos por acordar una plataforma com\u00fan en grandes retos como la inmigraci\u00f3n o el cambio clim\u00e1tico.<\/p>\n<p>Una fuente diplom\u00e1tica dijo que la canciller alemana, Angela Merkel, la l\u00edder m\u00e1s poderosa del bloque, se mostr\u00f3 \u00abmuy positiva\u00bb sobre la propuesta de Lagarde, una exministra de Finanzas de centroderecha. Tambi\u00e9n es probable que reciba con agrado la propuesta de Von der Leyen, adscrita al gobierno conservador de Merkel.<\/p>\n<p>Como ambas son de centroderecha, los candidatos socialistas deber\u00edan quedarse con el cargo de m\u00e1ximo diplom\u00e1tico de la UE y puestos secundarios en la Comisi\u00f3n, indicaron diplom\u00e1ticos. Entre los posibles nombres que se discut\u00edan el martes destacan el del holand\u00e9s Frans Timmermans, el espa\u00f1ol Josep Borrell, el eslovaco Maros Sefcovic y el b\u00falgaro Sergei Stanishev.<\/p>\n<div class=\"oasis-despues-del-contenido\" id=\"oasis-3879369336\"><img loading=\"lazy\" decoding=\"async\" src=\"https:\/\/oasisfm935.com.ar\/site\/wp-content\/uploads\/2020\/08\/47806202-8741-49f2-a5c9-d2f930e5baa1.jpg\" alt=\"\"  srcset=\"https:\/\/oasisfm935.com.ar\/site\/wp-content\/uploads\/2020\/08\/47806202-8741-49f2-a5c9-d2f930e5baa1.jpg 1080w, https:\/\/oasisfm935.com.ar\/site\/wp-content\/uploads\/2020\/08\/47806202-8741-49f2-a5c9-d2f930e5baa1-300x300.jpg 300w, https:\/\/oasisfm935.com.ar\/site\/wp-content\/uploads\/2020\/08\/47806202-8741-49f2-a5c9-d2f930e5baa1-1024x1024.jpg 1024w, https:\/\/oasisfm935.com.ar\/site\/wp-content\/uploads\/2020\/08\/47806202-8741-49f2-a5c9-d2f930e5baa1-150x150.jpg 150w, https:\/\/oasisfm935.com.ar\/site\/wp-content\/uploads\/2020\/08\/47806202-8741-49f2-a5c9-d2f930e5baa1-768x768.jpg 768w\" sizes=\"(max-width: 1080px) 100vw, 1080px\" class=\"no-lazyload\" width=\"1080\" height=\"1080\"  style=\"display: inline-block;\" \/><\/div>","protected":false},"excerpt":{"rendered":"<p>La funcionaria francesa fue nominada para presidir el Banco Central Europeo. \u00abNo cambia en nada ni la relaci\u00f3n con el Fondo ni<\/p>\n","protected":false},"author":4,"featured_media":2231,"comment_status":"closed","ping_status":"open","sticky":false,"template":"","format":"standard","meta":{"colormag_page_layout":"default_layout","footnotes":""},"categories":[2],"tags":[],"class_list":["post-2230","post","type-post","status-publish","format-standard","has-post-thumbnail","hentry","category-noticias"],"_links":{"self":[{"href":"https:\/\/oasisfm935.com.ar\/site\/wp-json\/wp\/v2\/posts\/2230","targetHints":{"allow":["GET"]}}],"collection":[{"href":"https:\/\/oasisfm935.com.ar\/site\/wp-json\/wp\/v2\/posts"}],"about":[{"href":"https:\/\/oasisfm935.com.ar\/site\/wp-json\/wp\/v2\/types\/post"}],"author":[{"embeddable":true,"href":"https:\/\/oasisfm935.com.ar\/site\/wp-json\/wp\/v2\/users\/4"}],"replies":[{"embeddable":true,"href":"https:\/\/oasisfm935.com.ar\/site\/wp-json\/wp\/v2\/comments?post=2230"}],"version-history":[{"count":1,"href":"https:\/\/oasisfm935.com.ar\/site\/wp-json\/wp\/v2\/posts\/2230\/revisions"}],"predecessor-version":[{"id":2232,"href":"https:\/\/oasisfm935.com.ar\/site\/wp-json\/wp\/v2\/posts\/2230\/revisions\/2232"}],"wp:featuredmedia":[{"embeddable":true,"href":"https:\/\/oasisfm935.com.ar\/site\/wp-json\/wp\/v2\/media\/2231"}],"wp:attachment":[{"href":"https:\/\/oasisfm935.com.ar\/site\/wp-json\/wp\/v2\/media?parent=2230"}],"wp:term":[{"taxonomy":"category","embeddable":true,"href":"https:\/\/oasisfm935.com.ar\/site\/wp-json\/wp\/v2\/categories?post=2230"},{"taxonomy":"post_tag","embeddable":true,"href":"https:\/\/oasisfm935.com.ar\/site\/wp-json\/wp\/v2\/tags?post=2230"}],"curies":[{"name":"wp","href":"https:\/\/api.w.org\/{rel}","templated":true}]}}