{"id":2233,"date":"2019-07-03T11:24:06","date_gmt":"2019-07-03T14:24:06","guid":{"rendered":"http:\/\/oasisfm935.com\/site\/?p=2233"},"modified":"2019-07-03T13:10:05","modified_gmt":"2019-07-03T16:10:05","slug":"zanoli-y-los-concejales-se-reunieron-con-la-gente-de-costa-brava-por-la-dificil-situacion-economica-del-club","status":"publish","type":"post","link":"https:\/\/oasisfm935.com.ar\/site\/zanoli-y-los-concejales-se-reunieron-con-la-gente-de-costa-brava-por-la-dificil-situacion-economica-del-club\/","title":{"rendered":"Zanoli y los concejales se reunieron con la gente de Costa Brava por la dif\u00edcil situaci\u00f3n econ\u00f3mica del club"},"content":{"rendered":"<div class=\"itemIntroText\">\n<p style=\"padding-left: 40px\"><strong>El intendente de Ingeniero Luiggi Oscar Zanoli junto a los concejales y Gustavo Salvadori, en representaci\u00f3n de la comisi\u00f3n del club Costa Brava, se reunieron anoche para abordar la compleja situaci\u00f3n econ\u00f3mica que est\u00e1 atravesando la instituci\u00f3n.<\/strong><\/p>\n<\/div>\n<div class=\"itemFullText\">\n<blockquote><p>Seg\u00fan lo informado, la deuda rondar\u00eda en 1.380.000 pesos, y desde el Municipio y el Concejo Deliberante se evalu\u00f3 alg\u00fan tipo de asistencia econ\u00f3mica para garantizar la continuidad de la Fiesta del Caballo y la Tradici\u00f3n.<\/p><\/blockquote>\n<p><strong>\u201cLas finanzas del club Costa Brava es un tema que nos preocupa, que estamos analizando\u00a0 y viendo como le buscamos la vuelta\u201d<\/strong>, explic\u00f3 Zanoli en di\u00e1logo con los medios locales.<\/p>\n<p>\u201cA ra\u00edz de la \u00faltima fiesta tal vez por la escasa concurrencia de p\u00fablico o no s\u00e9 por qu\u00e9 motivos, el club est\u00e1 con una deuda importante\u201d, indic\u00f3 el intendente.<\/p>\n<blockquote><p>\u201cLa situaci\u00f3n est\u00e1 dif\u00edcil para poder saldar esta deuda a partir de las entradas que vendan, estamos viendo c\u00f3mo le podemos dar una mano pero tomando todos los recaudos necesarios, porque son fondos p\u00fablicos\u201d, se\u00f1al\u00f3.<\/p><\/blockquote>\n<p>Zanoli explic\u00f3 \u201c<strong>esto es un aporte que gestion\u00f3 Patricia (Lavin) al gobierno de la provincia que baja al municipio y el municipio se lo da a una \u00a0instituci\u00f3n\u201d.<\/strong><\/p>\n<p><a href=\"http:\/\/oasisfm935.com\/site\/wp-content\/uploads\/2019\/07\/reunion_costa1.jpg\"><img loading=\"lazy\" decoding=\"async\" class=\"alignnone size-full wp-image-2235\" src=\"http:\/\/oasisfm935.com\/site\/wp-content\/uploads\/2019\/07\/reunion_costa1.jpg\" alt=\"\" width=\"1032\" height=\"581\" srcset=\"https:\/\/oasisfm935.com.ar\/site\/wp-content\/uploads\/2019\/07\/reunion_costa1.jpg 1032w, https:\/\/oasisfm935.com.ar\/site\/wp-content\/uploads\/2019\/07\/reunion_costa1-300x169.jpg 300w, https:\/\/oasisfm935.com.ar\/site\/wp-content\/uploads\/2019\/07\/reunion_costa1-768x432.jpg 768w, https:\/\/oasisfm935.com.ar\/site\/wp-content\/uploads\/2019\/07\/reunion_costa1-1024x576.jpg 1024w, https:\/\/oasisfm935.com.ar\/site\/wp-content\/uploads\/2019\/07\/reunion_costa1-678x381.jpg 678w\" sizes=\"auto, (max-width: 1032px) 100vw, 1032px\" \/><\/a><\/p>\n<blockquote><p>\u201cEn este momento el club tienen varios integrantes de la comisi\u00f3n que renunciaron asique la idea es hacer el llamado a asamblea y ver c\u00f3mo nos ponemos de acuerdo y en la medida de lo posible darle una mano a la instituci\u00f3n.<\/p><\/blockquote>\n<p><strong>\u201cNosotros queremos ver bien de cu\u00e1nto es la deuda para ver de cu\u00e1nto es el subsidio que se le va a solicitar a la provincia, yo no soy socio de Costa para opinar, pero entiendo que la Fiesta del Caballo ya excede a la instituci\u00f3n, es de todo el pueblo y nos representa a todos\u201d<\/strong>, indic\u00f3 el jefe comunal.<strong><br \/>\n<\/strong><\/p>\n<blockquote><p>\u00abSi bien es importante que se pueda hacer frente a la deuda que tiene la instituci\u00f3n en la actualidad, es tambi\u00e9n muy importante\u00a0 que la pr\u00f3xima Fiesta del Caballo se pueda realizar, porque como luiggense me doler\u00eda mucho que no se hiciera\u00bb, se\u00f1al\u00f3 Zanoli.<\/p><\/blockquote>\n<p><strong>\u00abPor eso se le pidi\u00f3 a Gustavo Salvadori que es integrante de la comisi\u00f3n actual que acerque un listado de deuda y que est\u00e9 certificado por los miembros que integran la comisi\u00f3n<\/strong>\u00ab, se\u00f1al\u00f3.<\/p>\n<p><a href=\"http:\/\/oasisfm935.com\/site\/wp-content\/uploads\/2019\/07\/reunion_costa_2.jpg\"><img loading=\"lazy\" decoding=\"async\" class=\"alignnone size-full wp-image-2236\" src=\"http:\/\/oasisfm935.com\/site\/wp-content\/uploads\/2019\/07\/reunion_costa_2.jpg\" alt=\"\" width=\"1032\" height=\"581\" srcset=\"https:\/\/oasisfm935.com.ar\/site\/wp-content\/uploads\/2019\/07\/reunion_costa_2.jpg 1032w, https:\/\/oasisfm935.com.ar\/site\/wp-content\/uploads\/2019\/07\/reunion_costa_2-300x169.jpg 300w, https:\/\/oasisfm935.com.ar\/site\/wp-content\/uploads\/2019\/07\/reunion_costa_2-768x432.jpg 768w, https:\/\/oasisfm935.com.ar\/site\/wp-content\/uploads\/2019\/07\/reunion_costa_2-1024x576.jpg 1024w, https:\/\/oasisfm935.com.ar\/site\/wp-content\/uploads\/2019\/07\/reunion_costa_2-678x381.jpg 678w\" sizes=\"auto, (max-width: 1032px) 100vw, 1032px\" \/><\/a><\/p>\n<blockquote><p>\u201cLo que necesitamos es que cuando se llame a Asamblea, \u00a0la gente que quiere al club y la fiesta, participe, y despu\u00e9s lograr entre todos el Estado, la instituci\u00f3n, sanear esta fiesta y que \u00a0se le de un marco de organizaci\u00f3n y transparencia en el manejo de estos fondos que son de todos los pampeanos, de los luiggenses y que esta fiesta se pueda seguir haciendo\u201d, explic\u00f3.<\/p><\/blockquote>\n<p>&#8211;<strong>\u00bfEstuviste en comunicaci\u00f3n con el presidente Roberto Monge?<\/strong><\/p>\n<p>-Yo estoy en contacto tanto con Roberto Monge como con Gustavo Salvadori y la situaci\u00f3n que me manifiestan es que est\u00e1n con un problema, hay algunos cheques que vinieron de vuelta.<\/p>\n<blockquote><p><strong>\u201cTanto desde el Ejecutivo como del Concejo Deliberante queremos saber que la deuda que pagamos sea realmente de la Fiesta del Caballo, por eso le pedimos este listado para saber a qu\u00e9 proveedores \u00a0se les debe y que lo certifiquen los actuales integrantes de la Comisi\u00f3n\u201d,<\/strong>explic\u00f3 el jefe comunal.<\/p><\/blockquote>\n<p>\u201cLa idea es analizar ese listado entre el Ejecutivo Municipal y los concejales, que estemos todos de acuerdo y pagar de acuerdo al dinero que se consiga, en partes iguales a cada proveedor\u00bb, expres\u00f3 el intendente.<\/p>\n<p><a href=\"http:\/\/oasisfm935.com\/site\/wp-content\/uploads\/2019\/07\/reunion_costa_3.jpg\"><img loading=\"lazy\" decoding=\"async\" class=\"alignnone size-full wp-image-2237\" src=\"http:\/\/oasisfm935.com\/site\/wp-content\/uploads\/2019\/07\/reunion_costa_3.jpg\" alt=\"\" width=\"1280\" height=\"720\" srcset=\"https:\/\/oasisfm935.com.ar\/site\/wp-content\/uploads\/2019\/07\/reunion_costa_3.jpg 1280w, https:\/\/oasisfm935.com.ar\/site\/wp-content\/uploads\/2019\/07\/reunion_costa_3-300x169.jpg 300w, https:\/\/oasisfm935.com.ar\/site\/wp-content\/uploads\/2019\/07\/reunion_costa_3-768x432.jpg 768w, https:\/\/oasisfm935.com.ar\/site\/wp-content\/uploads\/2019\/07\/reunion_costa_3-1024x576.jpg 1024w, https:\/\/oasisfm935.com.ar\/site\/wp-content\/uploads\/2019\/07\/reunion_costa_3-678x381.jpg 678w\" sizes=\"auto, (max-width: 1280px) 100vw, 1280px\" \/><\/a><\/p>\n<blockquote><p>\u201cLo m\u00e1s importante es que se consiga gente para armar una buena comisi\u00f3n, comenzar a organizar la pr\u00f3xima fiesta y lograr algunos fondos para la pr\u00f3xima edici\u00f3n que tiene un costo muy elevado, si la queremos seguir ofreciendo grandes artistas como nos tiene acostumbrados el club\u00bb, cerr\u00f3.<\/p><\/blockquote>\n<p><strong>\u00a0COBERTURA FM OASIS<\/strong><\/p>\n<p><strong>\u00a0\u00a0\u00a0\u00a0\u00a0\u00a0\u00a0\u00a0\u00a0\u00a0\u00a0\u00a0\u00a0\u00a0\u00a0\u00a0\u00a0\u00a0\u00a0\u00a0\u00a0\u00a0\u00a0\u00a0\u00a0\u00a0\u00a0\u00a0\u00a0\u00a0\u00a0\u00a0\u00a0\u00a0\u00a0\u00a0\u00a0\u00a0\u00a0\u00a0\u00a0\u00a0\u00a0\u00a0\u00a0\u00a0\u00a0\u00a0\u00a0\u00a0\u00a0\u00a0\u00a0\u00a0\u00a0\u00a0\u00a0\u00a0\u00a0\u00a0\u00a0\u00a0\u00a0\u00a0\u00a0\u00a0\u00a0\u00a0\u00a0\u00a0\u00a0\u00a0\u00a0\u00a0\u00a0 REDACCION ZONAL\u00a0 NOTICIAS<\/strong><\/p>\n<\/div>\n<div class=\"oasis-despues-del-contenido\" id=\"oasis-797559247\"><img loading=\"lazy\" decoding=\"async\" src=\"https:\/\/oasisfm935.com.ar\/site\/wp-content\/uploads\/2020\/08\/47806202-8741-49f2-a5c9-d2f930e5baa1.jpg\" alt=\"\"  srcset=\"https:\/\/oasisfm935.com.ar\/site\/wp-content\/uploads\/2020\/08\/47806202-8741-49f2-a5c9-d2f930e5baa1.jpg 1080w, https:\/\/oasisfm935.com.ar\/site\/wp-content\/uploads\/2020\/08\/47806202-8741-49f2-a5c9-d2f930e5baa1-300x300.jpg 300w, https:\/\/oasisfm935.com.ar\/site\/wp-content\/uploads\/2020\/08\/47806202-8741-49f2-a5c9-d2f930e5baa1-1024x1024.jpg 1024w, https:\/\/oasisfm935.com.ar\/site\/wp-content\/uploads\/2020\/08\/47806202-8741-49f2-a5c9-d2f930e5baa1-150x150.jpg 150w, https:\/\/oasisfm935.com.ar\/site\/wp-content\/uploads\/2020\/08\/47806202-8741-49f2-a5c9-d2f930e5baa1-768x768.jpg 768w\" sizes=\"(max-width: 1080px) 100vw, 1080px\" class=\"no-lazyload\" width=\"1080\" height=\"1080\"  style=\"display: inline-block;\" \/><\/div>","protected":false},"excerpt":{"rendered":"<p>El intendente de Ingeniero Luiggi Oscar Zanoli junto a los concejales y Gustavo Salvadori, en representaci\u00f3n de la comisi\u00f3n del club Costa<\/p>\n","protected":false},"author":4,"featured_media":2239,"comment_status":"closed","ping_status":"open","sticky":false,"template":"","format":"standard","meta":{"colormag_page_layout":"default_layout","footnotes":""},"categories":[2],"tags":[],"class_list":["post-2233","post","type-post","status-publish","format-standard","has-post-thumbnail","hentry","category-noticias"],"_links":{"self":[{"href":"https:\/\/oasisfm935.com.ar\/site\/wp-json\/wp\/v2\/posts\/2233","targetHints":{"allow":["GET"]}}],"collection":[{"href":"https:\/\/oasisfm935.com.ar\/site\/wp-json\/wp\/v2\/posts"}],"about":[{"href":"https:\/\/oasisfm935.com.ar\/site\/wp-json\/wp\/v2\/types\/post"}],"author":[{"embeddable":true,"href":"https:\/\/oasisfm935.com.ar\/site\/wp-json\/wp\/v2\/users\/4"}],"replies":[{"embeddable":true,"href":"https:\/\/oasisfm935.com.ar\/site\/wp-json\/wp\/v2\/comments?post=2233"}],"version-history":[{"count":2,"href":"https:\/\/oasisfm935.com.ar\/site\/wp-json\/wp\/v2\/posts\/2233\/revisions"}],"predecessor-version":[{"id":2240,"href":"https:\/\/oasisfm935.com.ar\/site\/wp-json\/wp\/v2\/posts\/2233\/revisions\/2240"}],"wp:featuredmedia":[{"embeddable":true,"href":"https:\/\/oasisfm935.com.ar\/site\/wp-json\/wp\/v2\/media\/2239"}],"wp:attachment":[{"href":"https:\/\/oasisfm935.com.ar\/site\/wp-json\/wp\/v2\/media?parent=2233"}],"wp:term":[{"taxonomy":"category","embeddable":true,"href":"https:\/\/oasisfm935.com.ar\/site\/wp-json\/wp\/v2\/categories?post=2233"},{"taxonomy":"post_tag","embeddable":true,"href":"https:\/\/oasisfm935.com.ar\/site\/wp-json\/wp\/v2\/tags?post=2233"}],"curies":[{"name":"wp","href":"https:\/\/api.w.org\/{rel}","templated":true}]}}