{"id":2244,"date":"2019-07-04T14:32:43","date_gmt":"2019-07-04T17:32:43","guid":{"rendered":"http:\/\/oasisfm935.com\/site\/?p=2244"},"modified":"2019-07-04T14:32:43","modified_gmt":"2019-07-04T17:32:43","slug":"el-concejal-y-miembro-del-club-costa-brava-gustavo-salvadori-hablo-sobre-la-deuda-de-la-institucion","status":"publish","type":"post","link":"https:\/\/oasisfm935.com.ar\/site\/el-concejal-y-miembro-del-club-costa-brava-gustavo-salvadori-hablo-sobre-la-deuda-de-la-institucion\/","title":{"rendered":"El concejal y miembro del club Costa Brava Gustavo Salvadori habl\u00f3 sobre la deuda de la instituci\u00f3n"},"content":{"rendered":"<div class=\"itemIntroText\">\n<p><strong>El concejal\u00a0 y miembro del club Costa Brava Gustavo Salvadori habl\u00f3 sobre la deuda de la instituci\u00f3n<\/strong>\u00a0y destac\u00f3<strong>\u00a0\u201cel deseo en lo personal y de nuestro bloque es poder pagar esta deuda, regularizar la situaci\u00f3n del club y que se forme la nueva comisi\u00f3n\u201d.<\/strong><\/p>\n<\/div>\n<div class=\"itemFullText\">\n<p>\u00a0El presidente del bloque radical dialog\u00f3 con<strong>\u00a0Zonal Noticias<\/strong>\u00a0y explic\u00f3 que la reuni\u00f3n del martes la convoc\u00f3 el Concejo Deliberante y\u00a0\u00a0se invit\u00f3 al intendente municipal Oscar Zanoli para abordar este tema de la deuda que tiene el club Costa Brava.\u00a0<strong>\u00abDio la casualidad que adem\u00e1s de concejal, integro la comisi\u00f3n del club Costa Brava, pero fue una reuni\u00f3n entre el Concejo y el intendente<\/strong>\u00ab,indic\u00f3.<\/p>\n<\/div>\n<p><strong>\u00abEn la charla se abord\u00f3 el tema de esta deuda, los movimientos del club, y la Asamblea que se viene a fines de julio\u00bb,<\/strong>\u00a0se\u00f1al\u00f3 el edil.<\/p>\n<blockquote><p>Salvadori destac\u00f3 \u00abla opini\u00f3n personal y de nuestro bloque fue que el dinero que ingrese de provincia que es aproximadamente un mill\u00f3n de pesos, no tendr\u00eda que pasar por el Concejo, aunque\u00a0 s\u00ed tenemos que exigir que el club tenga su documentaci\u00f3n en regla, en cuanto a balances y su comisi\u00f3n formada con todos sus integrantes\u00bb.<\/p><\/blockquote>\n<p><strong>\u201cPero no podemos involucrarnos dentro del club en su manejo administrativo, ni en las deudas ni en los papeles, s\u00f3lo exigirle lo que le exige Personer\u00eda Jur\u00eddica\u00bb,\u00a0<\/strong>explic\u00f3.<\/p>\n<blockquote><p>Salvadori habl\u00f3 tambi\u00e9n como miembro de la comisi\u00f3n directiva del club y se\u00f1al\u00f3 \u00abahora como integrante del club te puedo decir que el a\u00f1o pasado hubo renuncias en puestos fundamentales como tesorer\u00eda, revisor de cuentas y vocales, \u00a0se mandaron a Personer\u00eda Jur\u00edrica las renuncias de estos integrantes y esa gente se reemplaz\u00f3 por colaboradores que est\u00e1n yendo al club, pero que no est\u00e1n en la comisi\u00f3n\u00bb.<\/p>\n<p><strong>\u00abHoy el club no tiene la personer\u00eda jur\u00eddica ca\u00edda, s\u00ed est\u00e1 adeudando el balance del a\u00f1o pasado y el de este a\u00f1o que se vence el 31 de julio\u00bb,<\/strong>\u00a0explic\u00f3.<\/p>\n<p>En este sentido indic\u00f3 que \u00abel balance del a\u00f1o pasado ya est\u00e1 hecho por un estudio contable del medio y el de este a\u00f1o se est\u00e1 terminando para presentarlo antes del 31 de julio para tener todos los papeles en\u00a0 regla\u00bb.<\/p>\n<p>\u00abA partir de ah\u00ed se pide la fecha de la Asamblea que los medios locales podr\u00e1n informar, para quienes quieran integrar la\u00a0 nueva comisi\u00f3n\u00bb, coment\u00f3.<\/p>\n<blockquote><p>En relaci\u00f3n a los n\u00fameros del club, Salvadori inform\u00f3 que hay\u00a0<strong>una deuda con esta \u00faltima fiesta que ronda el 1.400.0000 o 1.500.000 pesos.<\/strong><\/p><\/blockquote>\n<p>Aclar\u00f3 que\u00a0 \u201c<strong>se pag\u00f3 mayoritariamente la deuda local y qued\u00f3 una deuda con lo que es la jineteada porque involucraba cerca de 2 millones de pesos, de los cuales se pudo cubrir los pagos a los jinetes y fletes, el resto qued\u00f3 con un plazo hasta agosto\u201d.<\/strong><\/p>\n<p>\u201cOtro a\u00f1o el club \u00a0pudo pagar en efectivo porque la fiesta anduvo bien pero este a\u00f1o se pag\u00f3 con valores\u201d, explic\u00f3.<\/p>\n<blockquote><p>\u201cHoy han cheques que han vuelto y ya se ha hablado con la gente de las tropillas que\u00a0 entendieron en parte la situaci\u00f3n, se est\u00e1\u00a0 buscando un plazo para renegociar esa deuda, pero no hay nadie enojado o molesto por \u00e9sto\u201d.<\/p><\/blockquote>\n<p><strong>\u201cEn las \u00faltima fiesta nos fall\u00f3 una cierta cantidad de gente tanto el s\u00e1bado como el domingo y eso nos ocasion\u00f3 un ingreso menor de dinero\u201d<\/strong>, se\u00f1al\u00f3.<\/p>\n<p>\u201cErrores hay como en todos lados, cosas por mejorar much\u00edsimas y esperemos que la comisi\u00f3n que se forme, trabaje en conjunto para mejorar aquello que est\u00e1 mal\u201d, indic\u00f3.<\/p>\n<p><strong>Actividades deportivas<\/strong><\/p>\n<blockquote><p>Salvadori coment\u00f3 que m\u00e1s all\u00e1 de esta deuda, el club est\u00e1 trabajando muy bien con distintas actividades deportivas como es el hockey, pat\u00edn art\u00edstico, boxeo y el f\u00fatbol femenino que se sum\u00f3 este a\u00f1o y est\u00e1 haciendo un gran campeonato.<\/p><\/blockquote>\n<p>\u201cObviamente que vamos consiguiendo lo necesario para que estos deportes se sigan desarrollando en el club\u201d, se\u00f1al\u00f3.<\/p>\n<p><strong>\u201cLa Fiesta del Caballo es un anexo\u00a0 m\u00e1s del Club Costa Brava, pero es la parte m\u00e1s importante en cuanto a los costos de dinero\u00a0 que insume\u201d,<\/strong>\u00a0aclar\u00f3.<\/p>\n<blockquote><p>Por \u00faltimo agradeci\u00f3 a toda la gente que participa de la Fiesta, \u00abcompra la entrada anticipada\u00bb, y tambi\u00e9n agradeci\u00f3 \u00aba la gente que est\u00e1 todo el a\u00f1o y sigue viniendo al club\u00bb.<\/p><\/blockquote>\n<p>\u00abEl deseo es que se regularice la situaci\u00f3n, que la gente\u00a0 participe de la Asamblea, se forme la nueva comisi\u00f3n y se ponga fin a esta deuda porque hay que cumplirle\u00a0 a la gente\u00bb, cerr\u00f3.<\/p><\/blockquote>\n<p>&nbsp;<\/p>\n<p>fuente zonal noticias<\/p>\n<div class=\"oasis-despues-del-contenido\" id=\"oasis-1801324793\"><img loading=\"lazy\" decoding=\"async\" src=\"https:\/\/oasisfm935.com.ar\/site\/wp-content\/uploads\/2020\/08\/47806202-8741-49f2-a5c9-d2f930e5baa1.jpg\" alt=\"\"  srcset=\"https:\/\/oasisfm935.com.ar\/site\/wp-content\/uploads\/2020\/08\/47806202-8741-49f2-a5c9-d2f930e5baa1.jpg 1080w, https:\/\/oasisfm935.com.ar\/site\/wp-content\/uploads\/2020\/08\/47806202-8741-49f2-a5c9-d2f930e5baa1-300x300.jpg 300w, https:\/\/oasisfm935.com.ar\/site\/wp-content\/uploads\/2020\/08\/47806202-8741-49f2-a5c9-d2f930e5baa1-1024x1024.jpg 1024w, https:\/\/oasisfm935.com.ar\/site\/wp-content\/uploads\/2020\/08\/47806202-8741-49f2-a5c9-d2f930e5baa1-150x150.jpg 150w, https:\/\/oasisfm935.com.ar\/site\/wp-content\/uploads\/2020\/08\/47806202-8741-49f2-a5c9-d2f930e5baa1-768x768.jpg 768w\" sizes=\"(max-width: 1080px) 100vw, 1080px\" class=\"no-lazyload\" width=\"1080\" height=\"1080\"  style=\"display: inline-block;\" \/><\/div>","protected":false},"excerpt":{"rendered":"<p>El concejal\u00a0 y miembro del club Costa Brava Gustavo Salvadori habl\u00f3 sobre la deuda de la instituci\u00f3n\u00a0y destac\u00f3\u00a0\u201cel deseo en lo personal<\/p>\n","protected":false},"author":4,"featured_media":2245,"comment_status":"closed","ping_status":"open","sticky":false,"template":"","format":"standard","meta":{"colormag_page_layout":"default_layout","footnotes":""},"categories":[2],"tags":[],"class_list":["post-2244","post","type-post","status-publish","format-standard","has-post-thumbnail","hentry","category-noticias"],"_links":{"self":[{"href":"https:\/\/oasisfm935.com.ar\/site\/wp-json\/wp\/v2\/posts\/2244","targetHints":{"allow":["GET"]}}],"collection":[{"href":"https:\/\/oasisfm935.com.ar\/site\/wp-json\/wp\/v2\/posts"}],"about":[{"href":"https:\/\/oasisfm935.com.ar\/site\/wp-json\/wp\/v2\/types\/post"}],"author":[{"embeddable":true,"href":"https:\/\/oasisfm935.com.ar\/site\/wp-json\/wp\/v2\/users\/4"}],"replies":[{"embeddable":true,"href":"https:\/\/oasisfm935.com.ar\/site\/wp-json\/wp\/v2\/comments?post=2244"}],"version-history":[{"count":1,"href":"https:\/\/oasisfm935.com.ar\/site\/wp-json\/wp\/v2\/posts\/2244\/revisions"}],"predecessor-version":[{"id":2246,"href":"https:\/\/oasisfm935.com.ar\/site\/wp-json\/wp\/v2\/posts\/2244\/revisions\/2246"}],"wp:featuredmedia":[{"embeddable":true,"href":"https:\/\/oasisfm935.com.ar\/site\/wp-json\/wp\/v2\/media\/2245"}],"wp:attachment":[{"href":"https:\/\/oasisfm935.com.ar\/site\/wp-json\/wp\/v2\/media?parent=2244"}],"wp:term":[{"taxonomy":"category","embeddable":true,"href":"https:\/\/oasisfm935.com.ar\/site\/wp-json\/wp\/v2\/categories?post=2244"},{"taxonomy":"post_tag","embeddable":true,"href":"https:\/\/oasisfm935.com.ar\/site\/wp-json\/wp\/v2\/tags?post=2244"}],"curies":[{"name":"wp","href":"https:\/\/api.w.org\/{rel}","templated":true}]}}