{"id":2247,"date":"2019-07-04T17:32:52","date_gmt":"2019-07-04T20:32:52","guid":{"rendered":"http:\/\/oasisfm935.com\/site\/?p=2247"},"modified":"2019-07-04T17:32:52","modified_gmt":"2019-07-04T20:32:52","slug":"la-legislatura-aprobo-el-pase-a-planta-de-mas-de-1-500-empleados","status":"publish","type":"post","link":"https:\/\/oasisfm935.com.ar\/site\/la-legislatura-aprobo-el-pase-a-planta-de-mas-de-1-500-empleados\/","title":{"rendered":"La Legislatura aprob\u00f3 el pase a planta de m\u00e1s de 1.500 empleados"},"content":{"rendered":"<p>La C\u00e1mara de Diputados aprob\u00f3 en la sesi\u00f3n de este jueves\u00a0<strong>el pase a planta permanente de 1.531 contratados que ya desarrollaban tareas en alguno de los tres poderes de la provincia<\/strong>.<\/p>\n<p>A pesar de los cruces entre oficialistas y opositores durante el debate,\u00a0<strong>el proyecto fue aprobado por unanimidad<\/strong>. Esta medida beneficiar\u00e1 al personal contratado que tenga antig\u00fcedad de al menos seis meses de prestaci\u00f3n de servicios en la administraci\u00f3n p\u00fablica provincial.<\/p>\n<p>La diputada\u00a0<strong>Claudia Godoy (PJ)<\/strong>\u00a0remarc\u00f3 que \u00aba los efectos de garantizar la permanencia y estabilidad de ese personal contratado,\u00a0<strong>se hace necesario dictar el marco legal que permita, cumplidos los requisitos pertinentes, proceder a su nombramiento<\/strong>\u00a0y con \u00e9l, al acceso a importantes derechos que como contratado no tiene\u201d.<\/p>\n<p>Tambi\u00e9n argument\u00f3 que la incorporaci\u00f3n de los contratados no afectar\u00e1 a la planta permanente, dado que se trata de \u201cun personal que ha venido cubriendo en sus funciones a quienes han dejado de pertenecer a la planta permanente por distintas razones y es un personal que cuenta con la vacante respectiva\u00bb.<\/p>\n<p>La intervenci\u00f3n del diputado\u00a0<strong>H\u00e9ctor Fazzini (MoFePa\/Cambiemos)<\/strong>\u00a0gener\u00f3 pol\u00e9mica: sostuvo que esta norma es\u00a0<strong>\u201cclientelismo pol\u00edtico de cada gobierno ante un proceso electoral\u201d<\/strong>\u00a0y reclam\u00f3 conocer \u201ccu\u00e1l es el n\u00famero de empleados p\u00fablicos con los que cuenta el Estado provincial, algo que el gobierno oculta o directamente no lo sabe\u201d, De todos modos, adelant\u00f3 su voto positivo.<\/p>\n<p><strong>Jorge Lezcano (PJ)<\/strong>\u00a0sali\u00f3 al cruce del diputado por el MoFePa: \u201cLo que ha pasado ac\u00e1 es que, como ocurre cada vez que se produce un desfasaje en la administraci\u00f3n p\u00fablica nacional, el Estado provincial toma cartas en el asunto resolvi\u00e9ndolo\u201d y asegur\u00f3 que\u00a0<strong>el Estado provincial \u00absale a rescatar\u00bb a los trabajadores que se ven afectados por las medidas nacionales<\/strong>. Ante la insistencia de Fazzini preguntando cu\u00e1l es el n\u00famero de trabajadores fijos en el Estado, Lezcano respondi\u00f3 \u201ctodos los posibles que hayan perdido la dignidad del empleo por responsabilidad de Macri\u201d.<\/p>\n<p>Luego, el diputado\u00a0<strong>Maximiliano Aliaga (Cambiemos)<\/strong>\u00a0reclam\u00f3 por el congelamiento de a\u00f1os del escalaf\u00f3n provincial.<\/p>\n<p>Otro que respondi\u00f3 a la intervenci\u00f3n de Fazzini fue el diputado\u00a0<strong>Roberto Robledo (PJ)<\/strong>: argument\u00f3 que el estado Nacional no le ha cumplido en nada a La Pampa, atacando as\u00ed al federalismo. \u201cEl gobierno provincial \u2013dijo- s\u00f3lo trata de cubrir baches, pero siempre quedando a la espera de que Naci\u00f3n cumpla\u201d y lament\u00f3 que\u00a0<strong>\u201cpor culpa del gobierno de Macri hoy hasta los que tienen un empleo formal pueden acceder a la canasta b\u00e1sica de alimentos\u201d<\/strong>.<\/p>\n<p>La ley, finalmente, fue aprobada por unanimidad.<\/p>\n<div class=\"oasis-despues-del-contenido\" id=\"oasis-349923773\"><img loading=\"lazy\" decoding=\"async\" src=\"https:\/\/oasisfm935.com.ar\/site\/wp-content\/uploads\/2020\/08\/47806202-8741-49f2-a5c9-d2f930e5baa1.jpg\" alt=\"\"  srcset=\"https:\/\/oasisfm935.com.ar\/site\/wp-content\/uploads\/2020\/08\/47806202-8741-49f2-a5c9-d2f930e5baa1.jpg 1080w, https:\/\/oasisfm935.com.ar\/site\/wp-content\/uploads\/2020\/08\/47806202-8741-49f2-a5c9-d2f930e5baa1-300x300.jpg 300w, https:\/\/oasisfm935.com.ar\/site\/wp-content\/uploads\/2020\/08\/47806202-8741-49f2-a5c9-d2f930e5baa1-1024x1024.jpg 1024w, https:\/\/oasisfm935.com.ar\/site\/wp-content\/uploads\/2020\/08\/47806202-8741-49f2-a5c9-d2f930e5baa1-150x150.jpg 150w, https:\/\/oasisfm935.com.ar\/site\/wp-content\/uploads\/2020\/08\/47806202-8741-49f2-a5c9-d2f930e5baa1-768x768.jpg 768w\" sizes=\"(max-width: 1080px) 100vw, 1080px\" class=\"no-lazyload\" width=\"1080\" height=\"1080\"  style=\"display: inline-block;\" \/><\/div>","protected":false},"excerpt":{"rendered":"<p>La C\u00e1mara de Diputados aprob\u00f3 en la sesi\u00f3n de este jueves\u00a0el pase a planta permanente de 1.531 contratados que ya desarrollaban tareas<\/p>\n","protected":false},"author":4,"featured_media":2248,"comment_status":"closed","ping_status":"open","sticky":false,"template":"","format":"standard","meta":{"colormag_page_layout":"default_layout","footnotes":""},"categories":[2],"tags":[],"class_list":["post-2247","post","type-post","status-publish","format-standard","has-post-thumbnail","hentry","category-noticias"],"_links":{"self":[{"href":"https:\/\/oasisfm935.com.ar\/site\/wp-json\/wp\/v2\/posts\/2247","targetHints":{"allow":["GET"]}}],"collection":[{"href":"https:\/\/oasisfm935.com.ar\/site\/wp-json\/wp\/v2\/posts"}],"about":[{"href":"https:\/\/oasisfm935.com.ar\/site\/wp-json\/wp\/v2\/types\/post"}],"author":[{"embeddable":true,"href":"https:\/\/oasisfm935.com.ar\/site\/wp-json\/wp\/v2\/users\/4"}],"replies":[{"embeddable":true,"href":"https:\/\/oasisfm935.com.ar\/site\/wp-json\/wp\/v2\/comments?post=2247"}],"version-history":[{"count":1,"href":"https:\/\/oasisfm935.com.ar\/site\/wp-json\/wp\/v2\/posts\/2247\/revisions"}],"predecessor-version":[{"id":2249,"href":"https:\/\/oasisfm935.com.ar\/site\/wp-json\/wp\/v2\/posts\/2247\/revisions\/2249"}],"wp:featuredmedia":[{"embeddable":true,"href":"https:\/\/oasisfm935.com.ar\/site\/wp-json\/wp\/v2\/media\/2248"}],"wp:attachment":[{"href":"https:\/\/oasisfm935.com.ar\/site\/wp-json\/wp\/v2\/media?parent=2247"}],"wp:term":[{"taxonomy":"category","embeddable":true,"href":"https:\/\/oasisfm935.com.ar\/site\/wp-json\/wp\/v2\/categories?post=2247"},{"taxonomy":"post_tag","embeddable":true,"href":"https:\/\/oasisfm935.com.ar\/site\/wp-json\/wp\/v2\/tags?post=2247"}],"curies":[{"name":"wp","href":"https:\/\/api.w.org\/{rel}","templated":true}]}}