{"id":225,"date":"2019-01-05T23:30:33","date_gmt":"2019-01-06T02:30:33","guid":{"rendered":"http:\/\/oasisfm935.com\/site\/?p=225"},"modified":"2019-01-08T12:30:10","modified_gmt":"2019-01-08T15:30:10","slug":"nuevo-movil-policial-en-caleufu","status":"publish","type":"post","link":"https:\/\/oasisfm935.com.ar\/site\/nuevo-movil-policial-en-caleufu\/","title":{"rendered":"Nuevo m\u00f3vil policial en Caleuf\u00fa"},"content":{"rendered":"<div class=\"itemIntroText\">\n<p>Se trata de una Ford Ranger XLT 0 kil\u00f3metro.\u00a0La provincia, desde el Ministerio de Seguridad, entreg\u00f3 una camioneta nueva\u00a0para la polic\u00eda de la vecina localidad.<\/p>\n<\/div>\n<div class=\"itemFullText\">\n<p>La entrega se realiz\u00f3\u00a0en la Escuela de Polic\u00eda de La Pampa, con la presencia del ministro de Seguridad, Julio Gonz\u00e1lez; el subsecretario de Protecci\u00f3n Ciudadana, Lisandro Ranocchia; el subsecretario de Prevenci\u00f3n de Adicciones y Lucha contra el Narcotr\u00e1fico, Agust\u00edn Garc\u00eda; el jefe de Polic\u00eda, Roberto Ayala; intendentes y dem\u00e1s autoridades policiales.<\/p>\n<p>Este viernes el Comando de Jefatura dispuso el destino de las pick up a distintas comisar\u00edas departamentales.<\/p>\n<p>Ayer, el intendente <strong>Oscar Baras\u00a0junto al Comisario Javier Reche, recibieron la nueva patrulla 0 Km totalmente equipada para las exigencias de la extensa zona de esta Departamental.<\/strong><\/p>\n<blockquote><p>Baras dijo: \u201cHoy por la ma\u00f1ana nos hicieron entrega de una unidad para la Comisar\u00eda Departamental Local, Muchas Gracias al Gobierno Provincial y\u00a0felicitaciones\u00a0a todo el equipo policial de nuestra localidad\u201d.<br \/>\n\u201cSeguimos trabajado para un Caleuf\u00fa de todos y para todos\u201d cerr\u00f3 en intendente vecino.<\/p><\/blockquote>\n<\/div>\n<div class=\"oasis-despues-del-contenido\" id=\"oasis-2038910163\"><img loading=\"lazy\" decoding=\"async\" src=\"https:\/\/oasisfm935.com.ar\/site\/wp-content\/uploads\/2020\/08\/47806202-8741-49f2-a5c9-d2f930e5baa1.jpg\" alt=\"\"  srcset=\"https:\/\/oasisfm935.com.ar\/site\/wp-content\/uploads\/2020\/08\/47806202-8741-49f2-a5c9-d2f930e5baa1.jpg 1080w, https:\/\/oasisfm935.com.ar\/site\/wp-content\/uploads\/2020\/08\/47806202-8741-49f2-a5c9-d2f930e5baa1-300x300.jpg 300w, https:\/\/oasisfm935.com.ar\/site\/wp-content\/uploads\/2020\/08\/47806202-8741-49f2-a5c9-d2f930e5baa1-1024x1024.jpg 1024w, https:\/\/oasisfm935.com.ar\/site\/wp-content\/uploads\/2020\/08\/47806202-8741-49f2-a5c9-d2f930e5baa1-150x150.jpg 150w, https:\/\/oasisfm935.com.ar\/site\/wp-content\/uploads\/2020\/08\/47806202-8741-49f2-a5c9-d2f930e5baa1-768x768.jpg 768w\" sizes=\"(max-width: 1080px) 100vw, 1080px\" class=\"no-lazyload\" width=\"1080\" height=\"1080\"  style=\"display: inline-block;\" \/><\/div>","protected":false},"excerpt":{"rendered":"<p>Se trata de una Ford Ranger XLT 0 kil\u00f3metro.\u00a0La provincia, desde el Ministerio de Seguridad, entreg\u00f3 una camioneta nueva\u00a0para la polic\u00eda de<\/p>\n","protected":false},"author":2,"featured_media":226,"comment_status":"closed","ping_status":"open","sticky":false,"template":"","format":"standard","meta":{"colormag_page_layout":"default_layout","footnotes":""},"categories":[2],"tags":[],"class_list":["post-225","post","type-post","status-publish","format-standard","has-post-thumbnail","hentry","category-noticias"],"_links":{"self":[{"href":"https:\/\/oasisfm935.com.ar\/site\/wp-json\/wp\/v2\/posts\/225","targetHints":{"allow":["GET"]}}],"collection":[{"href":"https:\/\/oasisfm935.com.ar\/site\/wp-json\/wp\/v2\/posts"}],"about":[{"href":"https:\/\/oasisfm935.com.ar\/site\/wp-json\/wp\/v2\/types\/post"}],"author":[{"embeddable":true,"href":"https:\/\/oasisfm935.com.ar\/site\/wp-json\/wp\/v2\/users\/2"}],"replies":[{"embeddable":true,"href":"https:\/\/oasisfm935.com.ar\/site\/wp-json\/wp\/v2\/comments?post=225"}],"version-history":[{"count":1,"href":"https:\/\/oasisfm935.com.ar\/site\/wp-json\/wp\/v2\/posts\/225\/revisions"}],"predecessor-version":[{"id":227,"href":"https:\/\/oasisfm935.com.ar\/site\/wp-json\/wp\/v2\/posts\/225\/revisions\/227"}],"wp:featuredmedia":[{"embeddable":true,"href":"https:\/\/oasisfm935.com.ar\/site\/wp-json\/wp\/v2\/media\/226"}],"wp:attachment":[{"href":"https:\/\/oasisfm935.com.ar\/site\/wp-json\/wp\/v2\/media?parent=225"}],"wp:term":[{"taxonomy":"category","embeddable":true,"href":"https:\/\/oasisfm935.com.ar\/site\/wp-json\/wp\/v2\/categories?post=225"},{"taxonomy":"post_tag","embeddable":true,"href":"https:\/\/oasisfm935.com.ar\/site\/wp-json\/wp\/v2\/tags?post=225"}],"curies":[{"name":"wp","href":"https:\/\/api.w.org\/{rel}","templated":true}]}}