{"id":2252,"date":"2019-07-05T11:44:16","date_gmt":"2019-07-05T14:44:16","guid":{"rendered":"http:\/\/oasisfm935.com\/site\/?p=2252"},"modified":"2019-07-05T11:44:16","modified_gmt":"2019-07-05T14:44:16","slug":"la-unlpam-abrira-sedes-en-el-interior-y-adecuara-la-oferta-a-cada-region","status":"publish","type":"post","link":"https:\/\/oasisfm935.com.ar\/site\/la-unlpam-abrira-sedes-en-el-interior-y-adecuara-la-oferta-a-cada-region\/","title":{"rendered":"La Unlpam abrir\u00e1 sedes en el interior y adecuar\u00e1 la oferta a cada regi\u00f3n"},"content":{"rendered":"<p>El gobernador electo\u00a0<strong>Sergio Ziliotto<\/strong>\u00a0y la ministra de Educaci\u00f3n,\u00a0<strong>Mar\u00eda Cristina Garello<\/strong>\u00a0se reunieron este viernes con el rector de la Universidad Nacional de La Pampa,\u00a0<strong>Oscar Alpa<\/strong>, y acordaron avanzar en la\u00a0<strong>adecuaci\u00f3n de la oferta educativa de acuerdo al perfil productivo de la provincia<\/strong>\u00a0y en la\u00a0<strong>apertura de sedes universitarias en el interior.<\/strong><\/p>\n<p>\u00abLa idea es ir desarrollar el primer a\u00f1o de algunas de nuestras carreras est\u00e9 en distintos lugares de nuestra provincia para\u00a0<strong>que los estudiantes no tengan que trasladarse a Santa Rosa y General Pico. Estar\u00edan comenzando a cursar en sus localidades y para las familias implicar\u00eda un ahorro\u00bb<\/strong>, explic\u00f3 el rector Alpa en conferencia de prensa.<\/p>\n<p>La intenci\u00f3n es comenzar en marzo del a\u00f1o que viene con esta primera etapa. \u00abTodav\u00eda no tenemos definida las localidades. El gobierno provincial nos brind\u00f3 su total apoyo y acompa\u00f1amiento con toda la infraestructura. Es un paso importante para la Unlpam potenciar las modalidades semipresencial y a distancia\u00bb, remarc\u00f3 Alpa.<\/p>\n<p>Ziliotto, en tanto, record\u00f3 que una de las principales propuestas de su plataforma electoral fue\u00a0<strong>llevar la educaci\u00f3n superior, la formaci\u00f3n profesional y la capacitaci\u00f3n laboral a toda la provincia<\/strong>\u00a0y valor\u00f3 que la Unlpam sea el veh\u00edculo para ello.<\/p>\n<p>\u00abQueremos definir en cada regi\u00f3n de la provincia cu\u00e1l debe ser la oferta educativa en funci\u00f3n del sector productivo. Con la Unlpam ya podemos empezar a trabajar en acciones en conjunto\u00bb, dijo.<\/p>\n<p><strong>\u00abLa frustraci\u00f3n que significa para un chico volver a su localidad luego de haber intentado sin \u00e9xito una carrera es muy frustrante. M\u00e1s el da\u00f1o material para la familia. Por eso queremos despertar la vocaci\u00f3n en cada una de las localidades y anclar la formaci\u00f3n al perfil productivo\u00bb<\/strong>, sostuvo.<\/p>\n<p>&nbsp;<\/p>\n<p>\u00abTenemos que determinar cu\u00e1l es la demanda en cada localidad para poner la oferta educativa al servicio de la actividad econ\u00f3mica\u00bb, afirm\u00f3.<\/p>\n<p>\u00abQueremos\u00a0<strong>implementar no solo carreras de grado, sino tambi\u00e9n carreras r\u00e1pidas, tecnicaturas y cursos que tengan salida laboral r\u00e1pida para que los chicos y chicas se queden en su localidad.<\/strong>\u00a0Est\u00e1 en nosotros calificar la mano de obra para el desarrollo econ\u00f3mico\u00bb, agreg\u00f3.<\/p>\n<div class=\"oasis-despues-del-contenido\" id=\"oasis-2109660014\"><img loading=\"lazy\" decoding=\"async\" src=\"https:\/\/oasisfm935.com.ar\/site\/wp-content\/uploads\/2020\/08\/47806202-8741-49f2-a5c9-d2f930e5baa1.jpg\" alt=\"\"  srcset=\"https:\/\/oasisfm935.com.ar\/site\/wp-content\/uploads\/2020\/08\/47806202-8741-49f2-a5c9-d2f930e5baa1.jpg 1080w, https:\/\/oasisfm935.com.ar\/site\/wp-content\/uploads\/2020\/08\/47806202-8741-49f2-a5c9-d2f930e5baa1-300x300.jpg 300w, https:\/\/oasisfm935.com.ar\/site\/wp-content\/uploads\/2020\/08\/47806202-8741-49f2-a5c9-d2f930e5baa1-1024x1024.jpg 1024w, https:\/\/oasisfm935.com.ar\/site\/wp-content\/uploads\/2020\/08\/47806202-8741-49f2-a5c9-d2f930e5baa1-150x150.jpg 150w, https:\/\/oasisfm935.com.ar\/site\/wp-content\/uploads\/2020\/08\/47806202-8741-49f2-a5c9-d2f930e5baa1-768x768.jpg 768w\" sizes=\"(max-width: 1080px) 100vw, 1080px\" class=\"no-lazyload\" width=\"1080\" height=\"1080\"  style=\"display: inline-block;\" \/><\/div>","protected":false},"excerpt":{"rendered":"<p>El gobernador electo\u00a0Sergio Ziliotto\u00a0y la ministra de Educaci\u00f3n,\u00a0Mar\u00eda Cristina Garello\u00a0se reunieron este viernes con el rector de la Universidad Nacional de La<\/p>\n","protected":false},"author":4,"featured_media":2253,"comment_status":"closed","ping_status":"open","sticky":false,"template":"","format":"standard","meta":{"colormag_page_layout":"default_layout","footnotes":""},"categories":[2],"tags":[],"class_list":["post-2252","post","type-post","status-publish","format-standard","has-post-thumbnail","hentry","category-noticias"],"_links":{"self":[{"href":"https:\/\/oasisfm935.com.ar\/site\/wp-json\/wp\/v2\/posts\/2252","targetHints":{"allow":["GET"]}}],"collection":[{"href":"https:\/\/oasisfm935.com.ar\/site\/wp-json\/wp\/v2\/posts"}],"about":[{"href":"https:\/\/oasisfm935.com.ar\/site\/wp-json\/wp\/v2\/types\/post"}],"author":[{"embeddable":true,"href":"https:\/\/oasisfm935.com.ar\/site\/wp-json\/wp\/v2\/users\/4"}],"replies":[{"embeddable":true,"href":"https:\/\/oasisfm935.com.ar\/site\/wp-json\/wp\/v2\/comments?post=2252"}],"version-history":[{"count":1,"href":"https:\/\/oasisfm935.com.ar\/site\/wp-json\/wp\/v2\/posts\/2252\/revisions"}],"predecessor-version":[{"id":2254,"href":"https:\/\/oasisfm935.com.ar\/site\/wp-json\/wp\/v2\/posts\/2252\/revisions\/2254"}],"wp:featuredmedia":[{"embeddable":true,"href":"https:\/\/oasisfm935.com.ar\/site\/wp-json\/wp\/v2\/media\/2253"}],"wp:attachment":[{"href":"https:\/\/oasisfm935.com.ar\/site\/wp-json\/wp\/v2\/media?parent=2252"}],"wp:term":[{"taxonomy":"category","embeddable":true,"href":"https:\/\/oasisfm935.com.ar\/site\/wp-json\/wp\/v2\/categories?post=2252"},{"taxonomy":"post_tag","embeddable":true,"href":"https:\/\/oasisfm935.com.ar\/site\/wp-json\/wp\/v2\/tags?post=2252"}],"curies":[{"name":"wp","href":"https:\/\/api.w.org\/{rel}","templated":true}]}}