{"id":2259,"date":"2019-07-08T09:28:47","date_gmt":"2019-07-08T12:28:47","guid":{"rendered":"http:\/\/oasisfm935.com\/site\/?p=2259"},"modified":"2019-07-08T09:28:47","modified_gmt":"2019-07-08T12:28:47","slug":"roban-un-auto-en-ingeniero-luiggi-y-lo-abandonan","status":"publish","type":"post","link":"https:\/\/oasisfm935.com.ar\/site\/roban-un-auto-en-ingeniero-luiggi-y-lo-abandonan\/","title":{"rendered":"Roban un auto en Ingeniero Luiggi y lo abandonan"},"content":{"rendered":"<div class=\"itemIntroText\">\n<p>Esta ma\u00f1ana se llevaron el auto de un vecino que estaba estacionado en frente de su casa.<\/p>\n<\/div>\n<div class=\"itemFullText\">\n<blockquote><p>A respecto Zonal Noticias, dialog\u00f3 con el Comisario Leandro Ernst quien manifest\u00f3 que \u201csiendo aproximadamente la hora 07:00, se toma conocimiento por parte de su propietario apellidado Arambarry, que autores desconocidos, habr\u00edan sustra\u00eddo del frente de su domicilio, un automotor marca FIAT UNO modelo 2014. El vah\u00edculo se hallaba abierto y con sus llaves colocadas\u201d.<\/p><\/blockquote>\n<p>&nbsp;<\/p>\n<blockquote><p>\u201cDe inmediato se formaliz\u00f3 un operativo cerrojo en las dependencias adyacentes y en toda la localidad, logrando dar casi de inmediato con el automotor faltante. El auto se encontr\u00f3 abandonado sobre calle Matienzo, el cual se hallaba en id\u00e9nticas condiciones\u201d coment\u00f3 el jefe de la departamental.<\/p><\/blockquote>\n<p>&nbsp;<\/p>\n<p><strong>\u201cPor este motivo, se est\u00e1n llevando a cabo diferentes investigaciones en relaci\u00f2n a esta causa, con algunos indicios a fin de poder determinar la autor\u00eda de sus responsables\u201d<\/strong>\u00a0explic\u00f3 Ernst.<\/p>\n<p>En este caso intervino la Fiscal\u00eca de Delitos Contra la Propiedad de Gral. Pico a cargo Dr. Dami\u00e1n Campos.<\/p>\n<\/div>\n<p>Zonal Noticias<\/p>\n<div class=\"oasis-despues-del-contenido\" id=\"oasis-2102732367\"><img loading=\"lazy\" decoding=\"async\" src=\"https:\/\/oasisfm935.com.ar\/site\/wp-content\/uploads\/2020\/08\/47806202-8741-49f2-a5c9-d2f930e5baa1.jpg\" alt=\"\"  srcset=\"https:\/\/oasisfm935.com.ar\/site\/wp-content\/uploads\/2020\/08\/47806202-8741-49f2-a5c9-d2f930e5baa1.jpg 1080w, https:\/\/oasisfm935.com.ar\/site\/wp-content\/uploads\/2020\/08\/47806202-8741-49f2-a5c9-d2f930e5baa1-300x300.jpg 300w, https:\/\/oasisfm935.com.ar\/site\/wp-content\/uploads\/2020\/08\/47806202-8741-49f2-a5c9-d2f930e5baa1-1024x1024.jpg 1024w, https:\/\/oasisfm935.com.ar\/site\/wp-content\/uploads\/2020\/08\/47806202-8741-49f2-a5c9-d2f930e5baa1-150x150.jpg 150w, https:\/\/oasisfm935.com.ar\/site\/wp-content\/uploads\/2020\/08\/47806202-8741-49f2-a5c9-d2f930e5baa1-768x768.jpg 768w\" sizes=\"(max-width: 1080px) 100vw, 1080px\" class=\"no-lazyload\" width=\"1080\" height=\"1080\"  style=\"display: inline-block;\" \/><\/div>","protected":false},"excerpt":{"rendered":"<p>Esta ma\u00f1ana se llevaron el auto de un vecino que estaba estacionado en frente de su casa. A respecto Zonal Noticias, dialog\u00f3<\/p>\n","protected":false},"author":4,"featured_media":1889,"comment_status":"closed","ping_status":"open","sticky":false,"template":"","format":"standard","meta":{"colormag_page_layout":"default_layout","footnotes":""},"categories":[1],"tags":[],"class_list":["post-2259","post","type-post","status-publish","format-standard","has-post-thumbnail","hentry","category-sin-categoria"],"_links":{"self":[{"href":"https:\/\/oasisfm935.com.ar\/site\/wp-json\/wp\/v2\/posts\/2259","targetHints":{"allow":["GET"]}}],"collection":[{"href":"https:\/\/oasisfm935.com.ar\/site\/wp-json\/wp\/v2\/posts"}],"about":[{"href":"https:\/\/oasisfm935.com.ar\/site\/wp-json\/wp\/v2\/types\/post"}],"author":[{"embeddable":true,"href":"https:\/\/oasisfm935.com.ar\/site\/wp-json\/wp\/v2\/users\/4"}],"replies":[{"embeddable":true,"href":"https:\/\/oasisfm935.com.ar\/site\/wp-json\/wp\/v2\/comments?post=2259"}],"version-history":[{"count":1,"href":"https:\/\/oasisfm935.com.ar\/site\/wp-json\/wp\/v2\/posts\/2259\/revisions"}],"predecessor-version":[{"id":2260,"href":"https:\/\/oasisfm935.com.ar\/site\/wp-json\/wp\/v2\/posts\/2259\/revisions\/2260"}],"wp:featuredmedia":[{"embeddable":true,"href":"https:\/\/oasisfm935.com.ar\/site\/wp-json\/wp\/v2\/media\/1889"}],"wp:attachment":[{"href":"https:\/\/oasisfm935.com.ar\/site\/wp-json\/wp\/v2\/media?parent=2259"}],"wp:term":[{"taxonomy":"category","embeddable":true,"href":"https:\/\/oasisfm935.com.ar\/site\/wp-json\/wp\/v2\/categories?post=2259"},{"taxonomy":"post_tag","embeddable":true,"href":"https:\/\/oasisfm935.com.ar\/site\/wp-json\/wp\/v2\/tags?post=2259"}],"curies":[{"name":"wp","href":"https:\/\/api.w.org\/{rel}","templated":true}]}}