{"id":2264,"date":"2019-07-08T11:41:29","date_gmt":"2019-07-08T14:41:29","guid":{"rendered":"http:\/\/oasisfm935.com\/site\/?p=2264"},"modified":"2019-07-08T11:41:29","modified_gmt":"2019-07-08T14:41:29","slug":"caleufu-se-subio-a-un-silo-para-sacarse-una-selfie-se-cayo-y-sufrio-quebraduras","status":"publish","type":"post","link":"https:\/\/oasisfm935.com.ar\/site\/caleufu-se-subio-a-un-silo-para-sacarse-una-selfie-se-cayo-y-sufrio-quebraduras\/","title":{"rendered":"Caleuf\u00fa: se subi\u00f3 a un silo para sacarse una selfie, se cay\u00f3 y sufri\u00f3 quebraduras"},"content":{"rendered":"<p>Una mujer se subi\u00f3 a un silo de cereal en un campo de Caleuf\u00fa para sacarse una selfie y se cay\u00f3 desde unos 10 metros de altura. Sufri\u00f3 graves heridas y ahora est\u00e1 internada en terapia intensiva del Hospital Centeno, de Pico.<\/p>\n<p>Graciela C., de unos 40 a\u00f1os de edad, fue al campo a comer un asado con familiares. En un momento, decidi\u00f3 subirse a un silo del lugar.<\/p>\n<p>Una vez sacada la primera de las fotos, Graciela comenz\u00f3 a bajar. Pero decidi\u00f3 sacarse otra selfie, perdi\u00f3 el equilibrio y se cay\u00f3, inform\u00f3 Impulso Digital.<\/p>\n<p>Inmediatamente fue trasladada al Hospital Luis Petrelli. De all\u00ed la derivaron al Gobernador Centeno, donde qued\u00f3 internada en terapia intensiva con diferentes lesiones.<\/p>\n<p>Este lunes dieron a conocer el parte m\u00e9dico.<strong>\u00a0\u00abPaciente de 40 a\u00f1os que ingreso en horas de la ma\u00f1ana de hoy con politraumatismos, esta internada en el servicio de terapia intensiva, estable hemodin\u00e1micamente contin\u00fa en observaci\u00f3n de evoluci\u00f3n de sus lesiones \u00f3seas\u00bb, se indic\u00f3.<\/strong><\/p>\n<div class=\"oasis-despues-del-contenido\" id=\"oasis-1496637085\"><img loading=\"lazy\" decoding=\"async\" src=\"https:\/\/oasisfm935.com.ar\/site\/wp-content\/uploads\/2020\/08\/47806202-8741-49f2-a5c9-d2f930e5baa1.jpg\" alt=\"\"  srcset=\"https:\/\/oasisfm935.com.ar\/site\/wp-content\/uploads\/2020\/08\/47806202-8741-49f2-a5c9-d2f930e5baa1.jpg 1080w, https:\/\/oasisfm935.com.ar\/site\/wp-content\/uploads\/2020\/08\/47806202-8741-49f2-a5c9-d2f930e5baa1-300x300.jpg 300w, https:\/\/oasisfm935.com.ar\/site\/wp-content\/uploads\/2020\/08\/47806202-8741-49f2-a5c9-d2f930e5baa1-1024x1024.jpg 1024w, https:\/\/oasisfm935.com.ar\/site\/wp-content\/uploads\/2020\/08\/47806202-8741-49f2-a5c9-d2f930e5baa1-150x150.jpg 150w, https:\/\/oasisfm935.com.ar\/site\/wp-content\/uploads\/2020\/08\/47806202-8741-49f2-a5c9-d2f930e5baa1-768x768.jpg 768w\" sizes=\"(max-width: 1080px) 100vw, 1080px\" class=\"no-lazyload\" width=\"1080\" height=\"1080\"  style=\"display: inline-block;\" \/><\/div>","protected":false},"excerpt":{"rendered":"<p>Una mujer se subi\u00f3 a un silo de cereal en un campo de Caleuf\u00fa para sacarse una selfie y se cay\u00f3 desde<\/p>\n","protected":false},"author":4,"featured_media":2265,"comment_status":"closed","ping_status":"open","sticky":false,"template":"","format":"standard","meta":{"colormag_page_layout":"default_layout","footnotes":""},"categories":[1],"tags":[],"class_list":["post-2264","post","type-post","status-publish","format-standard","has-post-thumbnail","hentry","category-sin-categoria"],"_links":{"self":[{"href":"https:\/\/oasisfm935.com.ar\/site\/wp-json\/wp\/v2\/posts\/2264","targetHints":{"allow":["GET"]}}],"collection":[{"href":"https:\/\/oasisfm935.com.ar\/site\/wp-json\/wp\/v2\/posts"}],"about":[{"href":"https:\/\/oasisfm935.com.ar\/site\/wp-json\/wp\/v2\/types\/post"}],"author":[{"embeddable":true,"href":"https:\/\/oasisfm935.com.ar\/site\/wp-json\/wp\/v2\/users\/4"}],"replies":[{"embeddable":true,"href":"https:\/\/oasisfm935.com.ar\/site\/wp-json\/wp\/v2\/comments?post=2264"}],"version-history":[{"count":1,"href":"https:\/\/oasisfm935.com.ar\/site\/wp-json\/wp\/v2\/posts\/2264\/revisions"}],"predecessor-version":[{"id":2266,"href":"https:\/\/oasisfm935.com.ar\/site\/wp-json\/wp\/v2\/posts\/2264\/revisions\/2266"}],"wp:featuredmedia":[{"embeddable":true,"href":"https:\/\/oasisfm935.com.ar\/site\/wp-json\/wp\/v2\/media\/2265"}],"wp:attachment":[{"href":"https:\/\/oasisfm935.com.ar\/site\/wp-json\/wp\/v2\/media?parent=2264"}],"wp:term":[{"taxonomy":"category","embeddable":true,"href":"https:\/\/oasisfm935.com.ar\/site\/wp-json\/wp\/v2\/categories?post=2264"},{"taxonomy":"post_tag","embeddable":true,"href":"https:\/\/oasisfm935.com.ar\/site\/wp-json\/wp\/v2\/tags?post=2264"}],"curies":[{"name":"wp","href":"https:\/\/api.w.org\/{rel}","templated":true}]}}