{"id":2271,"date":"2019-07-09T09:12:14","date_gmt":"2019-07-09T12:12:14","guid":{"rendered":"http:\/\/oasisfm935.com\/site\/?p=2271"},"modified":"2019-07-09T09:12:14","modified_gmt":"2019-07-09T12:12:14","slug":"murio-el-expresidente-de-la-rua","status":"publish","type":"post","link":"https:\/\/oasisfm935.com.ar\/site\/murio-el-expresidente-de-la-rua\/","title":{"rendered":"Muri\u00f3 el expresidente De la R\u00faa"},"content":{"rendered":"<p>&nbsp;<\/p>\n<div class=\"row pb-content-type-text\">\n<div class=\"col-xs-12 col-print-12\">\n<p class=\"element element-paragraph\"><strong>Muri\u00f3 Fernando de la R\u00faa, a los 81 a\u00f1os.<\/strong>\u00a0El expresidente estaba internado en grave estado en la cl\u00ednica Fleming desde el 28 de enero. En las \u00faltimas horas su estado hab\u00eda empeorado a ra\u00edz de una\u00a0<strong>descompensaci\u00f3n card\u00edaca y renal.<\/strong><\/p>\n<\/div>\n<\/div>\n<div class=\"row pb-content-type-text\">\n<div class=\"col-xs-12 col-print-12\">\n<p class=\"element element-paragraph\"><strong>La noticia fue confirmada por el presidente Mauricio Macri. \u00abLamento el fallecimiento del ex presidente Fernando de la R\u00faa. Su trayectoria democr\u00e1tica merece el reconocimiento de todos los argentinos. Acompa\u00f1amos a su familia en este momento\u00bb, asegur\u00f3.\u00a0<\/strong><\/p>\n<\/div>\n<div class=\"row pb-content-type-text\">\n<div class=\"col-xs-12 col-print-12\">\n<p class=\"element element-paragraph\">El exmandatario hab\u00eda sido hospitalizado el 1\u00b0 de enero en Pilar por un problema cardiovascular.\u00a0<strong>Luego de ser sometido a una intervenci\u00f3n quir\u00fargica, donde le colocaron tres stents, estuvo varios d\u00edas en terapia intensiva.<\/strong>\u00a0Y durante la internaci\u00f3n, tambi\u00e9n se le realiz\u00f3 una traqueotom\u00eda para desvincularlo de la asistencia ventilatoria mec\u00e1nica.<\/p>\n<\/div>\n<\/div>\n<div class=\"row pb-content-type-text\">\n<div class=\"col-xs-12 col-print-12\">\n<p class=\"element element-paragraph\">El exjefe de Estado ya hab\u00eda tenido varios problemas coronarios. Durante su presidencia, en junio de 2001, fue sometido a una angioplastia.<\/p>\n<\/div>\n<\/div>\n<\/div>\n<div class=\"row pb-content-type-text\">\n<div class=\"col-xs-12 col-print-12\">\n<p class=\"element element-paragraph\">Luego, en 2010 y 2014, fue intervenido por temas similares, mientras que en enero de 2016 pas\u00f3 por el quir\u00f3fano por un problema en la vejiga.<\/p>\n<\/div>\n<\/div>\n<div class=\"row pb-content-type-text\">\n<div class=\"col-xs-12 col-print-12\">\n<p class=\"element element-paragraph\">Su\u00a0<strong>\u00faltima aparici\u00f3n p\u00fablica se dio en el marco de la cumbre del G20 que se realiz\u00f3 en noviembre pasado en la ciudad de Buenos Aires<\/strong>. El expresidente particip\u00f3 de la gala que se llev\u00f3 a cabo en el Teatro Col\u00f3n.<\/p>\n<\/div>\n<\/div>\n<div class=\"row pb-content-type-text\">\n<div class=\"col-xs-12 col-print-12\">\n<p class=\"element element-paragraph\">De la R\u00faa fue presidente de la Argentina entre 1999 y 2001, cuando debi\u00f3 dejar su cargo inmerso en la peor crisis econ\u00f3mica de la historia del pa\u00eds. El 19 de diciembre, el ex jefe de Estado declar\u00f3 el estado de sitio y al otro d\u00eda renunci\u00f3 a la presidencia,\u00a0<strong>y\u00e9ndose de la Casa Rosada en helic\u00f3ptero, una imagen que quedar\u00e1 en la memoria de los argentinos para siempre.<\/strong><\/p>\n<\/div>\n<\/div>\n<div class=\"row pb-content-type-text\">\n<div class=\"col-xs-12 col-print-12\">\n<p class=\"element element-paragraph\">De la R\u00faa dijo que ten\u00eda conciencia del \u00absufrimiento de la gente\u00bb y que sab\u00eda distinguir entre \u00ablos necesitados y los delincuentes\u00bb del pa\u00eds.\u00a0<strong>\u00abLa mayor\u00eda sabe que con violencia e ilegalidad no se sale de los problemas. Los problemas hay que afrontarlos y eso estamos haciendo\u00bb<\/strong>, sentenci\u00f3.<\/p>\n<\/div>\n<\/div>\n<p>Minutos despu\u00e9s de que se transmitiera el mensaje presidencial, los ciudadanos salieron espont\u00e1neamente a la calle a protestar con cacerolas y miles de personas llegaron a la Plaza de Mayo.\u00a0<strong>All\u00ed se desataron dos d\u00edas de violencia y locura que terminaron con 39 muertos.<\/strong><\/p>\n<p>&nbsp;<\/p>\n<div class=\"oasis-despues-del-contenido\" id=\"oasis-2473794070\"><img loading=\"lazy\" decoding=\"async\" src=\"https:\/\/oasisfm935.com.ar\/site\/wp-content\/uploads\/2020\/08\/47806202-8741-49f2-a5c9-d2f930e5baa1.jpg\" alt=\"\"  srcset=\"https:\/\/oasisfm935.com.ar\/site\/wp-content\/uploads\/2020\/08\/47806202-8741-49f2-a5c9-d2f930e5baa1.jpg 1080w, https:\/\/oasisfm935.com.ar\/site\/wp-content\/uploads\/2020\/08\/47806202-8741-49f2-a5c9-d2f930e5baa1-300x300.jpg 300w, https:\/\/oasisfm935.com.ar\/site\/wp-content\/uploads\/2020\/08\/47806202-8741-49f2-a5c9-d2f930e5baa1-1024x1024.jpg 1024w, https:\/\/oasisfm935.com.ar\/site\/wp-content\/uploads\/2020\/08\/47806202-8741-49f2-a5c9-d2f930e5baa1-150x150.jpg 150w, https:\/\/oasisfm935.com.ar\/site\/wp-content\/uploads\/2020\/08\/47806202-8741-49f2-a5c9-d2f930e5baa1-768x768.jpg 768w\" sizes=\"(max-width: 1080px) 100vw, 1080px\" class=\"no-lazyload\" width=\"1080\" height=\"1080\"  style=\"display: inline-block;\" \/><\/div>","protected":false},"excerpt":{"rendered":"<p>&nbsp; Muri\u00f3 Fernando de la R\u00faa, a los 81 a\u00f1os.\u00a0El expresidente estaba internado en grave estado en la cl\u00ednica Fleming desde el<\/p>\n","protected":false},"author":4,"featured_media":2272,"comment_status":"closed","ping_status":"open","sticky":false,"template":"","format":"standard","meta":{"colormag_page_layout":"default_layout","footnotes":""},"categories":[1],"tags":[],"class_list":["post-2271","post","type-post","status-publish","format-standard","has-post-thumbnail","hentry","category-sin-categoria"],"_links":{"self":[{"href":"https:\/\/oasisfm935.com.ar\/site\/wp-json\/wp\/v2\/posts\/2271","targetHints":{"allow":["GET"]}}],"collection":[{"href":"https:\/\/oasisfm935.com.ar\/site\/wp-json\/wp\/v2\/posts"}],"about":[{"href":"https:\/\/oasisfm935.com.ar\/site\/wp-json\/wp\/v2\/types\/post"}],"author":[{"embeddable":true,"href":"https:\/\/oasisfm935.com.ar\/site\/wp-json\/wp\/v2\/users\/4"}],"replies":[{"embeddable":true,"href":"https:\/\/oasisfm935.com.ar\/site\/wp-json\/wp\/v2\/comments?post=2271"}],"version-history":[{"count":1,"href":"https:\/\/oasisfm935.com.ar\/site\/wp-json\/wp\/v2\/posts\/2271\/revisions"}],"predecessor-version":[{"id":2273,"href":"https:\/\/oasisfm935.com.ar\/site\/wp-json\/wp\/v2\/posts\/2271\/revisions\/2273"}],"wp:featuredmedia":[{"embeddable":true,"href":"https:\/\/oasisfm935.com.ar\/site\/wp-json\/wp\/v2\/media\/2272"}],"wp:attachment":[{"href":"https:\/\/oasisfm935.com.ar\/site\/wp-json\/wp\/v2\/media?parent=2271"}],"wp:term":[{"taxonomy":"category","embeddable":true,"href":"https:\/\/oasisfm935.com.ar\/site\/wp-json\/wp\/v2\/categories?post=2271"},{"taxonomy":"post_tag","embeddable":true,"href":"https:\/\/oasisfm935.com.ar\/site\/wp-json\/wp\/v2\/tags?post=2271"}],"curies":[{"name":"wp","href":"https:\/\/api.w.org\/{rel}","templated":true}]}}