{"id":2274,"date":"2019-07-09T17:32:12","date_gmt":"2019-07-09T20:32:12","guid":{"rendered":"http:\/\/oasisfm935.com\/site\/?p=2274"},"modified":"2019-07-09T17:32:12","modified_gmt":"2019-07-09T20:32:12","slug":"emotivo-acto-en-luiggi-por-el-dia-de-la-independencia","status":"publish","type":"post","link":"https:\/\/oasisfm935.com.ar\/site\/emotivo-acto-en-luiggi-por-el-dia-de-la-independencia\/","title":{"rendered":"Emotivo acto en Luiggi por el D\u00eda de la Independencia"},"content":{"rendered":"<div class=\"itemIntroText\">\n<p>Este 9 de julio el acto estuvo a cargo de la Escuela Provincial de Comercio Mariano Moreno.<\/p>\n<\/div>\n<div class=\"itemFullText\">\n<p>Esta ma\u00f1ana, como es tradici\u00f3n, se realiz\u00f3 a las 9:45 el Tedeum en la Parroquia Santa Elena. Luego se realiz\u00f3 el izamiento del pabell\u00f3n nacional, pero hasta media asta, por el duelo decretado por el presidente, luego del fallecimiento del expresidente Fernando De La R\u00faa.<\/p>\n<p>Posteriormente,\u00a0 la Escuela Provincial de Comercio Mariano Moreno fue la encargada de llevar adelante el acto protocolar en el Auditorio municipal, donde estuvieron presentes autoridades locales\u00a0 como el intendente actual Oscar Zanoli, la intendenta electa Mar\u00eda Patricia Lav\u00edn, concejales y representantes de diferentes instituciones.<\/p>\n<blockquote><p>La frase que reflej\u00f3 este acto fue: \u201cPara ser libres no se necesita s\u00f3lo despojarse de las cadenas, sino vivir de una manera que respete y potencie la libertad de los otros\u201d.<\/p><\/blockquote>\n<p>Estuvieron presentes las banderas de ceremonia de las Escuela 76, Escuela 250, Centro Laboral, Escuela de j\u00f3venes y adultos, Colegio H\u00e9roes de la Patria, Bomberos Voluntarios y la escuela organizadora Mariano Moreno.<\/p>\n<p><img decoding=\"async\" src=\"https:\/\/scontent.frsa4-1.fna.fbcdn.net\/v\/t1.0-9\/66733617_2469957903067292_3749770413803044864_n.jpg?_nc_cat=102&amp;_nc_oc=AQme8tTWhgn1VZu77x4ySJJibhwWvTrpX6ASOf_78WVPQThRX-pXrNr7L4hS90RkxIo&amp;_nc_ht=scontent.frsa4-1.fna&amp;oh=a1bdbb47f0eac47e40200787f41f3aa2&amp;oe=5DC4294F\" alt=\"No hay descripci\u00c3\u00b3n de la foto disponible.\" \/><img decoding=\"async\" src=\"https:\/\/scontent.frsa4-1.fna.fbcdn.net\/v\/t1.0-9\/66392473_2469954629734286_417295234318204928_n.jpg?_nc_cat=106&amp;_nc_oc=AQlqTK6T3A49px5SXC18XVY8089gpYvwboGjIgxgVRbvnoO8XpU9r6fDFs7P9VhSyUo&amp;_nc_ht=scontent.frsa4-1.fna&amp;oh=699a45c7709eaf99b86c5cb54d2e8ac1&amp;oe=5DC71E5B\" alt=\"La imagen puede contener: una o varias personas\" \/><img decoding=\"async\" src=\"https:\/\/scontent.frsa4-1.fna.fbcdn.net\/v\/t1.0-9\/66517875_2469957329734016_599262398670438400_n.jpg?_nc_cat=111&amp;_nc_oc=AQml41AlVRng06HmnuY-YnFcvS8upBeFIVl7Agm5KDb0qtEt4fUpnonJhnW3qH45wjY&amp;_nc_ht=scontent.frsa4-1.fna&amp;oh=25cc23e2e6a4907a2af8e5812d92dec7&amp;oe=5DA90A47\" alt=\"La imagen puede contener: 14 personas, personas sentadas e interior\" \/><img decoding=\"async\" src=\"https:\/\/scontent.frsa4-1.fna.fbcdn.net\/v\/t1.0-9\/66264308_2469956086400807_115791936048070656_n.jpg?_nc_cat=107&amp;_nc_oc=AQnnMZnzk7TNNKmRr7kX2DezsI14c4ugYCCqOxSDkWBmMUBMNeICJIqL8yCDZmzbPQ0&amp;_nc_ht=scontent.frsa4-1.fna&amp;oh=03e348c2147357a31b22435c5e906268&amp;oe=5DBDA319\" alt=\"La imagen puede contener: 2 personas, personas de pie\" \/><img decoding=\"async\" src=\"https:\/\/scontent.frsa4-1.fna.fbcdn.net\/v\/t1.0-9\/66741801_2469957663067316_4755490916590944256_n.jpg?_nc_cat=101&amp;_nc_oc=AQkd8QBZ2i3dAUjZmSrQID5LNr3xVFGps1kA1-wr-R3C37f1jn9v5_u5Nh4cyjVARcY&amp;_nc_ht=scontent.frsa4-1.fna&amp;oh=4806619620006271b4699de0a956a49a&amp;oe=5DA68261\" alt=\"La imagen puede contener: exterior\" \/><img decoding=\"async\" src=\"https:\/\/scontent.frsa4-1.fna.fbcdn.net\/v\/t1.0-9\/66115872_2469959553067127_7179126607943041024_n.jpg?_nc_cat=108&amp;_nc_oc=AQn94QHkNDDqUphretEjOf-_zinjZmgRUDv1MEncVKAsiRqWL7IDTzK-p_2tF4oTXY0&amp;_nc_ht=scontent.frsa4-1.fna&amp;oh=260f1885875da8481fcd354cfe3cffe1&amp;oe=5DB8FA83\" alt=\"La imagen puede contener: cielo, \u00c3\u00a1rbol y exterior\" \/><img decoding=\"async\" src=\"https:\/\/scontent.frsa4-1.fna.fbcdn.net\/v\/t1.0-9\/66599850_10214605089102782_9066238858739318784_n.jpg?_nc_cat=102&amp;_nc_oc=AQmfUgERnX50zF7-Qd1HoL8MF4uWHZPILpd8CmKHtSMI9IAB0t93_lgV8oeE4fPAA1Q&amp;_nc_ht=scontent.frsa4-1.fna&amp;oh=5ac9f1db102dd8528e04d4f46fc35756&amp;oe=5DA78AE3\" \/><\/p>\n<\/div>\n<p>fuente : Zonal Noticias<\/p>\n<div class=\"oasis-despues-del-contenido\" id=\"oasis-2277979147\"><img loading=\"lazy\" decoding=\"async\" src=\"https:\/\/oasisfm935.com.ar\/site\/wp-content\/uploads\/2020\/08\/47806202-8741-49f2-a5c9-d2f930e5baa1.jpg\" alt=\"\"  srcset=\"https:\/\/oasisfm935.com.ar\/site\/wp-content\/uploads\/2020\/08\/47806202-8741-49f2-a5c9-d2f930e5baa1.jpg 1080w, https:\/\/oasisfm935.com.ar\/site\/wp-content\/uploads\/2020\/08\/47806202-8741-49f2-a5c9-d2f930e5baa1-300x300.jpg 300w, https:\/\/oasisfm935.com.ar\/site\/wp-content\/uploads\/2020\/08\/47806202-8741-49f2-a5c9-d2f930e5baa1-1024x1024.jpg 1024w, https:\/\/oasisfm935.com.ar\/site\/wp-content\/uploads\/2020\/08\/47806202-8741-49f2-a5c9-d2f930e5baa1-150x150.jpg 150w, https:\/\/oasisfm935.com.ar\/site\/wp-content\/uploads\/2020\/08\/47806202-8741-49f2-a5c9-d2f930e5baa1-768x768.jpg 768w\" sizes=\"(max-width: 1080px) 100vw, 1080px\" class=\"no-lazyload\" width=\"1080\" height=\"1080\"  style=\"display: inline-block;\" \/><\/div>","protected":false},"excerpt":{"rendered":"<p>Este 9 de julio el acto estuvo a cargo de la Escuela Provincial de Comercio Mariano Moreno. Esta ma\u00f1ana, como es tradici\u00f3n,<\/p>\n","protected":false},"author":4,"featured_media":2275,"comment_status":"closed","ping_status":"open","sticky":false,"template":"","format":"standard","meta":{"colormag_page_layout":"default_layout","footnotes":""},"categories":[1],"tags":[],"class_list":["post-2274","post","type-post","status-publish","format-standard","has-post-thumbnail","hentry","category-sin-categoria"],"_links":{"self":[{"href":"https:\/\/oasisfm935.com.ar\/site\/wp-json\/wp\/v2\/posts\/2274","targetHints":{"allow":["GET"]}}],"collection":[{"href":"https:\/\/oasisfm935.com.ar\/site\/wp-json\/wp\/v2\/posts"}],"about":[{"href":"https:\/\/oasisfm935.com.ar\/site\/wp-json\/wp\/v2\/types\/post"}],"author":[{"embeddable":true,"href":"https:\/\/oasisfm935.com.ar\/site\/wp-json\/wp\/v2\/users\/4"}],"replies":[{"embeddable":true,"href":"https:\/\/oasisfm935.com.ar\/site\/wp-json\/wp\/v2\/comments?post=2274"}],"version-history":[{"count":1,"href":"https:\/\/oasisfm935.com.ar\/site\/wp-json\/wp\/v2\/posts\/2274\/revisions"}],"predecessor-version":[{"id":2276,"href":"https:\/\/oasisfm935.com.ar\/site\/wp-json\/wp\/v2\/posts\/2274\/revisions\/2276"}],"wp:featuredmedia":[{"embeddable":true,"href":"https:\/\/oasisfm935.com.ar\/site\/wp-json\/wp\/v2\/media\/2275"}],"wp:attachment":[{"href":"https:\/\/oasisfm935.com.ar\/site\/wp-json\/wp\/v2\/media?parent=2274"}],"wp:term":[{"taxonomy":"category","embeddable":true,"href":"https:\/\/oasisfm935.com.ar\/site\/wp-json\/wp\/v2\/categories?post=2274"},{"taxonomy":"post_tag","embeddable":true,"href":"https:\/\/oasisfm935.com.ar\/site\/wp-json\/wp\/v2\/tags?post=2274"}],"curies":[{"name":"wp","href":"https:\/\/api.w.org\/{rel}","templated":true}]}}