{"id":2277,"date":"2019-07-10T12:08:01","date_gmt":"2019-07-10T15:08:01","guid":{"rendered":"http:\/\/oasisfm935.com\/site\/?p=2277"},"modified":"2019-07-10T12:10:42","modified_gmt":"2019-07-10T15:10:42","slug":"el-marginal-iii-cosecho-cifra-record","status":"publish","type":"post","link":"https:\/\/oasisfm935.com.ar\/site\/el-marginal-iii-cosecho-cifra-record\/","title":{"rendered":"\u00abEl Marginal III\u00bb cosech\u00f3 cifra r\u00e9cord"},"content":{"rendered":"<p>En el debut de su tercera temporada, la ficci\u00f3n argentina\u00a0<strong>\u00abEl Marginal\u00bb,<\/strong>\u00a0protagonizada por Nicol\u00e1s Furtado y Claudio Rissi, marc\u00f3\u00a0<strong>13,5 puntos de rating\u00a0<\/strong>en La Televisi\u00f3n P\u00fablica, el m\u00e1s alto en la historia de la serie, superando en 3.9 puntos al estreno de la segunda temporada (17 de julio de 2018) y en 4.1 puntos al promedio de \u00abEl Marginal 1\u00bb.<\/p>\n<p>La exitosa serie creada por Sebasti\u00e1n Ortega junto a Underground y Contenidos P\u00fablicos esta protagonizada por Nicol\u00e1s Furtado, Martina Gusm\u00e1n, Claudio Rissi y Gerardo Romano, fue lo m\u00e1s visto del d\u00eda seg\u00fan la consultora Ibope.<\/p>\n<p>En esta tercera temporada, se incorporan Ana Mar\u00eda Picchio, Gustavo Garz\u00f3n, Alejandro Awada y la revelaci\u00f3n de la pel\u00edcula \u00abEl \u00c1ngel\u00bb, Lorenzo Ferro.<\/p>\n<p>La ficci\u00f3n se ubica temporalmente despu\u00e9s de la segunda temporada, pero antes de la primera. Los hermanos Mario y Diosito Borges (Claudio Rissi y Furtado) obtuvieron el poder del penal y ahora buscar\u00e1n armar un plan para ganar dinero lo antes posible, ya que pueden obtener su libertad gracias a Ant\u00edn (Gerardo Romano), el director del penal San Onofre.<\/p>\n<p>A pedido del alcaide del penal Gerardo Ant\u00edn (Gerardo Romano), los Borges deben proteger a un interno reci\u00e9n llegado, hijo de un empresario poderoso, encarnado por Lorenzo Ferro.<\/p>\n<p>Mientras que Ana Mar\u00eda Picchio compone a Estela Morales, nueva jefa del Servicio Penitenciario Federal, ex novia de Romano, y declarada defensora de la mano dura y de la violencia institucional contra los reclusos.<\/p>\n<p>El Marginal 3 est\u00e1 dirigida por Alejandro Ciancio, escrita por Omar Quiroga, Nicol\u00e1s Marina y Andr\u00e9s Pascaner; con producci\u00f3n general de Pablo Culell y direcci\u00f3n general de Sebasti\u00e1n Ortega.<\/p>\n<p>Nicol\u00e1s Furtado, que interpreta al visceral Diosito Borges, charl\u00f3 con T\u00e9lam:<\/p>\n<p>T:-\u00bfCon qu\u00e9 Diosito se va a encontrar la gente en esta tercera temporada?<\/p>\n<p>NF:- Es el mismo personaje que todos conocemos. De repente s\u00ed pasa por un estado distinto, como en todas las temporadas sorprende con algo nuevo. Eso particularmente en esta tiene que ver con los v\u00ednculos, sobre todo con su hermano, y todo lo que pueda pasar y peligrar en esa relaci\u00f3n tan fuerte que tienen entre ellos. Como actor poder hacer una tercera temporada de algo nunca me hab\u00eda pasado y no s\u00e9 si hab\u00eda pasado en el pa\u00eds que hubiera tres temporadas de una misma ficci\u00f3n. Nada, contento, agradecido y tratando de estar a la altura de esta oportunidad que estoy teniendo.<\/p>\n<p>T:- \u00bfC\u00f3mo se dio la qu\u00edmica de tu personaje y tambi\u00e9n a nivel personal con Lorenzo Ferro? Es un personaje rupturista.<\/p>\n<p>NF:- Con Toto nos llevamos muy bien, yo ya lo conoc\u00eda de antes as\u00ed que tenemos una muy buena relaci\u00f3n. Eso sirve para el laburo, Toto realmente se entreg\u00f3 como actor a este nuevo mundo y el personaje de \u00e9l es clave, es el protegido de los Borges y es el que desencadena las cosas m\u00e1s importantes de esta temporada. Es sumamente importante el personaje y la actuaci\u00f3n de Toto, que es b\u00e1rbara.<\/p>\n<p>T:- Antes te preguntaban c\u00f3mo era reencontrarse con el personaje, cuando llegan otros proyectos, \u00bfqu\u00e9 es lo que busc\u00e1s? Ten\u00e9s pendiente Porno para Principiantes que es algo totalmente distinto y vas a empezar una serie nueva.<\/p>\n<p>NF:- Tengo la suerte de poder elegir, eso ya es un mont\u00f3n. O sea que m\u00e1s all\u00e1 de lo que busque ya lo que viene est\u00e1 bueno porque no vienen a ofrecer cualquier cosa, me vienen a ofrecer proyectos que yo considero muy interesantes. Eso siempre fue algo que busqu\u00e9 y que ahora se est\u00e1 dando un poco por lo que pas\u00f3 con El Marginal, que me conf\u00eden este tipo de personajes. Despu\u00e9s ya para ponerme m\u00e1s fino, lo que puedo estar buscando son personajes distintos, que se me corra un poco de lo que fue Diosito. No hay problema con eso porque Diosito es tan particular que no creo que otro personaje tenga que ver con \u00e9l.<\/p>\n<p>T:- Ahora para El Marginal propusiste un look especial y los dientes, \u00bfqu\u00e9 sent\u00eds que aportaste ahora para este nuevo Diosito de la tercera temporada?<\/p>\n<p>NF:- Tiene m\u00e1s que ver con la parte m\u00e1s actoral. La caracterizaci\u00f3n f\u00edsica ya est\u00e1, es igual que en las otras temporadas. En esta puedo aportar cosas que tengan que ver m\u00e1s con la personalidad de Diosito que seguimos conociendo y se sigue abriendo con sorpresas y con lugares emotivos en los que todav\u00eda no lo vimos parado a este personaje y en esta temporada s\u00ed.<\/p>\n<p>T:- \u00bfVos como actor en qu\u00e9 matiz te sent\u00eds m\u00e1s c\u00f3modo?<\/p>\n<p>NF:- Me gusta cuando en un mismo proyecto puedo mezclar varios g\u00e9neros. Es as\u00ed la vida misma, uno puede estar en un velorio y si surge una situaci\u00f3n graciosa te re\u00eds igual. Esa mezcla y esa contradicci\u00f3n en los personajes es lo que busco representar como actor. El Marginal podemos decir que es un policial o que es un drama, pero mi personaje cuando puede juega con la comedia y cuando tiene que conmover supongo que logra hacerlo. Me gustan los dos. (T\u00e9lam).<\/p>\n<div class=\"oasis-despues-del-contenido\" id=\"oasis-3951301852\"><img loading=\"lazy\" decoding=\"async\" src=\"https:\/\/oasisfm935.com.ar\/site\/wp-content\/uploads\/2020\/08\/47806202-8741-49f2-a5c9-d2f930e5baa1.jpg\" alt=\"\"  srcset=\"https:\/\/oasisfm935.com.ar\/site\/wp-content\/uploads\/2020\/08\/47806202-8741-49f2-a5c9-d2f930e5baa1.jpg 1080w, https:\/\/oasisfm935.com.ar\/site\/wp-content\/uploads\/2020\/08\/47806202-8741-49f2-a5c9-d2f930e5baa1-300x300.jpg 300w, https:\/\/oasisfm935.com.ar\/site\/wp-content\/uploads\/2020\/08\/47806202-8741-49f2-a5c9-d2f930e5baa1-1024x1024.jpg 1024w, https:\/\/oasisfm935.com.ar\/site\/wp-content\/uploads\/2020\/08\/47806202-8741-49f2-a5c9-d2f930e5baa1-150x150.jpg 150w, https:\/\/oasisfm935.com.ar\/site\/wp-content\/uploads\/2020\/08\/47806202-8741-49f2-a5c9-d2f930e5baa1-768x768.jpg 768w\" sizes=\"(max-width: 1080px) 100vw, 1080px\" class=\"no-lazyload\" width=\"1080\" height=\"1080\"  style=\"display: inline-block;\" \/><\/div>","protected":false},"excerpt":{"rendered":"<p>En el debut de su tercera temporada, la ficci\u00f3n argentina\u00a0\u00abEl Marginal\u00bb,\u00a0protagonizada por Nicol\u00e1s Furtado y Claudio Rissi, marc\u00f3\u00a013,5 puntos de rating\u00a0en La<\/p>\n","protected":false},"author":4,"featured_media":2278,"comment_status":"closed","ping_status":"open","sticky":false,"template":"","format":"standard","meta":{"colormag_page_layout":"default_layout","footnotes":""},"categories":[1],"tags":[],"class_list":["post-2277","post","type-post","status-publish","format-standard","has-post-thumbnail","hentry","category-sin-categoria"],"_links":{"self":[{"href":"https:\/\/oasisfm935.com.ar\/site\/wp-json\/wp\/v2\/posts\/2277","targetHints":{"allow":["GET"]}}],"collection":[{"href":"https:\/\/oasisfm935.com.ar\/site\/wp-json\/wp\/v2\/posts"}],"about":[{"href":"https:\/\/oasisfm935.com.ar\/site\/wp-json\/wp\/v2\/types\/post"}],"author":[{"embeddable":true,"href":"https:\/\/oasisfm935.com.ar\/site\/wp-json\/wp\/v2\/users\/4"}],"replies":[{"embeddable":true,"href":"https:\/\/oasisfm935.com.ar\/site\/wp-json\/wp\/v2\/comments?post=2277"}],"version-history":[{"count":1,"href":"https:\/\/oasisfm935.com.ar\/site\/wp-json\/wp\/v2\/posts\/2277\/revisions"}],"predecessor-version":[{"id":2279,"href":"https:\/\/oasisfm935.com.ar\/site\/wp-json\/wp\/v2\/posts\/2277\/revisions\/2279"}],"wp:featuredmedia":[{"embeddable":true,"href":"https:\/\/oasisfm935.com.ar\/site\/wp-json\/wp\/v2\/media\/2278"}],"wp:attachment":[{"href":"https:\/\/oasisfm935.com.ar\/site\/wp-json\/wp\/v2\/media?parent=2277"}],"wp:term":[{"taxonomy":"category","embeddable":true,"href":"https:\/\/oasisfm935.com.ar\/site\/wp-json\/wp\/v2\/categories?post=2277"},{"taxonomy":"post_tag","embeddable":true,"href":"https:\/\/oasisfm935.com.ar\/site\/wp-json\/wp\/v2\/tags?post=2277"}],"curies":[{"name":"wp","href":"https:\/\/api.w.org\/{rel}","templated":true}]}}