{"id":2281,"date":"2019-07-11T09:24:18","date_gmt":"2019-07-11T12:24:18","guid":{"rendered":"http:\/\/oasisfm935.com\/site\/?p=2281"},"modified":"2019-07-11T09:24:18","modified_gmt":"2019-07-11T12:24:18","slug":"la-ultima-fiesta-del-caballo-dejo-una-deuda-que-rondaria-los-2-millones","status":"publish","type":"post","link":"https:\/\/oasisfm935.com.ar\/site\/la-ultima-fiesta-del-caballo-dejo-una-deuda-que-rondaria-los-2-millones\/","title":{"rendered":"La \u00faltima Fiesta del Caballo dej\u00f3 una deuda que rondar\u00eda los $ 2 millones"},"content":{"rendered":"<p><strong>La \u00faltima edici\u00f3n de la Fiesta Nacional del Caballo arroj\u00f3 importantes p\u00e9rdidas econ\u00f3micas porque disminuy\u00f3 la concurrencia de p\u00fablico. La dif\u00edcil situaci\u00f3n que se vive en el pa\u00eds \u00abgolpe\u00f3 fuerte a esta fiesta porque hubo entre 1.500 y 2.000 personas menos por noche\u00bb, destacaron fuentes consultadas.<\/strong><\/p>\n<p>Voceros extraoficiales indicaron que el d\u00e9ficit que dej\u00f3 la tradicional celebraci\u00f3n norte\u00f1a rondar\u00eda los 2 millones de pesos que se cubrieron con cheques, pero algunos de ellos no se cubrieron por falta de fondos. Actualmente la deuda rondar\u00eda los 1,5 millones de pesos, y estar\u00eda refinanciada para los pr\u00f3ximos meses. \u00abCuando el p\u00fablico respondi\u00f3, se pagaba en efectivo. Esta \u00faltima edici\u00f3n hubo menos ingreso de p\u00fablico y dej\u00f3 una situaci\u00f3n muy complicada para cubrir los costos\u00bb, explicaron.<\/p>\n<p><strong>APORTES ECON\u00d3MICOS<\/strong><\/p>\n<p>El intendente de esta localidad, Oscar Zanoli, y los concejales mantuvieron -d\u00edas atr\u00e1s- una reuni\u00f3n para analizar la situaci\u00f3n de endeudamiento que afronta la comisi\u00f3n directiva del Club Costa Brava. Esta semana los dirigentes acercar\u00e1n a los funcionarios \u00abun detalle de la deuda final\u00bb que arroj\u00f3 la fiesta popular, y tambi\u00e9n un presupuesto con \u00ablos costos aproximados de la fiesta futura\u00bb.<\/p>\n<p>\u00abNo tengo precisiones, pero no tengo dudas que la situaci\u00f3n econ\u00f3mica tuvo mucho que ver y hubo un 30 \u00f3 40 por ciento menos de p\u00fablico que en otras ediciones. Es una celebraci\u00f3n muy cara para organizar, porque quiz\u00e1s ahora debe superar los 6 millones de pesos y si faltan 1.500 \u00f3 2.000 personas por noche, inevitablemente se generan deudas\u00bb, analiz\u00f3 Zanoli.<\/p>\n<p>\u00abLa instituci\u00f3n qued\u00f3 con una deuda que se cheque\u00f3 y se debe pagar. Hay gente que renunci\u00f3 a la comisi\u00f3n directiva y el aporte que se consigui\u00f3 (del gobierno provincial) pas\u00f3 por el Concejo Deliberante para ver c\u00f3mo podemos hacer los pagos para encontrar una soluci\u00f3n\u00bb, sostuvo el jefe comunal.<\/p>\n<p><strong>-Zanoli, \u00bfla instituci\u00f3n no tiene la documentaci\u00f3n al d\u00eda ante Personer\u00eda Jur\u00eddica?<\/strong><\/p>\n<p>-Tienen los balances presentado de 2017 y les falta la presentaci\u00f3n de la documentaci\u00f3n del a\u00f1o pasado y la convocatoria a asamblea para renovar la comisi\u00f3n directiva.<\/p>\n<p><strong>-Es una situaci\u00f3n compleja para una fiesta muy tradicional en el norte pampeano.<\/strong><\/p>\n<p>-S\u00ed. Esta fiesta dej\u00f3 de ser una fiesta de Costa Brava, porque es una fiesta de todos los luiggenses. Por eso se analiza conformar una comisi\u00f3n de festejos con integrantes de la comisi\u00f3n de Costa Brava, de cooperadoras de instituciones intermedias y de la Cultura municipal.<\/p>\n<p><strong>-\u00bfSe analiza municipalizar la organizaci\u00f3n de esta fiesta?<\/strong><\/p>\n<p>-Ser\u00eda muy poco responsable o coherente decir eso, porque ya me estoy yendo. La gente va a decir Zanoli estuvo 12 a\u00f1os y ahora plantea esto. Pero, el club anualmente fue cediendo cantinas y trabajos a comisiones de instituciones intermedias. Pero, la idea es que no se trabaje solamente el d\u00eda de la fiesta para llevarse un porcentaje de la recaudaci\u00f3n; sino trabajar todo el a\u00f1o en la organizaci\u00f3n de los festejos, y recaudar para pagar la fiesta. Esto es algo que aspiramos nosotros, los concejales y tambi\u00e9n (la intendenta electa) Patricia (Lav\u00edn). Pero, para esto necesitamos el acuerdo de la comisi\u00f3n directiva de Costa Brava.<\/p>\n<p>&nbsp;<\/p>\n<p>Fuente Radio Don<\/p>\n<div class=\"oasis-despues-del-contenido\" id=\"oasis-12175783\"><img loading=\"lazy\" decoding=\"async\" src=\"https:\/\/oasisfm935.com.ar\/site\/wp-content\/uploads\/2020\/08\/47806202-8741-49f2-a5c9-d2f930e5baa1.jpg\" alt=\"\"  srcset=\"https:\/\/oasisfm935.com.ar\/site\/wp-content\/uploads\/2020\/08\/47806202-8741-49f2-a5c9-d2f930e5baa1.jpg 1080w, https:\/\/oasisfm935.com.ar\/site\/wp-content\/uploads\/2020\/08\/47806202-8741-49f2-a5c9-d2f930e5baa1-300x300.jpg 300w, https:\/\/oasisfm935.com.ar\/site\/wp-content\/uploads\/2020\/08\/47806202-8741-49f2-a5c9-d2f930e5baa1-1024x1024.jpg 1024w, https:\/\/oasisfm935.com.ar\/site\/wp-content\/uploads\/2020\/08\/47806202-8741-49f2-a5c9-d2f930e5baa1-150x150.jpg 150w, https:\/\/oasisfm935.com.ar\/site\/wp-content\/uploads\/2020\/08\/47806202-8741-49f2-a5c9-d2f930e5baa1-768x768.jpg 768w\" sizes=\"(max-width: 1080px) 100vw, 1080px\" class=\"no-lazyload\" width=\"1080\" height=\"1080\"  style=\"display: inline-block;\" \/><\/div>","protected":false},"excerpt":{"rendered":"<p>La \u00faltima edici\u00f3n de la Fiesta Nacional del Caballo arroj\u00f3 importantes p\u00e9rdidas econ\u00f3micas porque disminuy\u00f3 la concurrencia de p\u00fablico. La dif\u00edcil situaci\u00f3n<\/p>\n","protected":false},"author":4,"featured_media":2282,"comment_status":"closed","ping_status":"open","sticky":false,"template":"","format":"standard","meta":{"colormag_page_layout":"default_layout","footnotes":""},"categories":[1],"tags":[],"class_list":["post-2281","post","type-post","status-publish","format-standard","has-post-thumbnail","hentry","category-sin-categoria"],"_links":{"self":[{"href":"https:\/\/oasisfm935.com.ar\/site\/wp-json\/wp\/v2\/posts\/2281","targetHints":{"allow":["GET"]}}],"collection":[{"href":"https:\/\/oasisfm935.com.ar\/site\/wp-json\/wp\/v2\/posts"}],"about":[{"href":"https:\/\/oasisfm935.com.ar\/site\/wp-json\/wp\/v2\/types\/post"}],"author":[{"embeddable":true,"href":"https:\/\/oasisfm935.com.ar\/site\/wp-json\/wp\/v2\/users\/4"}],"replies":[{"embeddable":true,"href":"https:\/\/oasisfm935.com.ar\/site\/wp-json\/wp\/v2\/comments?post=2281"}],"version-history":[{"count":1,"href":"https:\/\/oasisfm935.com.ar\/site\/wp-json\/wp\/v2\/posts\/2281\/revisions"}],"predecessor-version":[{"id":2283,"href":"https:\/\/oasisfm935.com.ar\/site\/wp-json\/wp\/v2\/posts\/2281\/revisions\/2283"}],"wp:featuredmedia":[{"embeddable":true,"href":"https:\/\/oasisfm935.com.ar\/site\/wp-json\/wp\/v2\/media\/2282"}],"wp:attachment":[{"href":"https:\/\/oasisfm935.com.ar\/site\/wp-json\/wp\/v2\/media?parent=2281"}],"wp:term":[{"taxonomy":"category","embeddable":true,"href":"https:\/\/oasisfm935.com.ar\/site\/wp-json\/wp\/v2\/categories?post=2281"},{"taxonomy":"post_tag","embeddable":true,"href":"https:\/\/oasisfm935.com.ar\/site\/wp-json\/wp\/v2\/tags?post=2281"}],"curies":[{"name":"wp","href":"https:\/\/api.w.org\/{rel}","templated":true}]}}