{"id":2284,"date":"2019-07-11T16:51:39","date_gmt":"2019-07-11T19:51:39","guid":{"rendered":"http:\/\/oasisfm935.com\/site\/?p=2284"},"modified":"2019-07-11T16:51:39","modified_gmt":"2019-07-11T19:51:39","slug":"la-luiggense-pampi-torre-se-presenta-en-casa-de-la-pampa","status":"publish","type":"post","link":"https:\/\/oasisfm935.com.ar\/site\/la-luiggense-pampi-torre-se-presenta-en-casa-de-la-pampa\/","title":{"rendered":"LA LUIGGENSE \u201cPAMPI\u201d TORRE SE PRESENTA EN CASA DE LA PAMPA."},"content":{"rendered":"<p>En una nueva edici\u00f3n del ciclo Cancionero Folcl\u00f3rico Pampeano, se presentar\u00e1 en la Casa de La Pampa en Buenos Aires la m\u00fasica y compositora Mar\u00eda Victoria \u201cPampi\u201d Torre, quien compartir\u00e1 su primer trabajo solista P.A.M.P.I. (Por amarte misteriosa paz infinita).<\/p>\n<p>&nbsp;<\/p>\n<p>El show tendr\u00e1 lugar el jueves 18 de julio a las 20 horas\u00a0en la sede de la representaci\u00f3n pampeana, ubicada en Suipacha 346, CABA, con entrada libre y gratuita.<\/p>\n<p>El repertorio de \u201cPampi\u201d Torre propone un recorrido musical por sus vivencias, pasando por amores, desamores, sensaciones, la familia, los amigos, su transformaci\u00f3n y su crecimiento. En Casa de La Pampa estar\u00e1 acompa\u00f1ada de los m\u00fasicos Alejandro Ulrich (bater\u00eda\/percusi\u00f3n), Mart\u00edn Ulrich (bajo) y Fran Ulrich (guitarra el\u00e9ctrica).<\/p>\n<p>La cantante oriunda de Ingeniero Luiggi ha participado en diversos proyectos musicales, destac\u00e1ndose sus presentaciones con Peteco Carabajal, Sara Mamani, Roxana Carabajal, Mariam Far\u00edas G\u00f3mez, Demi Carabajal y Paola Benal, entre otros. Desde hace ocho a\u00f1os integra Mavi D\u00edaz &amp; Las Folkies.<\/p>\n<p>El ciclo Cancionero Folcl\u00f3rico Pampeano es una de las propuestas culturales tradicionales de la Casa de La Pampa. En los \u00faltimos a\u00f1os recibi\u00f3 artistas de la talla de Roberto Yacomuzzi, Delfor Sombra, Lalo Molina, Juani De Pi\u00e1n y Nicol\u00e1s Rainone, entre otros.<\/p>\n<div class=\"oasis-despues-del-contenido\" id=\"oasis-786450043\"><img loading=\"lazy\" decoding=\"async\" src=\"https:\/\/oasisfm935.com.ar\/site\/wp-content\/uploads\/2020\/08\/47806202-8741-49f2-a5c9-d2f930e5baa1.jpg\" alt=\"\"  srcset=\"https:\/\/oasisfm935.com.ar\/site\/wp-content\/uploads\/2020\/08\/47806202-8741-49f2-a5c9-d2f930e5baa1.jpg 1080w, https:\/\/oasisfm935.com.ar\/site\/wp-content\/uploads\/2020\/08\/47806202-8741-49f2-a5c9-d2f930e5baa1-300x300.jpg 300w, https:\/\/oasisfm935.com.ar\/site\/wp-content\/uploads\/2020\/08\/47806202-8741-49f2-a5c9-d2f930e5baa1-1024x1024.jpg 1024w, https:\/\/oasisfm935.com.ar\/site\/wp-content\/uploads\/2020\/08\/47806202-8741-49f2-a5c9-d2f930e5baa1-150x150.jpg 150w, https:\/\/oasisfm935.com.ar\/site\/wp-content\/uploads\/2020\/08\/47806202-8741-49f2-a5c9-d2f930e5baa1-768x768.jpg 768w\" sizes=\"(max-width: 1080px) 100vw, 1080px\" class=\"no-lazyload\" width=\"1080\" height=\"1080\"  style=\"display: inline-block;\" \/><\/div>","protected":false},"excerpt":{"rendered":"<p>En una nueva edici\u00f3n del ciclo Cancionero Folcl\u00f3rico Pampeano, se presentar\u00e1 en la Casa de La Pampa en Buenos Aires la m\u00fasica<\/p>\n","protected":false},"author":4,"featured_media":2285,"comment_status":"closed","ping_status":"open","sticky":false,"template":"","format":"standard","meta":{"colormag_page_layout":"default_layout","footnotes":""},"categories":[2],"tags":[],"class_list":["post-2284","post","type-post","status-publish","format-standard","has-post-thumbnail","hentry","category-noticias"],"_links":{"self":[{"href":"https:\/\/oasisfm935.com.ar\/site\/wp-json\/wp\/v2\/posts\/2284","targetHints":{"allow":["GET"]}}],"collection":[{"href":"https:\/\/oasisfm935.com.ar\/site\/wp-json\/wp\/v2\/posts"}],"about":[{"href":"https:\/\/oasisfm935.com.ar\/site\/wp-json\/wp\/v2\/types\/post"}],"author":[{"embeddable":true,"href":"https:\/\/oasisfm935.com.ar\/site\/wp-json\/wp\/v2\/users\/4"}],"replies":[{"embeddable":true,"href":"https:\/\/oasisfm935.com.ar\/site\/wp-json\/wp\/v2\/comments?post=2284"}],"version-history":[{"count":2,"href":"https:\/\/oasisfm935.com.ar\/site\/wp-json\/wp\/v2\/posts\/2284\/revisions"}],"predecessor-version":[{"id":2287,"href":"https:\/\/oasisfm935.com.ar\/site\/wp-json\/wp\/v2\/posts\/2284\/revisions\/2287"}],"wp:featuredmedia":[{"embeddable":true,"href":"https:\/\/oasisfm935.com.ar\/site\/wp-json\/wp\/v2\/media\/2285"}],"wp:attachment":[{"href":"https:\/\/oasisfm935.com.ar\/site\/wp-json\/wp\/v2\/media?parent=2284"}],"wp:term":[{"taxonomy":"category","embeddable":true,"href":"https:\/\/oasisfm935.com.ar\/site\/wp-json\/wp\/v2\/categories?post=2284"},{"taxonomy":"post_tag","embeddable":true,"href":"https:\/\/oasisfm935.com.ar\/site\/wp-json\/wp\/v2\/tags?post=2284"}],"curies":[{"name":"wp","href":"https:\/\/api.w.org\/{rel}","templated":true}]}}