{"id":2296,"date":"2019-07-12T10:12:46","date_gmt":"2019-07-12T13:12:46","guid":{"rendered":"http:\/\/oasisfm935.com\/site\/?p=2296"},"modified":"2019-07-12T10:12:46","modified_gmt":"2019-07-12T13:12:46","slug":"monge-nos-quedaron-deudas-con-proveedores","status":"publish","type":"post","link":"https:\/\/oasisfm935.com.ar\/site\/monge-nos-quedaron-deudas-con-proveedores\/","title":{"rendered":"Monge: \u00abNos quedaron deudas con proveedores\u00bb"},"content":{"rendered":"<p>El presidente de Costa Brava de Ingeniero Luiggi, Roberto Monge, ayer asegur\u00f3 que se realizaron \u00abgestiones para cubrir la deuda que tiene el club con los proveedores\u00bb de la \u00faltima edici\u00f3n de la Fiesta Nacional del Caballo, indicando que actualmente el d\u00e9ficit ser\u00eda de m\u00e1s de 1 mill\u00f3n de pesos. Anunci\u00f3 que en septiembre se realizar\u00e1 la asamblea de renovaci\u00f3n de autoridades, y admiti\u00f3 que est\u00e1 dispuesto \u00aba dar un paso al costado\u00bb para que se sumen \u00abnueva gente con ganas de llevar adelante la instituci\u00f3n\u00bb.<br \/>\nLa \u00faltima Fiesta Nacional del Caballo arroj\u00f3 un importante d\u00e9ficit econ\u00f3mico, que rondar\u00eda los dos millones de pesos. Una parte del pasivo se fue cubriendo, y ahora la deuda est\u00e1 estimada en poco m\u00e1s de un mill\u00f3n de pesos. \u00abLa parte de folclore se cubri\u00f3 y qued\u00f3 pendiente una<br \/>\ndeuda con algunos proveedores y la parte de la jineteada con algunos tropilleros, fletes y caballos\u00bb, detall\u00f3 ayer Monge en una comunicaci\u00f3n telef\u00f3nica con Radio Don de esta localidad. \u00abNo nos fue bien en la \u00faltima edici\u00f3n por distintos factores, porque por la crisis econ\u00f3mica<br \/>\nconcurri\u00f3 menos cantidad de p\u00fablico, el fr\u00edo nos afect\u00f3 porque fueron noches frescas y estamos tratando de resolver el problema con las autoridades municipales y provinciales\u00bb, explic\u00f3 el entrevistado.<br \/>\nLa dirigencia de la entidad organizadora de la tradicional fiesta popular norte\u00f1a mantuvo reuniones con las autoridades municipales y concejales, donde transmitieron la situaci\u00f3n actual de la instituci\u00f3n. \u00abTratamos de resolver este problema\u00bb, dijo Monge.<br \/>\n-Monge, la Fiesta del Caballo siempre fue exitosa \u00bfc\u00f3mo se lleg\u00f3 a esta situaci\u00f3n?<br \/>\n-No ven\u00edamos del todo bien por distintos factores. Cuando el club est\u00e1 completamente saneado nos robaron toda la recaudaci\u00f3n de una fiesta exitosa, y a partir de ah\u00ed empezamos a generar deudas que ven\u00edamos solventando con la venta de entradas anticipadas, cosa que no<br \/>\ncorrespond\u00eda porque cubr\u00edamos una fiesta con la plata de la otra. Y lleg\u00f3 un momento donde las cosas no fueron bien, y se aument\u00f3 la deuda.<br \/>\n-\u00bfPara regularizar esta situaci\u00f3n recibir\u00e1n aportes del gobierno provincial?<br \/>\n-S\u00ed. Tenemos que convocar a asamblea y tenemos que presentar la documentaci\u00f3n, porque ten\u00edamos un per\u00edodo atrasado. En septiembre ser\u00e1 la asamblea.<br \/>\n-\u00bfYa tienen contratados artistas para la pr\u00f3xima edici\u00f3n?<br \/>\n-No. Esperamos la renovaci\u00f3n de autoridades del club, y despu\u00e9s veremos que artistas y que movimiento tendr\u00e1 la pr\u00f3xima fiesta.<br \/>\n-\u00bfYa est\u00e1n vendiendo las entradas anticipadas para la edici\u00f3n de enero del a\u00f1o pr\u00f3ximo?<br \/>\n-S\u00ed. Todos los a\u00f1os en enero ya salen a la venta las entradas anticipadas para que la gente pueda pagar en cuotas. La fiesta se tiene que hacer porque ya est\u00e1n las entradas vendidas.<br \/>\n-Zanoli nos dec\u00eda que se eval\u00faa hacer una convocatoria a dirigentes de las instituciones intermedias y de la comuna para conformar una comisi\u00f3n organizadora y colaborar con la dirigente de Costa Brava. \u00bfQu\u00e9 opina?<br \/>\n-S\u00ed. Nosotros a las instituciones locales le dimos participaci\u00f3n en la fiesta, y lo importante ser\u00eda que se acercar\u00e1n para participar en la organizaci\u00f3n.<br \/>\n-Monge, \u00bfpersonalmente est\u00e1 con ganas de continuar presidiendo el club y liderando la organizaci\u00f3n de esta fiesta?<br \/>\n-Mir\u00e1, hace un mont\u00f3n de a\u00f1os que estoy al frente de la instituci\u00f3n, y si se acercar\u00e1 gente nueva, gente con ganas de llevar adelante la instituci\u00f3n, habr\u00eda que dar un pasito al costado para que se acerquen nuevos colaboradores. Hemos solucionados varios problemas, y llegas a<br \/>\nuna instancia donde si no ten\u00e9s ayuda de afuera es imposible solucionar esos problemas. Siempre hemos tenido ayuda municipal y provincial. Y ahora si no tenemos ayuda no lo podremos sanear. Estimamos que todo quedar\u00e1 saneado antes de la asamblea, porque el gobierno provincial nos har\u00e1 un aporte para sanear la deuda del club.<\/p>\n<p>Diario La Arena<\/p>\n<div class=\"oasis-despues-del-contenido\" id=\"oasis-3410503849\"><img loading=\"lazy\" decoding=\"async\" src=\"https:\/\/oasisfm935.com.ar\/site\/wp-content\/uploads\/2020\/08\/47806202-8741-49f2-a5c9-d2f930e5baa1.jpg\" alt=\"\"  srcset=\"https:\/\/oasisfm935.com.ar\/site\/wp-content\/uploads\/2020\/08\/47806202-8741-49f2-a5c9-d2f930e5baa1.jpg 1080w, https:\/\/oasisfm935.com.ar\/site\/wp-content\/uploads\/2020\/08\/47806202-8741-49f2-a5c9-d2f930e5baa1-300x300.jpg 300w, https:\/\/oasisfm935.com.ar\/site\/wp-content\/uploads\/2020\/08\/47806202-8741-49f2-a5c9-d2f930e5baa1-1024x1024.jpg 1024w, https:\/\/oasisfm935.com.ar\/site\/wp-content\/uploads\/2020\/08\/47806202-8741-49f2-a5c9-d2f930e5baa1-150x150.jpg 150w, https:\/\/oasisfm935.com.ar\/site\/wp-content\/uploads\/2020\/08\/47806202-8741-49f2-a5c9-d2f930e5baa1-768x768.jpg 768w\" sizes=\"(max-width: 1080px) 100vw, 1080px\" class=\"no-lazyload\" width=\"1080\" height=\"1080\"  style=\"display: inline-block;\" \/><\/div>","protected":false},"excerpt":{"rendered":"<p>El presidente de Costa Brava de Ingeniero Luiggi, Roberto Monge, ayer asegur\u00f3 que se realizaron \u00abgestiones para cubrir la deuda que tiene<\/p>\n","protected":false},"author":4,"featured_media":2297,"comment_status":"closed","ping_status":"open","sticky":false,"template":"","format":"standard","meta":{"colormag_page_layout":"default_layout","footnotes":""},"categories":[2],"tags":[],"class_list":["post-2296","post","type-post","status-publish","format-standard","has-post-thumbnail","hentry","category-noticias"],"_links":{"self":[{"href":"https:\/\/oasisfm935.com.ar\/site\/wp-json\/wp\/v2\/posts\/2296","targetHints":{"allow":["GET"]}}],"collection":[{"href":"https:\/\/oasisfm935.com.ar\/site\/wp-json\/wp\/v2\/posts"}],"about":[{"href":"https:\/\/oasisfm935.com.ar\/site\/wp-json\/wp\/v2\/types\/post"}],"author":[{"embeddable":true,"href":"https:\/\/oasisfm935.com.ar\/site\/wp-json\/wp\/v2\/users\/4"}],"replies":[{"embeddable":true,"href":"https:\/\/oasisfm935.com.ar\/site\/wp-json\/wp\/v2\/comments?post=2296"}],"version-history":[{"count":1,"href":"https:\/\/oasisfm935.com.ar\/site\/wp-json\/wp\/v2\/posts\/2296\/revisions"}],"predecessor-version":[{"id":2298,"href":"https:\/\/oasisfm935.com.ar\/site\/wp-json\/wp\/v2\/posts\/2296\/revisions\/2298"}],"wp:featuredmedia":[{"embeddable":true,"href":"https:\/\/oasisfm935.com.ar\/site\/wp-json\/wp\/v2\/media\/2297"}],"wp:attachment":[{"href":"https:\/\/oasisfm935.com.ar\/site\/wp-json\/wp\/v2\/media?parent=2296"}],"wp:term":[{"taxonomy":"category","embeddable":true,"href":"https:\/\/oasisfm935.com.ar\/site\/wp-json\/wp\/v2\/categories?post=2296"},{"taxonomy":"post_tag","embeddable":true,"href":"https:\/\/oasisfm935.com.ar\/site\/wp-json\/wp\/v2\/tags?post=2296"}],"curies":[{"name":"wp","href":"https:\/\/api.w.org\/{rel}","templated":true}]}}