{"id":2313,"date":"2019-07-13T10:46:43","date_gmt":"2019-07-13T13:46:43","guid":{"rendered":"http:\/\/oasisfm935.com\/site\/?p=2313"},"modified":"2019-07-13T10:46:43","modified_gmt":"2019-07-13T13:46:43","slug":"nuevos-requisitos-para-la-tarifa-social-de-camuzzi","status":"publish","type":"post","link":"https:\/\/oasisfm935.com.ar\/site\/nuevos-requisitos-para-la-tarifa-social-de-camuzzi\/","title":{"rendered":"Nuevos requisitos para la tarifa social de Camuzzi"},"content":{"rendered":"<p>Camuzzi Gas inform\u00f3 este viernes sobre\u00a0<strong>cambios en el procedimiento y nuevas condiciones para acceder a la Tarifa Social<\/strong>.<\/p>\n<p>Uno de los cambios es que\u00a0<strong>ahora todas las nuevas solicitudes deber\u00e1n ser cursadas a trav\u00e9s del sitio web de ANSES<\/strong>\u00a0(\u00a0<a href=\"http:\/\/www.anses.gob.ar\/\">www.anses.gob.ar<\/a>\u00a0). Para ello, los usuarios deber\u00e1n ingresar con su n\u00famero de CUIL y su correspondiente clave de la seguridad social. Los usuarios que ya cuentan con Tarifa Social no deber\u00e1n realizar ning\u00fan tr\u00e1mite adicional.<\/p>\n<p>Un dato relevante es que\u00a0<strong>el otorgamiento o denegaci\u00f3n de las Tarifas Sociales no es potestad de Camuzzi<\/strong>. Estas son resueltas exclusivamente por la Secretar\u00eda de Gobierno de Energ\u00eda de la Naci\u00f3n, y todos los meses se realizar\u00e1 un control para definir su mantenimiento.\u00a0<strong>La vigencia ser\u00e1 por 12 meses desde el otorgamiento<\/strong>, y podr\u00e1 ser renovada anualmente.<\/p>\n<p><strong>\u00bfQui\u00e9nes pueden ser beneficiarios de la Tarifa Social?<\/strong><\/p>\n<ul>\n<li>Jubilados y pensionados.<\/li>\n<li>Trabajadores en relaci\u00f3n de dependencia.<\/li>\n<li>Trabajadores monotributistas.<\/li>\n<li>Personas que cobren programas sociales.<\/li>\n<li>Empleados del servicio dom\u00e9stico.<\/li>\n<li>Monotributistas sociales.<\/li>\n<li>Personas que cobran la Prestaci\u00f3n por Desempleo.<\/li>\n<li>Personas que cobran la Pensi\u00f3n Honor\u00edfica para Veteranos de la Guerra del Atl\u00e1ntico Sur.<\/li>\n<li>Personas que cobran una Pensi\u00f3n no Contributiva.<\/li>\n<li>Titulares del servicio que cuenten con el Certificado \u00danico de Discapacidad (CUD).<\/li>\n<\/ul>\n<p>Para poder acceder a la Tarifa Social,\u00a0<strong>los interesados deber\u00e1n cumplir con los siguientes requisitos<\/strong>:<\/p>\n<ul>\n<li>Tener actualizados los datos personales y del grupo familiar (padre\/madre-hijo\/tenencia y c\u00f3nyuge\/conviviente) en ANSES.<\/li>\n<li>Ser titular del servicio de gas natural. En caso de no tener la factura a su nombre, se podr\u00e1 solicitar la Tarifa Social provisoria y\u00a0tendr\u00e1 un plazo de 3 meses para actualizar la titularidad del servicio.<\/li>\n<li>Los integrantes del grupo familiar no pueden tener m\u00e1s de un medidor de gas a su nombre.<\/li>\n<li>El ingreso del titular del servicio de gas no debe superar 2 salarios m\u00ednimos, vitales y m\u00f3viles ($25.000). Se consideran los ingresos brutos (sin descuentos). No se sumar\u00e1n los ingresos correspondientes a la Pensi\u00f3n Honor\u00edfica para Veteranos de la Guerra del Atl\u00e1ntico Sur, a programas sociales, al r\u00e9gimen especial de Seguridad Social para empleados del Servicio Dom\u00e9stico y a la Prestaci\u00f3n por Desempleo.<\/li>\n<li>No tener un veh\u00edculo con menos de 10 a\u00f1os de antig\u00fcedad. Este requisito no aplica para las personas que tengan emitido un certificado de discapacidad.<\/li>\n<li>No poseer m\u00e1s de un inmueble.<\/li>\n<li>No tener aeronaves y\/o embarcaciones de lujo.<\/li>\n<\/ul>\n<p>Para mayor informaci\u00f3n sobre la Tarifa Social, se puede consultar el sitio web de Camuzzi:\u00a0<a href=\"http:\/\/www.camuzzigas.com.ar\/hogares\/tarifa-social\">http:\/\/www.camuzzigas.com.ar\/hogares\/tarifa-social<\/a><\/p>\n<p><strong>Fuente: Diario La Arena (www.laarena.com.ar)<\/strong><\/p>\n<div class=\"oasis-despues-del-contenido\" id=\"oasis-1166970533\"><img loading=\"lazy\" decoding=\"async\" src=\"https:\/\/oasisfm935.com.ar\/site\/wp-content\/uploads\/2020\/08\/47806202-8741-49f2-a5c9-d2f930e5baa1.jpg\" alt=\"\"  srcset=\"https:\/\/oasisfm935.com.ar\/site\/wp-content\/uploads\/2020\/08\/47806202-8741-49f2-a5c9-d2f930e5baa1.jpg 1080w, https:\/\/oasisfm935.com.ar\/site\/wp-content\/uploads\/2020\/08\/47806202-8741-49f2-a5c9-d2f930e5baa1-300x300.jpg 300w, https:\/\/oasisfm935.com.ar\/site\/wp-content\/uploads\/2020\/08\/47806202-8741-49f2-a5c9-d2f930e5baa1-1024x1024.jpg 1024w, https:\/\/oasisfm935.com.ar\/site\/wp-content\/uploads\/2020\/08\/47806202-8741-49f2-a5c9-d2f930e5baa1-150x150.jpg 150w, https:\/\/oasisfm935.com.ar\/site\/wp-content\/uploads\/2020\/08\/47806202-8741-49f2-a5c9-d2f930e5baa1-768x768.jpg 768w\" sizes=\"(max-width: 1080px) 100vw, 1080px\" class=\"no-lazyload\" width=\"1080\" height=\"1080\"  style=\"display: inline-block;\" \/><\/div>","protected":false},"excerpt":{"rendered":"<p>Camuzzi Gas inform\u00f3 este viernes sobre\u00a0cambios en el procedimiento y nuevas condiciones para acceder a la Tarifa Social. Uno de los cambios<\/p>\n","protected":false},"author":4,"featured_media":2314,"comment_status":"closed","ping_status":"open","sticky":false,"template":"","format":"standard","meta":{"colormag_page_layout":"default_layout","footnotes":""},"categories":[2],"tags":[],"class_list":["post-2313","post","type-post","status-publish","format-standard","has-post-thumbnail","hentry","category-noticias"],"_links":{"self":[{"href":"https:\/\/oasisfm935.com.ar\/site\/wp-json\/wp\/v2\/posts\/2313","targetHints":{"allow":["GET"]}}],"collection":[{"href":"https:\/\/oasisfm935.com.ar\/site\/wp-json\/wp\/v2\/posts"}],"about":[{"href":"https:\/\/oasisfm935.com.ar\/site\/wp-json\/wp\/v2\/types\/post"}],"author":[{"embeddable":true,"href":"https:\/\/oasisfm935.com.ar\/site\/wp-json\/wp\/v2\/users\/4"}],"replies":[{"embeddable":true,"href":"https:\/\/oasisfm935.com.ar\/site\/wp-json\/wp\/v2\/comments?post=2313"}],"version-history":[{"count":1,"href":"https:\/\/oasisfm935.com.ar\/site\/wp-json\/wp\/v2\/posts\/2313\/revisions"}],"predecessor-version":[{"id":2315,"href":"https:\/\/oasisfm935.com.ar\/site\/wp-json\/wp\/v2\/posts\/2313\/revisions\/2315"}],"wp:featuredmedia":[{"embeddable":true,"href":"https:\/\/oasisfm935.com.ar\/site\/wp-json\/wp\/v2\/media\/2314"}],"wp:attachment":[{"href":"https:\/\/oasisfm935.com.ar\/site\/wp-json\/wp\/v2\/media?parent=2313"}],"wp:term":[{"taxonomy":"category","embeddable":true,"href":"https:\/\/oasisfm935.com.ar\/site\/wp-json\/wp\/v2\/categories?post=2313"},{"taxonomy":"post_tag","embeddable":true,"href":"https:\/\/oasisfm935.com.ar\/site\/wp-json\/wp\/v2\/tags?post=2313"}],"curies":[{"name":"wp","href":"https:\/\/api.w.org\/{rel}","templated":true}]}}