{"id":2316,"date":"2019-07-15T18:27:24","date_gmt":"2019-07-15T21:27:24","guid":{"rendered":"http:\/\/oasisfm935.com\/site\/?p=2316"},"modified":"2019-07-15T18:27:24","modified_gmt":"2019-07-15T21:27:24","slug":"campanas-que-anuncian-la-esperanza-video","status":"publish","type":"post","link":"https:\/\/oasisfm935.com.ar\/site\/campanas-que-anuncian-la-esperanza-video\/","title":{"rendered":"Campanas que anuncian la esperanza (Video)"},"content":{"rendered":"<p>Nuevamente en el Centro de Salud Abudara se volvi\u00f3 a sentir el ruido de la campana, ese que anuncia el fin del tratamiento de quimioterapia para los pacientes que all\u00ed se tratan contra el c\u00e1ncer.<\/p>\n<p>Y en este d\u00eda lunes fue el turno de M\u00f3nica Rosales, una mujer de Ingeniero Luiggi que tras dos a\u00f1os finaliz\u00f3 la terapia. Y como hab\u00eda pedido ella hace un tiempo, tras ver a un peque\u00f1o paciente del Garraham hacer lo mismo, hoy pudo tocar su campana. Porque si hoy esta la campana all\u00ed, es gracias a su idea y por supuesto, a quienes hicieron posible que se coloque y sea una especie de lugar sagrado.<\/p>\n<p><a href=\"http:\/\/oasisfm935.com\/site\/wp-content\/uploads\/2019\/07\/WhatsApp-Image-2019-07-15-at-12.08.09-1024x768.jpeg\"><img loading=\"lazy\" decoding=\"async\" class=\"alignnone size-full wp-image-2317\" src=\"http:\/\/oasisfm935.com\/site\/wp-content\/uploads\/2019\/07\/WhatsApp-Image-2019-07-15-at-12.08.09-1024x768.jpeg\" alt=\"\" width=\"1024\" height=\"768\" srcset=\"https:\/\/oasisfm935.com.ar\/site\/wp-content\/uploads\/2019\/07\/WhatsApp-Image-2019-07-15-at-12.08.09-1024x768.jpeg 1024w, https:\/\/oasisfm935.com.ar\/site\/wp-content\/uploads\/2019\/07\/WhatsApp-Image-2019-07-15-at-12.08.09-1024x768-300x225.jpeg 300w, https:\/\/oasisfm935.com.ar\/site\/wp-content\/uploads\/2019\/07\/WhatsApp-Image-2019-07-15-at-12.08.09-1024x768-768x576.jpeg 768w, https:\/\/oasisfm935.com.ar\/site\/wp-content\/uploads\/2019\/07\/WhatsApp-Image-2019-07-15-at-12.08.09-1024x768-678x509.jpeg 678w, https:\/\/oasisfm935.com.ar\/site\/wp-content\/uploads\/2019\/07\/WhatsApp-Image-2019-07-15-at-12.08.09-1024x768-326x245.jpeg 326w, https:\/\/oasisfm935.com.ar\/site\/wp-content\/uploads\/2019\/07\/WhatsApp-Image-2019-07-15-at-12.08.09-1024x768-80x60.jpeg 80w\" sizes=\"auto, (max-width: 1024px) 100vw, 1024px\" \/><\/a><\/p>\n<p>Fue un d\u00eda emocionante para todos los que all\u00ed estuvimos. Y nos sumamos a esta celebraci\u00f3n de la vida, porque quisimos estar presente para que todos conozcan a esta luchadora, como tantos otros, que le pele\u00f3 mano a mano a la enfermedad y hoy puede seguir viviendo junto a su familia.<\/p>\n<p>P\u00e1rrafo aparte para todo el equipo m\u00e9dico del centro de salud piquense, encabezado por el Doctor Mat\u00edas Tosso y la Doctora Guillermina Angelucci y el equipo de enfermeras y enfermeros que dan el alma y el coraz\u00f3n para que quienes all\u00ed concurren logren una mejor calidad de vida en este duro trance de salud.<\/p>\n<p>&nbsp;<\/p>\n<p>&nbsp;<\/p>\n<p><a href=\"http:\/\/oasisfm935.com\/site\/wp-content\/uploads\/2019\/07\/WhatsApp-Image-2019-07-15-at-12.08.09-4-1024x768.jpeg\"><img loading=\"lazy\" decoding=\"async\" class=\"alignnone size-full wp-image-2318\" src=\"http:\/\/oasisfm935.com\/site\/wp-content\/uploads\/2019\/07\/WhatsApp-Image-2019-07-15-at-12.08.09-4-1024x768.jpeg\" alt=\"\" width=\"1024\" height=\"768\" srcset=\"https:\/\/oasisfm935.com.ar\/site\/wp-content\/uploads\/2019\/07\/WhatsApp-Image-2019-07-15-at-12.08.09-4-1024x768.jpeg 1024w, https:\/\/oasisfm935.com.ar\/site\/wp-content\/uploads\/2019\/07\/WhatsApp-Image-2019-07-15-at-12.08.09-4-1024x768-300x225.jpeg 300w, https:\/\/oasisfm935.com.ar\/site\/wp-content\/uploads\/2019\/07\/WhatsApp-Image-2019-07-15-at-12.08.09-4-1024x768-768x576.jpeg 768w, https:\/\/oasisfm935.com.ar\/site\/wp-content\/uploads\/2019\/07\/WhatsApp-Image-2019-07-15-at-12.08.09-4-1024x768-678x509.jpeg 678w, https:\/\/oasisfm935.com.ar\/site\/wp-content\/uploads\/2019\/07\/WhatsApp-Image-2019-07-15-at-12.08.09-4-1024x768-326x245.jpeg 326w, https:\/\/oasisfm935.com.ar\/site\/wp-content\/uploads\/2019\/07\/WhatsApp-Image-2019-07-15-at-12.08.09-4-1024x768-80x60.jpeg 80w\" sizes=\"auto, (max-width: 1024px) 100vw, 1024px\" \/><\/a><\/p>\n<p>A continuaci\u00f3n, transmitido en vivo a trav\u00e9s de nuestra Fan Page, el momento en que M\u00f3nica Rosales tocaba junto a sus nietos e hijos, la campana decretando el fin del tratamiento de quimioterapia.<\/p>\n<p>&nbsp;<\/p>\n<div id=\"fb-root\"><\/div>\n<p><script async=\"1\" defer=\"1\" crossorigin=\"anonymous\" src=\"https:\/\/connect.facebook.net\/es_LA\/sdk.js#xfbml=1&amp;version=v7.0\"><\/script><\/p>\n<div class=\"fb-video\" data-href=\"https:\/\/www.facebook.com\/pampadiario\/videos\/358102971767338\/?t=0\" data-width=\"800\">\n<blockquote cite=\"https:\/\/www.facebook.com\/pampadiario\/videos\/358102971767338\/\" class=\"fb-xfbml-parse-ignore\"><p><a href=\"https:\/\/www.facebook.com\/pampadiario\/videos\/358102971767338\/\"><\/a><\/p>\n<p>&quot;La campana m\u00e1s emotiva&quot;Compartimos el momento de la \u00faltima quimioterapia con M\u00f3nica Rosales.En vivo, desde el Centro Salvador Abudara.<\/p>\n<p>Publicado por <a href=\"https:\/\/www.facebook.com\/pampadiario\/\">pampadiario.com<\/a> en Lunes, 15 de julio de 2019<\/p><\/blockquote>\n<\/div>\n<p><a href=\"http:\/\/oasisfm935.com\/site\/wp-content\/uploads\/2019\/07\/WhatsApp-Image-2019-07-15-at-12.08.09-2-1024x768.jpeg\"><img loading=\"lazy\" decoding=\"async\" class=\"alignnone size-full wp-image-2319\" src=\"http:\/\/oasisfm935.com\/site\/wp-content\/uploads\/2019\/07\/WhatsApp-Image-2019-07-15-at-12.08.09-2-1024x768.jpeg\" alt=\"\" width=\"1024\" height=\"768\" srcset=\"https:\/\/oasisfm935.com.ar\/site\/wp-content\/uploads\/2019\/07\/WhatsApp-Image-2019-07-15-at-12.08.09-2-1024x768.jpeg 1024w, https:\/\/oasisfm935.com.ar\/site\/wp-content\/uploads\/2019\/07\/WhatsApp-Image-2019-07-15-at-12.08.09-2-1024x768-300x225.jpeg 300w, https:\/\/oasisfm935.com.ar\/site\/wp-content\/uploads\/2019\/07\/WhatsApp-Image-2019-07-15-at-12.08.09-2-1024x768-768x576.jpeg 768w, https:\/\/oasisfm935.com.ar\/site\/wp-content\/uploads\/2019\/07\/WhatsApp-Image-2019-07-15-at-12.08.09-2-1024x768-678x509.jpeg 678w, https:\/\/oasisfm935.com.ar\/site\/wp-content\/uploads\/2019\/07\/WhatsApp-Image-2019-07-15-at-12.08.09-2-1024x768-326x245.jpeg 326w, https:\/\/oasisfm935.com.ar\/site\/wp-content\/uploads\/2019\/07\/WhatsApp-Image-2019-07-15-at-12.08.09-2-1024x768-80x60.jpeg 80w\" sizes=\"auto, (max-width: 1024px) 100vw, 1024px\" \/><\/a> <a href=\"http:\/\/oasisfm935.com\/site\/wp-content\/uploads\/2019\/07\/WhatsApp-Image-2019-07-15-at-12.08.09-3-1024x768.jpeg\"><img loading=\"lazy\" decoding=\"async\" class=\"alignnone size-full wp-image-2320\" src=\"http:\/\/oasisfm935.com\/site\/wp-content\/uploads\/2019\/07\/WhatsApp-Image-2019-07-15-at-12.08.09-3-1024x768.jpeg\" alt=\"\" width=\"1024\" height=\"768\" srcset=\"https:\/\/oasisfm935.com.ar\/site\/wp-content\/uploads\/2019\/07\/WhatsApp-Image-2019-07-15-at-12.08.09-3-1024x768.jpeg 1024w, https:\/\/oasisfm935.com.ar\/site\/wp-content\/uploads\/2019\/07\/WhatsApp-Image-2019-07-15-at-12.08.09-3-1024x768-300x225.jpeg 300w, https:\/\/oasisfm935.com.ar\/site\/wp-content\/uploads\/2019\/07\/WhatsApp-Image-2019-07-15-at-12.08.09-3-1024x768-768x576.jpeg 768w, https:\/\/oasisfm935.com.ar\/site\/wp-content\/uploads\/2019\/07\/WhatsApp-Image-2019-07-15-at-12.08.09-3-1024x768-678x509.jpeg 678w, https:\/\/oasisfm935.com.ar\/site\/wp-content\/uploads\/2019\/07\/WhatsApp-Image-2019-07-15-at-12.08.09-3-1024x768-326x245.jpeg 326w, https:\/\/oasisfm935.com.ar\/site\/wp-content\/uploads\/2019\/07\/WhatsApp-Image-2019-07-15-at-12.08.09-3-1024x768-80x60.jpeg 80w\" sizes=\"auto, (max-width: 1024px) 100vw, 1024px\" \/><\/a> <a href=\"http:\/\/oasisfm935.com\/site\/wp-content\/uploads\/2019\/07\/WhatsApp-Image-2019-07-15-at-12.08.09-1024x768-1.jpeg\"><img loading=\"lazy\" decoding=\"async\" class=\"alignnone size-full wp-image-2321\" src=\"http:\/\/oasisfm935.com\/site\/wp-content\/uploads\/2019\/07\/WhatsApp-Image-2019-07-15-at-12.08.09-1024x768-1.jpeg\" alt=\"\" width=\"1024\" height=\"768\" srcset=\"https:\/\/oasisfm935.com.ar\/site\/wp-content\/uploads\/2019\/07\/WhatsApp-Image-2019-07-15-at-12.08.09-1024x768-1.jpeg 1024w, https:\/\/oasisfm935.com.ar\/site\/wp-content\/uploads\/2019\/07\/WhatsApp-Image-2019-07-15-at-12.08.09-1024x768-1-300x225.jpeg 300w, https:\/\/oasisfm935.com.ar\/site\/wp-content\/uploads\/2019\/07\/WhatsApp-Image-2019-07-15-at-12.08.09-1024x768-1-768x576.jpeg 768w, https:\/\/oasisfm935.com.ar\/site\/wp-content\/uploads\/2019\/07\/WhatsApp-Image-2019-07-15-at-12.08.09-1024x768-1-678x509.jpeg 678w, https:\/\/oasisfm935.com.ar\/site\/wp-content\/uploads\/2019\/07\/WhatsApp-Image-2019-07-15-at-12.08.09-1024x768-1-326x245.jpeg 326w, https:\/\/oasisfm935.com.ar\/site\/wp-content\/uploads\/2019\/07\/WhatsApp-Image-2019-07-15-at-12.08.09-1024x768-1-80x60.jpeg 80w\" sizes=\"auto, (max-width: 1024px) 100vw, 1024px\" \/><\/a><\/p>\n<p>&nbsp;<\/p>\n<p>Fuente : Pampa Diario<\/p>\n<div class=\"oasis-despues-del-contenido\" id=\"oasis-3996448325\"><img loading=\"lazy\" decoding=\"async\" src=\"https:\/\/oasisfm935.com.ar\/site\/wp-content\/uploads\/2020\/08\/47806202-8741-49f2-a5c9-d2f930e5baa1.jpg\" alt=\"\"  srcset=\"https:\/\/oasisfm935.com.ar\/site\/wp-content\/uploads\/2020\/08\/47806202-8741-49f2-a5c9-d2f930e5baa1.jpg 1080w, https:\/\/oasisfm935.com.ar\/site\/wp-content\/uploads\/2020\/08\/47806202-8741-49f2-a5c9-d2f930e5baa1-300x300.jpg 300w, https:\/\/oasisfm935.com.ar\/site\/wp-content\/uploads\/2020\/08\/47806202-8741-49f2-a5c9-d2f930e5baa1-1024x1024.jpg 1024w, https:\/\/oasisfm935.com.ar\/site\/wp-content\/uploads\/2020\/08\/47806202-8741-49f2-a5c9-d2f930e5baa1-150x150.jpg 150w, https:\/\/oasisfm935.com.ar\/site\/wp-content\/uploads\/2020\/08\/47806202-8741-49f2-a5c9-d2f930e5baa1-768x768.jpg 768w\" sizes=\"(max-width: 1080px) 100vw, 1080px\" class=\"no-lazyload\" width=\"1080\" height=\"1080\"  style=\"display: inline-block;\" \/><\/div>","protected":false},"excerpt":{"rendered":"<p>Nuevamente en el Centro de Salud Abudara se volvi\u00f3 a sentir el ruido de la campana, ese que anuncia el fin del<\/p>\n","protected":false},"author":4,"featured_media":2322,"comment_status":"closed","ping_status":"open","sticky":false,"template":"","format":"standard","meta":{"colormag_page_layout":"default_layout","footnotes":""},"categories":[2],"tags":[],"class_list":["post-2316","post","type-post","status-publish","format-standard","has-post-thumbnail","hentry","category-noticias"],"_links":{"self":[{"href":"https:\/\/oasisfm935.com.ar\/site\/wp-json\/wp\/v2\/posts\/2316","targetHints":{"allow":["GET"]}}],"collection":[{"href":"https:\/\/oasisfm935.com.ar\/site\/wp-json\/wp\/v2\/posts"}],"about":[{"href":"https:\/\/oasisfm935.com.ar\/site\/wp-json\/wp\/v2\/types\/post"}],"author":[{"embeddable":true,"href":"https:\/\/oasisfm935.com.ar\/site\/wp-json\/wp\/v2\/users\/4"}],"replies":[{"embeddable":true,"href":"https:\/\/oasisfm935.com.ar\/site\/wp-json\/wp\/v2\/comments?post=2316"}],"version-history":[{"count":1,"href":"https:\/\/oasisfm935.com.ar\/site\/wp-json\/wp\/v2\/posts\/2316\/revisions"}],"predecessor-version":[{"id":2323,"href":"https:\/\/oasisfm935.com.ar\/site\/wp-json\/wp\/v2\/posts\/2316\/revisions\/2323"}],"wp:featuredmedia":[{"embeddable":true,"href":"https:\/\/oasisfm935.com.ar\/site\/wp-json\/wp\/v2\/media\/2322"}],"wp:attachment":[{"href":"https:\/\/oasisfm935.com.ar\/site\/wp-json\/wp\/v2\/media?parent=2316"}],"wp:term":[{"taxonomy":"category","embeddable":true,"href":"https:\/\/oasisfm935.com.ar\/site\/wp-json\/wp\/v2\/categories?post=2316"},{"taxonomy":"post_tag","embeddable":true,"href":"https:\/\/oasisfm935.com.ar\/site\/wp-json\/wp\/v2\/tags?post=2316"}],"curies":[{"name":"wp","href":"https:\/\/api.w.org\/{rel}","templated":true}]}}