{"id":2339,"date":"2019-07-19T07:31:26","date_gmt":"2019-07-19T10:31:26","guid":{"rendered":"http:\/\/oasisfm935.com\/site\/?p=2339"},"modified":"2019-07-19T07:40:18","modified_gmt":"2019-07-19T10:40:18","slug":"la-pampa-volvio-a-temblar-esta-vez-fue-bernardo-larroude","status":"publish","type":"post","link":"https:\/\/oasisfm935.com.ar\/site\/la-pampa-volvio-a-temblar-esta-vez-fue-bernardo-larroude\/","title":{"rendered":"La Pampa volvi\u00f3 a temblar, esta vez fue Bernardo Larroud\u00e9"},"content":{"rendered":"<p>&nbsp;<\/p>\n<div class=\"letracopetenota\">Ocurri\u00f3 durante la noche del jueves. Tambi\u00e9n se sinti\u00f3 en localidades bonaerenses como General Villegas y Banderal\u00f3.<\/div>\n<div class=\"letranota text-justify padt15\">\n<p>El jueves a la noche, alrededor de las 22, varios vecinos de Bernardo Larroud\u00e9 informaron haber sentido algo que describen como un fen\u00f3meno tel\u00farico. Vale recordar que el 28 de junio, el Instituto Nacional de Prevenci\u00f3n S\u00edsmica confirm\u00f3 un\u00a0 Sismo en Caleufu.<\/p>\n<p>Algunos aseguran que se trat\u00f3 de un sismo, otros no saben a qu\u00e9 atribuir lo ocurrido. Lo mismo pas\u00f3 en las localidades bonaerenses de General Villegas y Banderal\u00f3, donde se reportaron \u201ctemblores del piso\u201d a trav\u00e9s de las redes sociales.<\/p>\n<p>\u201cAca se sinti\u00f3 como si hubiera chocado un tren o un golpe as\u00ed de vagones, no s\u00e9&#8230; se sinti\u00f3 como una explosi\u00f3n abajo del piso de la casa\u201d, cont\u00f3 una mujer a Infotec.<\/p>\n<p><strong>Sismos en el pa\u00eds<\/strong><\/p>\n<p>Este jueves 18 de julio se notificaron peque\u00f1os sismos en las provincias de San Juan, Catamarca y La Rioja.<\/p>\n<p>Los de San Juan tuvieron lugar pasadas las 22:30 y alcanzaron una intensidad de 2,6 y 2,7 respectivamente medidos de manera autom\u00e1tica, aguard\u00e1ndose ahora la confirmaci\u00f3n oficial<\/p>\n<p>Fuente : Maraco digital<\/p>\n<\/div>\n<div class=\"oasis-despues-del-contenido\" id=\"oasis-4278991432\"><img loading=\"lazy\" decoding=\"async\" src=\"https:\/\/oasisfm935.com.ar\/site\/wp-content\/uploads\/2020\/08\/47806202-8741-49f2-a5c9-d2f930e5baa1.jpg\" alt=\"\"  srcset=\"https:\/\/oasisfm935.com.ar\/site\/wp-content\/uploads\/2020\/08\/47806202-8741-49f2-a5c9-d2f930e5baa1.jpg 1080w, https:\/\/oasisfm935.com.ar\/site\/wp-content\/uploads\/2020\/08\/47806202-8741-49f2-a5c9-d2f930e5baa1-300x300.jpg 300w, https:\/\/oasisfm935.com.ar\/site\/wp-content\/uploads\/2020\/08\/47806202-8741-49f2-a5c9-d2f930e5baa1-1024x1024.jpg 1024w, https:\/\/oasisfm935.com.ar\/site\/wp-content\/uploads\/2020\/08\/47806202-8741-49f2-a5c9-d2f930e5baa1-150x150.jpg 150w, https:\/\/oasisfm935.com.ar\/site\/wp-content\/uploads\/2020\/08\/47806202-8741-49f2-a5c9-d2f930e5baa1-768x768.jpg 768w\" sizes=\"(max-width: 1080px) 100vw, 1080px\" class=\"no-lazyload\" width=\"1080\" height=\"1080\"  style=\"display: inline-block;\" \/><\/div>","protected":false},"excerpt":{"rendered":"<p>&nbsp; Ocurri\u00f3 durante la noche del jueves. Tambi\u00e9n se sinti\u00f3 en localidades bonaerenses como General Villegas y Banderal\u00f3. El jueves a la<\/p>\n","protected":false},"author":4,"featured_media":2340,"comment_status":"closed","ping_status":"open","sticky":false,"template":"","format":"standard","meta":{"colormag_page_layout":"default_layout","footnotes":""},"categories":[2],"tags":[],"class_list":["post-2339","post","type-post","status-publish","format-standard","has-post-thumbnail","hentry","category-noticias"],"_links":{"self":[{"href":"https:\/\/oasisfm935.com.ar\/site\/wp-json\/wp\/v2\/posts\/2339","targetHints":{"allow":["GET"]}}],"collection":[{"href":"https:\/\/oasisfm935.com.ar\/site\/wp-json\/wp\/v2\/posts"}],"about":[{"href":"https:\/\/oasisfm935.com.ar\/site\/wp-json\/wp\/v2\/types\/post"}],"author":[{"embeddable":true,"href":"https:\/\/oasisfm935.com.ar\/site\/wp-json\/wp\/v2\/users\/4"}],"replies":[{"embeddable":true,"href":"https:\/\/oasisfm935.com.ar\/site\/wp-json\/wp\/v2\/comments?post=2339"}],"version-history":[{"count":2,"href":"https:\/\/oasisfm935.com.ar\/site\/wp-json\/wp\/v2\/posts\/2339\/revisions"}],"predecessor-version":[{"id":2342,"href":"https:\/\/oasisfm935.com.ar\/site\/wp-json\/wp\/v2\/posts\/2339\/revisions\/2342"}],"wp:featuredmedia":[{"embeddable":true,"href":"https:\/\/oasisfm935.com.ar\/site\/wp-json\/wp\/v2\/media\/2340"}],"wp:attachment":[{"href":"https:\/\/oasisfm935.com.ar\/site\/wp-json\/wp\/v2\/media?parent=2339"}],"wp:term":[{"taxonomy":"category","embeddable":true,"href":"https:\/\/oasisfm935.com.ar\/site\/wp-json\/wp\/v2\/categories?post=2339"},{"taxonomy":"post_tag","embeddable":true,"href":"https:\/\/oasisfm935.com.ar\/site\/wp-json\/wp\/v2\/tags?post=2339"}],"curies":[{"name":"wp","href":"https:\/\/api.w.org\/{rel}","templated":true}]}}