{"id":2353,"date":"2019-07-20T21:08:05","date_gmt":"2019-07-21T00:08:05","guid":{"rendered":"http:\/\/oasisfm935.com\/site\/?p=2353"},"modified":"2019-07-20T21:10:16","modified_gmt":"2019-07-21T00:10:16","slug":"madrugada-agitada-en-luiggi-tres-vehiculos-afectados","status":"publish","type":"post","link":"https:\/\/oasisfm935.com.ar\/site\/madrugada-agitada-en-luiggi-tres-vehiculos-afectados\/","title":{"rendered":"Madrugada agitada en Luiggi: Tres veh\u00edculos afectados"},"content":{"rendered":"<div class=\"itemIntroText\">\n<p><strong>Como ya anticipamos, desconocidos da\u00f1aron una camioneta y tambi\u00e9n se llevaron un auto y una moto.<\/strong><\/p>\n<\/div>\n<div class=\"itemFullText\">\n<blockquote><p>Zonal Noticias dialog\u00f3 con el oficial principal Tolosa quien confirm\u00f3 que el joven El\u00edas Dami\u00e1n Aguilera,\u00a0 sufri\u00f3 el ataque de desconocidos que ingresaron\u00a0 a la camioneta de la empresa en la cual trabaja (San Miguel Agropecuaria) que estaba estacionada en su domicilio, con las llaves colocadas,\u00a0 debajo de un techito, sobre la calle Mitre.<\/p>\n<p>El hecho ocurri\u00f3 a la hora 5 de este s\u00e1bado, donde desconocidos ingresaron a la Toyota Hilux y robaron una mochila color roja y gris donde conten\u00eda importante documentaci\u00f3n. Tambi\u00e9n se llevaron un tel\u00e9fono celular marca Black Berry en desuso.<\/p><\/blockquote>\n<p><strong>Pero lo m\u00e1s lamentable fue el da\u00f1o causado a la camioneta, ya que aparentemente la puerta qued\u00f3 abierta y al sacarle la palanca de cambio, los autores del robo hicieron que el rodado se vaya hacia atr\u00e1s y termine impactando contra\u00a0 el poste de luz\u00a0 del frente de la vivienda.<\/strong><\/p>\n<p>La camioneta es propiedad de la empresa donde trabaja Aguilera<\/p>\n<p><strong>Auto robado y encontrado<\/strong><\/p>\n<p>El uniformado inform\u00f3 \u00abposteriormente, a la hora 5:30 recibimos otro llamado del vecino Willims Dami\u00e1n Flores, dando a conocer que se hab\u00edan llevado su veh\u00edculo particular que se encontraba estacionado en calle Castelli\u00bb.<\/p>\n<p>Se trata de un autom\u00f3vil Fiat 128 color gris.<\/p>\n<p>Inmediatamente la polic\u00eda dio con el autom\u00f3vil, ya que hab\u00eda sido abandonado en calle Mitre entre Juan Jos\u00e9 Paso y Col\u00f3n.<\/p>\n<p><strong>\u201cDel interior falt\u00f3 un par de botines de f\u00fatbol talle 41 y la licencia de conducir de Flores\u201d,<\/strong>\u00a0explic\u00f3 el oficial a cargo.<\/p>\n<hr \/>\n<p><strong>Moto robada\u00a0<\/strong><\/p>\n<p>Adem\u00e1s, como si fuera poco, a la hora 8:55, la Departamental recibi\u00f3 otra denuncia del vecino Brian Jes\u00fas Natta, quien denunci\u00f3 el faltante de su motocicleta entre la hora 0 y 8 de este s\u00e1bado.<\/p>\n<p>Se trata de una moto marca Benelli de 150 cc, color negra.<\/p>\n<blockquote><p>\u201cTras un r\u00e1pido despliegue se realiz\u00f3 un rastrillaje por toda la zona urbana del veh\u00edculo menor y a media ma\u00f1ana se logr\u00f3 su ubicaci\u00f3n, La moto fue encontrada al lado de un galp\u00f3n en la zona sur de la localidad en cercan\u00edas del Colegio H\u00e9roes de la Patria\u201d cont\u00f3 el uniformado.<\/p><\/blockquote>\n<p>La misma fue llevada a la comisar\u00eda para tratar de identificar huellas y dem\u00e1s evidencias.<\/p>\n<blockquote><p>Sobre estos tres hechos, la polic\u00eda de Luiggi se encuentra investigando y analizando las im\u00e1genes de las distintas c\u00e1maras de seguridad para tratar de identificar al o los responsables.<\/p><\/blockquote>\n<p>Zonal Noticias<\/p>\n<\/div>\n<div class=\"oasis-despues-del-contenido\" id=\"oasis-2580342839\"><img loading=\"lazy\" decoding=\"async\" src=\"https:\/\/oasisfm935.com.ar\/site\/wp-content\/uploads\/2020\/08\/47806202-8741-49f2-a5c9-d2f930e5baa1.jpg\" alt=\"\"  srcset=\"https:\/\/oasisfm935.com.ar\/site\/wp-content\/uploads\/2020\/08\/47806202-8741-49f2-a5c9-d2f930e5baa1.jpg 1080w, https:\/\/oasisfm935.com.ar\/site\/wp-content\/uploads\/2020\/08\/47806202-8741-49f2-a5c9-d2f930e5baa1-300x300.jpg 300w, https:\/\/oasisfm935.com.ar\/site\/wp-content\/uploads\/2020\/08\/47806202-8741-49f2-a5c9-d2f930e5baa1-1024x1024.jpg 1024w, https:\/\/oasisfm935.com.ar\/site\/wp-content\/uploads\/2020\/08\/47806202-8741-49f2-a5c9-d2f930e5baa1-150x150.jpg 150w, https:\/\/oasisfm935.com.ar\/site\/wp-content\/uploads\/2020\/08\/47806202-8741-49f2-a5c9-d2f930e5baa1-768x768.jpg 768w\" sizes=\"(max-width: 1080px) 100vw, 1080px\" class=\"no-lazyload\" width=\"1080\" height=\"1080\"  style=\"display: inline-block;\" \/><\/div>","protected":false},"excerpt":{"rendered":"<p>Como ya anticipamos, desconocidos da\u00f1aron una camioneta y tambi\u00e9n se llevaron un auto y una moto. Zonal Noticias dialog\u00f3 con el oficial<\/p>\n","protected":false},"author":4,"featured_media":2329,"comment_status":"closed","ping_status":"open","sticky":false,"template":"","format":"standard","meta":{"colormag_page_layout":"default_layout","footnotes":""},"categories":[2],"tags":[],"class_list":["post-2353","post","type-post","status-publish","format-standard","has-post-thumbnail","hentry","category-noticias"],"_links":{"self":[{"href":"https:\/\/oasisfm935.com.ar\/site\/wp-json\/wp\/v2\/posts\/2353","targetHints":{"allow":["GET"]}}],"collection":[{"href":"https:\/\/oasisfm935.com.ar\/site\/wp-json\/wp\/v2\/posts"}],"about":[{"href":"https:\/\/oasisfm935.com.ar\/site\/wp-json\/wp\/v2\/types\/post"}],"author":[{"embeddable":true,"href":"https:\/\/oasisfm935.com.ar\/site\/wp-json\/wp\/v2\/users\/4"}],"replies":[{"embeddable":true,"href":"https:\/\/oasisfm935.com.ar\/site\/wp-json\/wp\/v2\/comments?post=2353"}],"version-history":[{"count":3,"href":"https:\/\/oasisfm935.com.ar\/site\/wp-json\/wp\/v2\/posts\/2353\/revisions"}],"predecessor-version":[{"id":2356,"href":"https:\/\/oasisfm935.com.ar\/site\/wp-json\/wp\/v2\/posts\/2353\/revisions\/2356"}],"wp:featuredmedia":[{"embeddable":true,"href":"https:\/\/oasisfm935.com.ar\/site\/wp-json\/wp\/v2\/media\/2329"}],"wp:attachment":[{"href":"https:\/\/oasisfm935.com.ar\/site\/wp-json\/wp\/v2\/media?parent=2353"}],"wp:term":[{"taxonomy":"category","embeddable":true,"href":"https:\/\/oasisfm935.com.ar\/site\/wp-json\/wp\/v2\/categories?post=2353"},{"taxonomy":"post_tag","embeddable":true,"href":"https:\/\/oasisfm935.com.ar\/site\/wp-json\/wp\/v2\/tags?post=2353"}],"curies":[{"name":"wp","href":"https:\/\/api.w.org\/{rel}","templated":true}]}}