{"id":2364,"date":"2019-07-22T09:33:57","date_gmt":"2019-07-22T12:33:57","guid":{"rendered":"http:\/\/oasisfm935.com\/site\/?p=2364"},"modified":"2019-07-22T09:33:57","modified_gmt":"2019-07-22T12:33:57","slug":"la-cantante-luiggense-pampi-torre-presento-su-trabajo-discografico-en-la-casa-de-la-pampa","status":"publish","type":"post","link":"https:\/\/oasisfm935.com.ar\/site\/la-cantante-luiggense-pampi-torre-presento-su-trabajo-discografico-en-la-casa-de-la-pampa\/","title":{"rendered":"La cantante luiggense \u00abPampi\u201d Torre present\u00f3 su trabajo discogr\u00e1fico en la Casa de La Pampa"},"content":{"rendered":"<p><strong>La cantante Mar\u00eda Victoria \u00abPampi\u00bb Torre llen\u00f3 de pampeanidad la Casa de La Pampa en Buenos Aires. La joven nacida en Ingeniero Luiggi\u00a0 present\u00f3 -el jueves pasado- su disco P.A.M.P.I., en el marco del ciclo musical Cancionero Folcl\u00f3rico Pampeano.<\/strong><\/p>\n<p>\u00abPampi\u00bb Torre se present\u00f3 acompa\u00f1ada por los m\u00fasicos Alejandro Ulrich (bater\u00eda\/percusi\u00f3n),\u00a0 Mart\u00edn Ulrich (bajo) y Fran Ulrich (guitarra el\u00e9ctrica). \u00abEs la primera vez que toco en Casa de La Pampa. Cuando me llam\u00f3 Cristian Accattoli me pareci\u00f3 muy interesante esto que lleva el Cancionero Folcl\u00f3rico Pampeano, de poder desplegar el arte m\u00e1s all\u00e1 de nuestra provincia, m\u00e1s all\u00e1 de nuestra cultura. Creo que la m\u00fasica que llevo dentro trata un poco de eso\u00bb, se\u00f1al\u00f3 Torre.<\/p>\n<p>Su primer trabajo solista, P.A.M.P.I. (por amarte misteriosa paz infinita), propone un recorrido musical por sus vivencias, pasando por amores, desamores, sensaciones, la familia, los amigos, su transformaci\u00f3n y su crecimiento.<\/p>\n<p>La cantante luiggense asegur\u00f3 que la elaboraci\u00f3n del disco \u00abfue un proceso de trabajo que dur\u00f3 tres a\u00f1os porque yo no ten\u00eda banda y era algo que quer\u00eda compartir con las personas que fui encontrando en este camino. Ese proceso lleva a canciones que se hicieron hace 16 a\u00f1os, otras que tienen 7 a\u00f1os y otras que se nacieron en el momento de estar grabando. Yo lo siento como un cierre de etapa que tambi\u00e9n me da el nombre del proyecto\u00bb.\u00bbPampi\u00bb descubri\u00f3 su amor por la m\u00fasica durante su adolescencia y se form\u00f3 musicalmente lejos de La Pampa. Actualmente se encuentra en una etapa de redescubrimiento y reencuentro con la m\u00fasica pampeana.<\/p>\n<p>\u00abA los 17 a\u00f1os m\u00e1s o menos tom\u00e9 la guitarra estando en La Pampa, antes de venirme a estudiar, pero yo me form\u00e9 musicalmente en Buenos Aires. Por eso cuando me preguntan sobre lo que es la m\u00fasica de nuestra provincia a veces me siento un poco ignorante porque no he podido mamar lo que maman muchos artistas que est\u00e1n en mi Provincia y hoy en d\u00eda me est\u00e1n ense\u00f1ando a m\u00ed lo que es mi Provincia. Cuando me fui hace casi 18 a\u00f1os atr\u00e1s todo este movimiento de renacer no estaba. Yo siento que La Pampa est\u00e1 brotando, despu\u00e9s de tanta muerte, despu\u00e9s de tanto silencio, empezamos a salir y hoy estoy aprendiendo de eso\u00bb, concluy\u00f3.<\/p>\n<div class=\"oasis-despues-del-contenido\" id=\"oasis-2968059581\"><img loading=\"lazy\" decoding=\"async\" src=\"https:\/\/oasisfm935.com.ar\/site\/wp-content\/uploads\/2020\/08\/47806202-8741-49f2-a5c9-d2f930e5baa1.jpg\" alt=\"\"  srcset=\"https:\/\/oasisfm935.com.ar\/site\/wp-content\/uploads\/2020\/08\/47806202-8741-49f2-a5c9-d2f930e5baa1.jpg 1080w, https:\/\/oasisfm935.com.ar\/site\/wp-content\/uploads\/2020\/08\/47806202-8741-49f2-a5c9-d2f930e5baa1-300x300.jpg 300w, https:\/\/oasisfm935.com.ar\/site\/wp-content\/uploads\/2020\/08\/47806202-8741-49f2-a5c9-d2f930e5baa1-1024x1024.jpg 1024w, https:\/\/oasisfm935.com.ar\/site\/wp-content\/uploads\/2020\/08\/47806202-8741-49f2-a5c9-d2f930e5baa1-150x150.jpg 150w, https:\/\/oasisfm935.com.ar\/site\/wp-content\/uploads\/2020\/08\/47806202-8741-49f2-a5c9-d2f930e5baa1-768x768.jpg 768w\" sizes=\"(max-width: 1080px) 100vw, 1080px\" class=\"no-lazyload\" width=\"1080\" height=\"1080\"  style=\"display: inline-block;\" \/><\/div>","protected":false},"excerpt":{"rendered":"<p>La cantante Mar\u00eda Victoria \u00abPampi\u00bb Torre llen\u00f3 de pampeanidad la Casa de La Pampa en Buenos Aires. La joven nacida en Ingeniero<\/p>\n","protected":false},"author":4,"featured_media":2365,"comment_status":"closed","ping_status":"open","sticky":false,"template":"","format":"standard","meta":{"colormag_page_layout":"default_layout","footnotes":""},"categories":[2],"tags":[],"class_list":["post-2364","post","type-post","status-publish","format-standard","has-post-thumbnail","hentry","category-noticias"],"_links":{"self":[{"href":"https:\/\/oasisfm935.com.ar\/site\/wp-json\/wp\/v2\/posts\/2364","targetHints":{"allow":["GET"]}}],"collection":[{"href":"https:\/\/oasisfm935.com.ar\/site\/wp-json\/wp\/v2\/posts"}],"about":[{"href":"https:\/\/oasisfm935.com.ar\/site\/wp-json\/wp\/v2\/types\/post"}],"author":[{"embeddable":true,"href":"https:\/\/oasisfm935.com.ar\/site\/wp-json\/wp\/v2\/users\/4"}],"replies":[{"embeddable":true,"href":"https:\/\/oasisfm935.com.ar\/site\/wp-json\/wp\/v2\/comments?post=2364"}],"version-history":[{"count":1,"href":"https:\/\/oasisfm935.com.ar\/site\/wp-json\/wp\/v2\/posts\/2364\/revisions"}],"predecessor-version":[{"id":2366,"href":"https:\/\/oasisfm935.com.ar\/site\/wp-json\/wp\/v2\/posts\/2364\/revisions\/2366"}],"wp:featuredmedia":[{"embeddable":true,"href":"https:\/\/oasisfm935.com.ar\/site\/wp-json\/wp\/v2\/media\/2365"}],"wp:attachment":[{"href":"https:\/\/oasisfm935.com.ar\/site\/wp-json\/wp\/v2\/media?parent=2364"}],"wp:term":[{"taxonomy":"category","embeddable":true,"href":"https:\/\/oasisfm935.com.ar\/site\/wp-json\/wp\/v2\/categories?post=2364"},{"taxonomy":"post_tag","embeddable":true,"href":"https:\/\/oasisfm935.com.ar\/site\/wp-json\/wp\/v2\/tags?post=2364"}],"curies":[{"name":"wp","href":"https:\/\/api.w.org\/{rel}","templated":true}]}}