{"id":2367,"date":"2019-07-23T18:27:37","date_gmt":"2019-07-23T21:27:37","guid":{"rendered":"http:\/\/oasisfm935.com\/site\/?p=2367"},"modified":"2019-07-23T18:27:37","modified_gmt":"2019-07-23T21:27:37","slug":"utelpa-el-servicio-civico-voluntario-va-en-contra-de-la-educacion-secundaria-obligatoria","status":"publish","type":"post","link":"https:\/\/oasisfm935.com.ar\/site\/utelpa-el-servicio-civico-voluntario-va-en-contra-de-la-educacion-secundaria-obligatoria\/","title":{"rendered":"UTELPa: \u00abEl Servicio C\u00edvico Voluntario va en contra de la Educaci\u00f3n Secundaria Obligatoria\u00bb"},"content":{"rendered":"<div class=\"itemIntroText\">\n<p>El gremio docente UTELPa rechaz\u00f3 en\u00e9rgicamente la iniciativa del Servicio C\u00edvico Voluntario al que consider\u00f3\u00a0<strong>\u201cestigmatizante hacia los j\u00f3venes\u201d<\/strong>\u00a0y que\u00a0<strong>incumple la Ley de Educaci\u00f3n Obligatoria.<\/strong><\/p>\n<\/div>\n<div class=\"itemFullText\">\n<p>La secretaria de prensa del sindicato, Claudia Calder\u00f3n dialog\u00f3 con\u00a0<strong>Zonal Noticias<\/strong>\u00a0y expres\u00f3 que esta \u00a0medida fomentar\u00e1 la deserci\u00f3n escolar.<\/p>\n<blockquote><p>\u201cCuando se conoci\u00f3 esta resoluci\u00f3n del gobierno nacional sobre la posibilidad de que los j\u00f3venes de entre 16 y 20 a\u00f1os entren a un Servicio Militar Voluntario, y resalto la palabra voluntario porque tiene alto impacto en la sociedad, desde UTELPa nos opusimos\u201d, inform\u00f3 la referente del gremio docente.<\/p><\/blockquote>\n<p><strong>\u201cNosotros lo rechazamos, primero lo hizo la Ctera a nivel nacional y desde UTELPa como organizaci\u00f3n de base, creemos que es correcto rechazarlo porque existe una Ley de Educaci\u00f3n que se vot\u00f3 en el a\u00f1o 2006 y eso tiene una importancia trascendental porque marc\u00f3 la obligatoriedad del secundario\u201d<\/strong>, explic\u00f3.<\/p>\n<blockquote><p>\u201cEsto implic\u00f3 incorporar a la Educaci\u00f3n P\u00fablica Secundaria a muchos sectores que antes no estaban incluidos en este nivel de la ense\u00f1anza y que fundamentalmente eran sectores de \u00a0hijos de trabajadores o de desocupados\u201d.<\/p><\/blockquote>\n<p>\u201cEntonces a trav\u00e9s de esta ley se pudo \u00a0mejorar la calidad educativa de un conjunto de la poblaci\u00f3n que hasta ese momento quedaba excluido del nivel medio, que adem\u00e1s despu\u00e9s pueden continuar estudios terciarios y universitarios\u201d, indic\u00f3 Calder\u00f3n.<\/p>\n<blockquote><p>En este sentido indic\u00f3 que este proyecto del Servicio C\u00edvico Voluntario no est\u00e1 cumpliendo la Ley que dice que los chicos tienen que estar en la Escuela hasta los 18 a\u00f1os que terminan el secundario, y esto estar\u00eda afect\u00e1ndolo\u201d.<\/p><\/blockquote>\n<p>Argument\u00f3<strong>: \u201ccreemos que van a ir a este Servicio Militar chicos de sectores m\u00e1s pobres y vulnerables y no es justo, porque pensamos que la escuela tiene que ser para todos y los debe incluir\u201d.<\/strong><\/p>\n<blockquote><p>Calder\u00f3n indic\u00f3 tambi\u00e9n que \u201cGendarmer\u00eda no es una instituci\u00f3n a la que le ata\u00f1e la educaci\u00f3n de los adolescentes. La educaci\u00f3n tiene que estar en manos de maestros, maestras, profesores y profesoras que para eso nos formamos y que garantiza no s\u00f3lo el conocimiento, sino el \u00e1mbito espec\u00edfico en el que deben estar los adolescentes\u00bb.<\/p><\/blockquote>\n<p><strong>\u201cNo es lo mismo estar en una escuela que estar en un cuartel\u201d,\u00a0<\/strong>remarc\u00f3 la referente de Comunicaci\u00f3n del gremio.<\/p>\n<blockquote><p>Afirm\u00f3 \u00abla cr\u00edtica tiene que ver estrictamente con que esta decisi\u00f3n de implementar este Servicio C\u00edvico Voluntario\u00a0 incumple una Ley que le debe garantizar la permanencia de los adolescentes en el Secundario\u00bb.<\/p>\n<p>\u201cHoy el Estado Nacional no est\u00e1 cumpliendo con la Ley de Financiamiento Educativo, \u00a0con la Paritaria Nacional, \u00a0y ahora se suma este proyecto que va a destinar recursos a la Gendarmer\u00eda para que se ocupe de una tarea que es propia de los docentes\u201d, concluy\u00f3.<\/p>\n<p>Zonal Noticias .<\/p><\/blockquote>\n<\/div>\n<div class=\"oasis-despues-del-contenido\" id=\"oasis-1974898143\"><img loading=\"lazy\" decoding=\"async\" src=\"https:\/\/oasisfm935.com.ar\/site\/wp-content\/uploads\/2020\/08\/47806202-8741-49f2-a5c9-d2f930e5baa1.jpg\" alt=\"\"  srcset=\"https:\/\/oasisfm935.com.ar\/site\/wp-content\/uploads\/2020\/08\/47806202-8741-49f2-a5c9-d2f930e5baa1.jpg 1080w, https:\/\/oasisfm935.com.ar\/site\/wp-content\/uploads\/2020\/08\/47806202-8741-49f2-a5c9-d2f930e5baa1-300x300.jpg 300w, https:\/\/oasisfm935.com.ar\/site\/wp-content\/uploads\/2020\/08\/47806202-8741-49f2-a5c9-d2f930e5baa1-1024x1024.jpg 1024w, https:\/\/oasisfm935.com.ar\/site\/wp-content\/uploads\/2020\/08\/47806202-8741-49f2-a5c9-d2f930e5baa1-150x150.jpg 150w, https:\/\/oasisfm935.com.ar\/site\/wp-content\/uploads\/2020\/08\/47806202-8741-49f2-a5c9-d2f930e5baa1-768x768.jpg 768w\" sizes=\"(max-width: 1080px) 100vw, 1080px\" class=\"no-lazyload\" width=\"1080\" height=\"1080\"  style=\"display: inline-block;\" \/><\/div>","protected":false},"excerpt":{"rendered":"<p>El gremio docente UTELPa rechaz\u00f3 en\u00e9rgicamente la iniciativa del Servicio C\u00edvico Voluntario al que consider\u00f3\u00a0\u201cestigmatizante hacia los j\u00f3venes\u201d\u00a0y que\u00a0incumple la Ley de<\/p>\n","protected":false},"author":4,"featured_media":2368,"comment_status":"closed","ping_status":"open","sticky":false,"template":"","format":"standard","meta":{"colormag_page_layout":"default_layout","footnotes":""},"categories":[2],"tags":[],"class_list":["post-2367","post","type-post","status-publish","format-standard","has-post-thumbnail","hentry","category-noticias"],"_links":{"self":[{"href":"https:\/\/oasisfm935.com.ar\/site\/wp-json\/wp\/v2\/posts\/2367","targetHints":{"allow":["GET"]}}],"collection":[{"href":"https:\/\/oasisfm935.com.ar\/site\/wp-json\/wp\/v2\/posts"}],"about":[{"href":"https:\/\/oasisfm935.com.ar\/site\/wp-json\/wp\/v2\/types\/post"}],"author":[{"embeddable":true,"href":"https:\/\/oasisfm935.com.ar\/site\/wp-json\/wp\/v2\/users\/4"}],"replies":[{"embeddable":true,"href":"https:\/\/oasisfm935.com.ar\/site\/wp-json\/wp\/v2\/comments?post=2367"}],"version-history":[{"count":1,"href":"https:\/\/oasisfm935.com.ar\/site\/wp-json\/wp\/v2\/posts\/2367\/revisions"}],"predecessor-version":[{"id":2369,"href":"https:\/\/oasisfm935.com.ar\/site\/wp-json\/wp\/v2\/posts\/2367\/revisions\/2369"}],"wp:featuredmedia":[{"embeddable":true,"href":"https:\/\/oasisfm935.com.ar\/site\/wp-json\/wp\/v2\/media\/2368"}],"wp:attachment":[{"href":"https:\/\/oasisfm935.com.ar\/site\/wp-json\/wp\/v2\/media?parent=2367"}],"wp:term":[{"taxonomy":"category","embeddable":true,"href":"https:\/\/oasisfm935.com.ar\/site\/wp-json\/wp\/v2\/categories?post=2367"},{"taxonomy":"post_tag","embeddable":true,"href":"https:\/\/oasisfm935.com.ar\/site\/wp-json\/wp\/v2\/tags?post=2367"}],"curies":[{"name":"wp","href":"https:\/\/api.w.org\/{rel}","templated":true}]}}