{"id":2373,"date":"2019-07-24T16:58:03","date_gmt":"2019-07-24T19:58:03","guid":{"rendered":"http:\/\/oasisfm935.com\/site\/?p=2373"},"modified":"2019-07-24T16:58:03","modified_gmt":"2019-07-24T19:58:03","slug":"audio-el-presidente-de-la-nacion-felicito-en-un-audio-por-whatsapp-a-un-empresario-pampeano","status":"publish","type":"post","link":"https:\/\/oasisfm935.com.ar\/site\/audio-el-presidente-de-la-nacion-felicito-en-un-audio-por-whatsapp-a-un-empresario-pampeano\/","title":{"rendered":"[AUDIO] El presidente de la Naci\u00f3n felicit\u00f3 en un audio por whatsapp a un empresario pampeano"},"content":{"rendered":"<p>Mauricio Macri le envi\u00f3 en este mediod\u00eda un mensaje de audio en apoyo a la empresa familiar radicada en Alta Italia, propiedad de la familia Prat dedicada a la fabricaci\u00f3n de casillas del tipo rural.<\/p>\n<p>&nbsp;<\/p>\n<p>&nbsp;<\/p>\n<audio class=\"wp-audio-shortcode\" id=\"audio-2373-1\" preload=\"none\" style=\"width: 100%;\" controls=\"controls\"><source type=\"audio\/mpeg\" src=\"http:\/\/oasisfm935.com\/site\/wp-content\/uploads\/2019\/07\/audiowhatsappmacri.mp3?_=1\" \/><a href=\"http:\/\/oasisfm935.com\/site\/wp-content\/uploads\/2019\/07\/audiowhatsappmacri.mp3\">http:\/\/oasisfm935.com\/site\/wp-content\/uploads\/2019\/07\/audiowhatsappmacri.mp3<\/a><\/audio>\n<p>n el audio enviado el sistema de mensajer\u00eda de whatsapp, el presidente de la naci\u00f3n dice \u00abhola Mat\u00edas, soy Mauricio Macri. Felicitarte a vos y a tu familia por apostar al crecimiento del pueblo. Desearles \u00e9xitos para cuando empiecen a exportar, y un abrazo grande para todos los trabajadores de casillas El Iman. Vamos para llenar de casillas el sector petrolero\u00bb.<\/p>\n<p>Notablemente sorprendido y emocionado, Mat\u00edas Prat el due\u00f1o de la empresa El Im\u00e1n radicada en Alta Italia, le respondi\u00f3 por el mismo medio y expres\u00f3 \u00abMauricio\u2026 Buenos d\u00edas, \u00bfc\u00f3mo le va presidente?. La verdad que no todas las ma\u00f1anas se recibe un mensaje del presidente de la naci\u00f3n. Cuando lo vi en la pantalla de mi celular, la verdad que qued\u00e9 shockeado\u00bb.<\/p>\n<p>\u00abLe agradezco much\u00edsimo en nombre m\u00edo y en nombre de toda mi familia que compone el grupo familiar de la empresa casillas El Iman. Le agradecemos mucho el saludo, su apoyo y esperemos que todas las cosas funcionen de ac\u00e1 para adelante y vamos a trabajar para que eso suceda\u00bb.<\/p>\n<p>\u00abLe deseamos toda la suerte del mundo y todo el apoyo necesario de parte nuestra. Estamos muy orgullosos de fabricar lo que fabricamos y de poder exportarlo a otros pa\u00edses desde ac\u00e1 desde nuestro pueblo, Alta Italia La Pampa, y con la gente que tenemos justamente ocupada\u00bb.<\/p>\n<p>Por \u00faltimo, Prat dijo que trasladar\u00e1 el saludo al todo el equipo de trabajo. \u00abAs\u00ed que ser\u00e1n dados los saludos a todo nuestro personal y le mandamos un abrazo fuert\u00edsimo presidente. Mucha fuerza!\u00bb.<\/p>\n<p><a href=\"http:\/\/oasisfm935.com\/site\/wp-content\/uploads\/2019\/07\/matiasprat2.jpg\"><img loading=\"lazy\" decoding=\"async\" class=\"alignnone size-full wp-image-2375\" src=\"http:\/\/oasisfm935.com\/site\/wp-content\/uploads\/2019\/07\/matiasprat2.jpg\" alt=\"\" width=\"700\" height=\"444\" srcset=\"https:\/\/oasisfm935.com.ar\/site\/wp-content\/uploads\/2019\/07\/matiasprat2.jpg 700w, https:\/\/oasisfm935.com.ar\/site\/wp-content\/uploads\/2019\/07\/matiasprat2-300x190.jpg 300w\" sizes=\"auto, (max-width: 700px) 100vw, 700px\" \/><\/a> <a href=\"http:\/\/oasisfm935.com\/site\/wp-content\/uploads\/2019\/07\/casillas.jpg\"><img loading=\"lazy\" decoding=\"async\" class=\"alignnone size-full wp-image-2376\" src=\"http:\/\/oasisfm935.com\/site\/wp-content\/uploads\/2019\/07\/casillas.jpg\" alt=\"\" width=\"700\" height=\"700\" srcset=\"https:\/\/oasisfm935.com.ar\/site\/wp-content\/uploads\/2019\/07\/casillas.jpg 700w, https:\/\/oasisfm935.com.ar\/site\/wp-content\/uploads\/2019\/07\/casillas-150x150.jpg 150w, https:\/\/oasisfm935.com.ar\/site\/wp-content\/uploads\/2019\/07\/casillas-300x300.jpg 300w\" sizes=\"auto, (max-width: 700px) 100vw, 700px\" \/><\/a><\/p>\n<p>&nbsp;<\/p>\n<p>[AUDIO] La respuesta de\u00a0Prat a Macri (INFOTEC)<\/p>\n<div class=\"oasis-despues-del-contenido\" id=\"oasis-3372284687\"><img loading=\"lazy\" decoding=\"async\" src=\"https:\/\/oasisfm935.com.ar\/site\/wp-content\/uploads\/2020\/08\/47806202-8741-49f2-a5c9-d2f930e5baa1.jpg\" alt=\"\"  srcset=\"https:\/\/oasisfm935.com.ar\/site\/wp-content\/uploads\/2020\/08\/47806202-8741-49f2-a5c9-d2f930e5baa1.jpg 1080w, https:\/\/oasisfm935.com.ar\/site\/wp-content\/uploads\/2020\/08\/47806202-8741-49f2-a5c9-d2f930e5baa1-300x300.jpg 300w, https:\/\/oasisfm935.com.ar\/site\/wp-content\/uploads\/2020\/08\/47806202-8741-49f2-a5c9-d2f930e5baa1-1024x1024.jpg 1024w, https:\/\/oasisfm935.com.ar\/site\/wp-content\/uploads\/2020\/08\/47806202-8741-49f2-a5c9-d2f930e5baa1-150x150.jpg 150w, https:\/\/oasisfm935.com.ar\/site\/wp-content\/uploads\/2020\/08\/47806202-8741-49f2-a5c9-d2f930e5baa1-768x768.jpg 768w\" sizes=\"(max-width: 1080px) 100vw, 1080px\" class=\"no-lazyload\" width=\"1080\" height=\"1080\"  style=\"display: inline-block;\" \/><\/div>","protected":false},"excerpt":{"rendered":"<p>Mauricio Macri le envi\u00f3 en este mediod\u00eda un mensaje de audio en apoyo a la empresa familiar radicada en Alta Italia, propiedad<\/p>\n","protected":false},"author":4,"featured_media":2375,"comment_status":"closed","ping_status":"open","sticky":false,"template":"","format":"standard","meta":{"colormag_page_layout":"default_layout","footnotes":""},"categories":[2],"tags":[],"class_list":["post-2373","post","type-post","status-publish","format-standard","has-post-thumbnail","hentry","category-noticias"],"_links":{"self":[{"href":"https:\/\/oasisfm935.com.ar\/site\/wp-json\/wp\/v2\/posts\/2373","targetHints":{"allow":["GET"]}}],"collection":[{"href":"https:\/\/oasisfm935.com.ar\/site\/wp-json\/wp\/v2\/posts"}],"about":[{"href":"https:\/\/oasisfm935.com.ar\/site\/wp-json\/wp\/v2\/types\/post"}],"author":[{"embeddable":true,"href":"https:\/\/oasisfm935.com.ar\/site\/wp-json\/wp\/v2\/users\/4"}],"replies":[{"embeddable":true,"href":"https:\/\/oasisfm935.com.ar\/site\/wp-json\/wp\/v2\/comments?post=2373"}],"version-history":[{"count":1,"href":"https:\/\/oasisfm935.com.ar\/site\/wp-json\/wp\/v2\/posts\/2373\/revisions"}],"predecessor-version":[{"id":2377,"href":"https:\/\/oasisfm935.com.ar\/site\/wp-json\/wp\/v2\/posts\/2373\/revisions\/2377"}],"wp:featuredmedia":[{"embeddable":true,"href":"https:\/\/oasisfm935.com.ar\/site\/wp-json\/wp\/v2\/media\/2375"}],"wp:attachment":[{"href":"https:\/\/oasisfm935.com.ar\/site\/wp-json\/wp\/v2\/media?parent=2373"}],"wp:term":[{"taxonomy":"category","embeddable":true,"href":"https:\/\/oasisfm935.com.ar\/site\/wp-json\/wp\/v2\/categories?post=2373"},{"taxonomy":"post_tag","embeddable":true,"href":"https:\/\/oasisfm935.com.ar\/site\/wp-json\/wp\/v2\/tags?post=2373"}],"curies":[{"name":"wp","href":"https:\/\/api.w.org\/{rel}","templated":true}]}}