{"id":2378,"date":"2019-07-24T18:35:58","date_gmt":"2019-07-24T21:35:58","guid":{"rendered":"http:\/\/oasisfm935.com\/site\/?p=2378"},"modified":"2019-07-24T18:35:58","modified_gmt":"2019-07-24T21:35:58","slug":"en-octubre-por-los-votos-tenemos-que-sacar-a-macri-del-gobierno-se-juega-la-patria","status":"publish","type":"post","link":"https:\/\/oasisfm935.com.ar\/site\/en-octubre-por-los-votos-tenemos-que-sacar-a-macri-del-gobierno-se-juega-la-patria\/","title":{"rendered":"\u201cEn octubre, por los votos, tenemos que sacar a Macri del gobierno\u201d , se juega la patria."},"content":{"rendered":"<p>&nbsp;<\/p>\n<p><strong>Los candidatos a diputados nacionales del Frente de Todos La Pampa, Hern\u00e1n P\u00e9rez Araujo y Carmina Besga, visitaron Ingeniero Luiggi, donde difundieron su propuesta y aseguraron que \u201cen la pr\u00f3xima elecci\u00f3n se est\u00e1 jugando el destino de la patria\u201d, porque \u201cel pa\u00eds no resiste cuatro a\u00f1os m\u00e1s de Macri y debemos ser nosotros quienes, en octubre, con la herramienta democr\u00e1tica del voto saquemos a Macri del gobierno y terminemos con este proceso de despojo que sufri\u00f3 el pa\u00eds\u201d.<\/strong><\/p>\n<p><a href=\"http:\/\/oasisfm935.com\/site\/wp-content\/uploads\/2019\/07\/IMG-20190724-WA0010.jpg\"><img loading=\"lazy\" decoding=\"async\" class=\"alignnone size-full wp-image-2379\" src=\"http:\/\/oasisfm935.com\/site\/wp-content\/uploads\/2019\/07\/IMG-20190724-WA0010.jpg\" alt=\"\" width=\"1280\" height=\"832\" srcset=\"https:\/\/oasisfm935.com.ar\/site\/wp-content\/uploads\/2019\/07\/IMG-20190724-WA0010.jpg 1280w, https:\/\/oasisfm935.com.ar\/site\/wp-content\/uploads\/2019\/07\/IMG-20190724-WA0010-300x195.jpg 300w, https:\/\/oasisfm935.com.ar\/site\/wp-content\/uploads\/2019\/07\/IMG-20190724-WA0010-768x499.jpg 768w, https:\/\/oasisfm935.com.ar\/site\/wp-content\/uploads\/2019\/07\/IMG-20190724-WA0010-1024x666.jpg 1024w\" sizes=\"auto, (max-width: 1280px) 100vw, 1280px\" \/><\/a><\/p>\n<p>\u201cLa f\u00f3rmula de Alberto Fern\u00e1ndez y Cristina Fern\u00e1ndez de Kirchner es la \u00fanica que garantiza que La Pampa pueda seguir desarroll\u00e1ndose, pueda seguir creciendo y que podamos seguir llevando adelante un proyecto integrador, inclusivo y\u00a0 federal\u201d, subray\u00f3 P\u00e9rez Araujo.<\/p>\n<p>En cuanto a la labor legislativa que planifican desarrollar en la C\u00e1mara de Diputados de la Naci\u00f3n, sostuvo que defender\u00e1n los intereses de La Pampa \u201ccuando, como sucede ahora, nos quieran dejar afuera del presupuesto obras que son fundamentales para nuestra provincia\u201d. En este sentido precis\u00f3 que la gesti\u00f3n de Macri \u201cno nos arregl\u00f3 las rutas, no termin\u00f3 los cuatro jardines de infantes que prometi\u00f3, no hizo escuelas, no hizo casas y justamente es a ese tipo de atropellos a los que tenemos que ponerles fin desde el Congreso\u201d.<\/p>\n<p>\u201cSe juega el destino de la patria\u201d<\/p>\n<p><a href=\"http:\/\/oasisfm935.com\/site\/wp-content\/uploads\/2019\/07\/IMG-20190724-WA0012.jpg\"><img loading=\"lazy\" decoding=\"async\" class=\"alignnone size-full wp-image-2380\" src=\"http:\/\/oasisfm935.com\/site\/wp-content\/uploads\/2019\/07\/IMG-20190724-WA0012.jpg\" alt=\"\" width=\"1280\" height=\"874\" srcset=\"https:\/\/oasisfm935.com.ar\/site\/wp-content\/uploads\/2019\/07\/IMG-20190724-WA0012.jpg 1280w, https:\/\/oasisfm935.com.ar\/site\/wp-content\/uploads\/2019\/07\/IMG-20190724-WA0012-300x205.jpg 300w, https:\/\/oasisfm935.com.ar\/site\/wp-content\/uploads\/2019\/07\/IMG-20190724-WA0012-768x524.jpg 768w, https:\/\/oasisfm935.com.ar\/site\/wp-content\/uploads\/2019\/07\/IMG-20190724-WA0012-1024x699.jpg 1024w\" sizes=\"auto, (max-width: 1280px) 100vw, 1280px\" \/><\/a><\/p>\n<p>Por su parte Besga expres\u00f3 su agradecimiento \u201cy el de todos los j\u00f3venes pampeanos al gobernador Carlos Verna, porque para \u00e9l no s\u00f3lo somos el futuro, sino que somos el presente\u201d, y afirm\u00f3 que \u201cexiste un proyecto de provincia que el peronismo viene marcando hace m\u00e1s de 36 a\u00f1os, un proyecto inclusivo, que piensa en la gente y que viene dando respuestas concretas a todos los pampeanos y pampeanas. Ese modelo es el que vamos a defender con Hern\u00e1n \u2013P\u00e9rez Araujo-\u00a0 en el Congreso Nacional\u201d.<\/p>\n<p>La candidata puso de relieve la importancia de la elecci\u00f3n que se avecina asegurando que \u201csi Mauricio Macri no hubiera contado con la mayor\u00eda en el Congreso de la Naci\u00f3n, muchas de las leyes de ajuste que el Fondo Monetario Internacional le exigi\u00f3 no hubieran salido. Por eso esta elecci\u00f3n es importante, por eso tenemos que estar en el Congreso, porque en Hern\u00e1n \u2013P\u00e9rez Araujo- y en m\u00ed,\u00a0 van a encontrar dos compa\u00f1eros que no van a votar nunca en contra de los intereses de la provincia, ni en contra de los intereses de las mayor\u00edas populares\u201d.<\/p>\n<p><a href=\"http:\/\/oasisfm935.com\/site\/wp-content\/uploads\/2019\/07\/IMG-20190724-WA0008.jpg\"><img loading=\"lazy\" decoding=\"async\" class=\"alignnone size-full wp-image-2381\" src=\"http:\/\/oasisfm935.com\/site\/wp-content\/uploads\/2019\/07\/IMG-20190724-WA0008.jpg\" alt=\"\" width=\"1280\" height=\"842\" srcset=\"https:\/\/oasisfm935.com.ar\/site\/wp-content\/uploads\/2019\/07\/IMG-20190724-WA0008.jpg 1280w, https:\/\/oasisfm935.com.ar\/site\/wp-content\/uploads\/2019\/07\/IMG-20190724-WA0008-300x197.jpg 300w, https:\/\/oasisfm935.com.ar\/site\/wp-content\/uploads\/2019\/07\/IMG-20190724-WA0008-768x505.jpg 768w, https:\/\/oasisfm935.com.ar\/site\/wp-content\/uploads\/2019\/07\/IMG-20190724-WA0008-1024x674.jpg 1024w\" sizes=\"auto, (max-width: 1280px) 100vw, 1280px\" \/><\/a> <a href=\"http:\/\/oasisfm935.com\/site\/wp-content\/uploads\/2019\/07\/IMG-20190724-WA0006.jpg\"><img loading=\"lazy\" decoding=\"async\" class=\"alignnone size-full wp-image-2382\" src=\"http:\/\/oasisfm935.com\/site\/wp-content\/uploads\/2019\/07\/IMG-20190724-WA0006.jpg\" alt=\"\" width=\"1280\" height=\"872\" srcset=\"https:\/\/oasisfm935.com.ar\/site\/wp-content\/uploads\/2019\/07\/IMG-20190724-WA0006.jpg 1280w, https:\/\/oasisfm935.com.ar\/site\/wp-content\/uploads\/2019\/07\/IMG-20190724-WA0006-300x204.jpg 300w, https:\/\/oasisfm935.com.ar\/site\/wp-content\/uploads\/2019\/07\/IMG-20190724-WA0006-768x523.jpg 768w, https:\/\/oasisfm935.com.ar\/site\/wp-content\/uploads\/2019\/07\/IMG-20190724-WA0006-1024x698.jpg 1024w\" sizes=\"auto, (max-width: 1280px) 100vw, 1280px\" \/><\/a><\/p>\n<p>\u201cLa Argentina que vienen va a necesitar de todos y de todas para reconstruirnos y salir adelante\u201d, se\u00f1al\u00f3 la candidata, quien no dud\u00f3 en afirmar que en la pr\u00f3xima elecci\u00f3n \u201cse juega el destino de la patria, que es concreto, son las jubilaciones, el trabajo, la\u00a0 posibilidad de tener educaci\u00f3n gratuita de calidad y otros tantos derechos de los que goz\u00e1bamos los argentinos y Macri nos quit\u00f3\u201d.<\/p>\n<div class=\"oasis-despues-del-contenido\" id=\"oasis-1458403656\"><img loading=\"lazy\" decoding=\"async\" src=\"https:\/\/oasisfm935.com.ar\/site\/wp-content\/uploads\/2020\/08\/47806202-8741-49f2-a5c9-d2f930e5baa1.jpg\" alt=\"\"  srcset=\"https:\/\/oasisfm935.com.ar\/site\/wp-content\/uploads\/2020\/08\/47806202-8741-49f2-a5c9-d2f930e5baa1.jpg 1080w, https:\/\/oasisfm935.com.ar\/site\/wp-content\/uploads\/2020\/08\/47806202-8741-49f2-a5c9-d2f930e5baa1-300x300.jpg 300w, https:\/\/oasisfm935.com.ar\/site\/wp-content\/uploads\/2020\/08\/47806202-8741-49f2-a5c9-d2f930e5baa1-1024x1024.jpg 1024w, https:\/\/oasisfm935.com.ar\/site\/wp-content\/uploads\/2020\/08\/47806202-8741-49f2-a5c9-d2f930e5baa1-150x150.jpg 150w, https:\/\/oasisfm935.com.ar\/site\/wp-content\/uploads\/2020\/08\/47806202-8741-49f2-a5c9-d2f930e5baa1-768x768.jpg 768w\" sizes=\"(max-width: 1080px) 100vw, 1080px\" class=\"no-lazyload\" width=\"1080\" height=\"1080\"  style=\"display: inline-block;\" \/><\/div>","protected":false},"excerpt":{"rendered":"<p>&nbsp; Los candidatos a diputados nacionales del Frente de Todos La Pampa, Hern\u00e1n P\u00e9rez Araujo y Carmina Besga, visitaron Ingeniero Luiggi, donde<\/p>\n","protected":false},"author":4,"featured_media":2383,"comment_status":"closed","ping_status":"open","sticky":false,"template":"","format":"standard","meta":{"colormag_page_layout":"default_layout","footnotes":""},"categories":[2],"tags":[],"class_list":["post-2378","post","type-post","status-publish","format-standard","has-post-thumbnail","hentry","category-noticias"],"_links":{"self":[{"href":"https:\/\/oasisfm935.com.ar\/site\/wp-json\/wp\/v2\/posts\/2378","targetHints":{"allow":["GET"]}}],"collection":[{"href":"https:\/\/oasisfm935.com.ar\/site\/wp-json\/wp\/v2\/posts"}],"about":[{"href":"https:\/\/oasisfm935.com.ar\/site\/wp-json\/wp\/v2\/types\/post"}],"author":[{"embeddable":true,"href":"https:\/\/oasisfm935.com.ar\/site\/wp-json\/wp\/v2\/users\/4"}],"replies":[{"embeddable":true,"href":"https:\/\/oasisfm935.com.ar\/site\/wp-json\/wp\/v2\/comments?post=2378"}],"version-history":[{"count":1,"href":"https:\/\/oasisfm935.com.ar\/site\/wp-json\/wp\/v2\/posts\/2378\/revisions"}],"predecessor-version":[{"id":2384,"href":"https:\/\/oasisfm935.com.ar\/site\/wp-json\/wp\/v2\/posts\/2378\/revisions\/2384"}],"wp:featuredmedia":[{"embeddable":true,"href":"https:\/\/oasisfm935.com.ar\/site\/wp-json\/wp\/v2\/media\/2383"}],"wp:attachment":[{"href":"https:\/\/oasisfm935.com.ar\/site\/wp-json\/wp\/v2\/media?parent=2378"}],"wp:term":[{"taxonomy":"category","embeddable":true,"href":"https:\/\/oasisfm935.com.ar\/site\/wp-json\/wp\/v2\/categories?post=2378"},{"taxonomy":"post_tag","embeddable":true,"href":"https:\/\/oasisfm935.com.ar\/site\/wp-json\/wp\/v2\/tags?post=2378"}],"curies":[{"name":"wp","href":"https:\/\/api.w.org\/{rel}","templated":true}]}}