{"id":2398,"date":"2019-07-26T11:35:31","date_gmt":"2019-07-26T14:35:31","guid":{"rendered":"http:\/\/oasisfm935.com\/site\/?p=2398"},"modified":"2019-07-26T11:38:43","modified_gmt":"2019-07-26T14:38:43","slug":"verna-y-el-cancer-tengo-otra-expectativa-de-vida","status":"publish","type":"post","link":"https:\/\/oasisfm935.com.ar\/site\/verna-y-el-cancer-tengo-otra-expectativa-de-vida\/","title":{"rendered":"Verna y el c\u00e1ncer: \u201ctengo otra expectativa de vida\u201d"},"content":{"rendered":"<p>El gobernador encabez\u00f3 un acto de campa\u00f1a del Frente de Todos en la Unidad B\u00e1sica de General Pico.\u00a0<strong>Dio un contundente respaldo a los candidatos Hern\u00e1n P\u00e9rez Araujo y Carmina Besga.<\/strong><\/p>\n<p>Asegur\u00f3 que los \u00faltimos resultados le permiten ser optimista por su salud.<\/p>\n<p>El gobernador Carlos Verna dedic\u00f3 unos minutos a hablar de su enfermedad. \u201cUstedes saben de la enfermedad que padezco. Pero los \u00faltimos resultados me permiten tener otra expectativa de vida\u201d, dijo el mandatario.<\/p>\n<p>De esta manera el gobernador expres\u00f3 que los \u00faltimos resultados le dieron bien despu\u00e9s de la etapa de quimioterapia. \u201cEsto quer\u00eda celebrarlo con ustedes\u201d, dijo Verna despu\u00e9s de agradecer el triunfo electoral del 19 de mayo.<\/p>\n<div class=\"oasis-despues-del-contenido\" id=\"oasis-1283423972\"><img loading=\"lazy\" decoding=\"async\" src=\"https:\/\/oasisfm935.com.ar\/site\/wp-content\/uploads\/2020\/08\/47806202-8741-49f2-a5c9-d2f930e5baa1.jpg\" alt=\"\"  srcset=\"https:\/\/oasisfm935.com.ar\/site\/wp-content\/uploads\/2020\/08\/47806202-8741-49f2-a5c9-d2f930e5baa1.jpg 1080w, https:\/\/oasisfm935.com.ar\/site\/wp-content\/uploads\/2020\/08\/47806202-8741-49f2-a5c9-d2f930e5baa1-300x300.jpg 300w, https:\/\/oasisfm935.com.ar\/site\/wp-content\/uploads\/2020\/08\/47806202-8741-49f2-a5c9-d2f930e5baa1-1024x1024.jpg 1024w, https:\/\/oasisfm935.com.ar\/site\/wp-content\/uploads\/2020\/08\/47806202-8741-49f2-a5c9-d2f930e5baa1-150x150.jpg 150w, https:\/\/oasisfm935.com.ar\/site\/wp-content\/uploads\/2020\/08\/47806202-8741-49f2-a5c9-d2f930e5baa1-768x768.jpg 768w\" sizes=\"(max-width: 1080px) 100vw, 1080px\" class=\"no-lazyload\" width=\"1080\" height=\"1080\"  style=\"display: inline-block;\" \/><\/div>","protected":false},"excerpt":{"rendered":"<p>El gobernador encabez\u00f3 un acto de campa\u00f1a del Frente de Todos en la Unidad B\u00e1sica de General Pico.\u00a0Dio un contundente respaldo a<\/p>\n","protected":false},"author":4,"featured_media":2399,"comment_status":"closed","ping_status":"open","sticky":false,"template":"","format":"standard","meta":{"colormag_page_layout":"default_layout","footnotes":""},"categories":[2],"tags":[],"class_list":["post-2398","post","type-post","status-publish","format-standard","has-post-thumbnail","hentry","category-noticias"],"_links":{"self":[{"href":"https:\/\/oasisfm935.com.ar\/site\/wp-json\/wp\/v2\/posts\/2398","targetHints":{"allow":["GET"]}}],"collection":[{"href":"https:\/\/oasisfm935.com.ar\/site\/wp-json\/wp\/v2\/posts"}],"about":[{"href":"https:\/\/oasisfm935.com.ar\/site\/wp-json\/wp\/v2\/types\/post"}],"author":[{"embeddable":true,"href":"https:\/\/oasisfm935.com.ar\/site\/wp-json\/wp\/v2\/users\/4"}],"replies":[{"embeddable":true,"href":"https:\/\/oasisfm935.com.ar\/site\/wp-json\/wp\/v2\/comments?post=2398"}],"version-history":[{"count":1,"href":"https:\/\/oasisfm935.com.ar\/site\/wp-json\/wp\/v2\/posts\/2398\/revisions"}],"predecessor-version":[{"id":2400,"href":"https:\/\/oasisfm935.com.ar\/site\/wp-json\/wp\/v2\/posts\/2398\/revisions\/2400"}],"wp:featuredmedia":[{"embeddable":true,"href":"https:\/\/oasisfm935.com.ar\/site\/wp-json\/wp\/v2\/media\/2399"}],"wp:attachment":[{"href":"https:\/\/oasisfm935.com.ar\/site\/wp-json\/wp\/v2\/media?parent=2398"}],"wp:term":[{"taxonomy":"category","embeddable":true,"href":"https:\/\/oasisfm935.com.ar\/site\/wp-json\/wp\/v2\/categories?post=2398"},{"taxonomy":"post_tag","embeddable":true,"href":"https:\/\/oasisfm935.com.ar\/site\/wp-json\/wp\/v2\/tags?post=2398"}],"curies":[{"name":"wp","href":"https:\/\/api.w.org\/{rel}","templated":true}]}}