{"id":2401,"date":"2019-07-27T08:33:18","date_gmt":"2019-07-27T11:33:18","guid":{"rendered":"http:\/\/oasisfm935.com\/site\/?p=2401"},"modified":"2019-07-27T08:33:18","modified_gmt":"2019-07-27T11:33:18","slug":"primera-b-pedro-munoz-arquero-y-vicepresidente-de-matienzo-de-luiggi","status":"publish","type":"post","link":"https:\/\/oasisfm935.com.ar\/site\/primera-b-pedro-munoz-arquero-y-vicepresidente-de-matienzo-de-luiggi\/","title":{"rendered":"Primera B \u2013 Pedro Mu\u00f1oz, arquero y vicepresidente de Matienzo de Luiggi"},"content":{"rendered":"<p>&nbsp;<\/p>\n<div class=\"clear10\"><\/div>\n<div class=\"extract-post\">Matienzo de Luiggi se fue fortaleciendo en el propio transcurrir de su camino. Una plantilla con mayor\u00eda de caras j\u00f3venes, m\u00e1s tres o cuatro avezados en los terrenos de la Pampeana. El Tripero en su versi\u00f3n 2019 es el reflejo del verdadero \u2018il fatto in casa\u2019 (hecho en casa). La tarea realizada desde la base, en el \u2018semillero\u2019, para salir al ruedo con exponentes del club. El luiggense que palpita con estos colores se ilusiona ante la posibilidad que surgi\u00f3 en el horizonte, la chance de dos cruces con Cultural Argentino para intentar regresar a primera divisi\u00f3n.<\/div>\n<div class=\"clear10\"><\/div>\n<div class=\"social-tools\">\n<div id=\"fb-root\" class=\" fb_reset\"><\/div>\n<\/div>\n<p>&nbsp;<\/p>\n<p>\u201cEl hecho de haber llegado a esta definici\u00f3n significa mucho para nosotros. Cuando arrancamos el a\u00f1o no estaba en nuestro planes, no era el objetivo principal, s\u00ed el poder participar con los chicos del club para que fueran sumando roce. A medida que se desarroll\u00f3 la competencia nos enpezamos a sentir c\u00f3modos, se dieron algunas situaciones y ahora nos encontramos con esta ocasi\u00f3n que nos llena de orgullo. Con Emiliano (Oliva), por ejemplo, somos los m\u00e1s grandes, con toda una vida en el club, y poder disfrutarlo a esta edad es un regalo. Todos estamos muy entusiasmados, vamos a pelear hasta el final para intentar que Matienzo suba a primera. El a\u00f1o pasado vivimos la decepci\u00f3n del descenso, personalmente lo sufr\u00ed, soy muy hincha, por lo que repito, tener esta posibilidad ahora es algo b\u00e1rbaro\u201d, se\u00f1al\u00f3 Pedro Mu\u00f1oz, arquero y vicepresidente del luiggense desde hace cinco temporadas.<\/p>\n<div class=\"contenido\">\n<p>Mu\u00f1oz arrib\u00f3 con 15 a\u00f1os a Ingeniero Luiggi, despu\u00e9s de vivir en Lincoln, donde hizo las inferiores en Rivadavia. Una vez en Matienzo, debut\u00f3 en primera divisi\u00f3n en un encuentro ante All Boys de Trenel, el mismo d\u00eda que lo hizo Oliva. La mayor parte de su carrera transcurri\u00f3 en el Tripero, vistiendo adem\u00e1s la camiseta de Ferro de Alvear (2005 y 2006), Agrario de Parera (Provincial 2007), Jorge Newbery y Agrario otra vez, en dos ocasiones del torneo Extra.<\/p>\n<p>\u201cMatienzo es mi segunda casa, lo mismo que dijo Emiliano en su momento, crecimos juntos en el club, tenemos los mejores recuerdos de la adolescencia, hicimos las mejores amistades, y de alguna manera lo que hacemos ahora con los m\u00e1s j\u00f3venes, a quienes llevamos 20 a\u00f1os, es lo mismo que hicieron con nosotros tipos como \u2018Pincho\u2019 Teller\u00eda o \u2018Lalo\u2019 Salvadori, por nombrar a dos, quienes nos marcaron un camino. Es lo que queremos lograr con quienes est\u00e1n ahora, quienes el d\u00eda de ma\u00f1ana lo har\u00e1n con mi hijo, con mis sobrinos o con los hijos de mis amigos. Esa es la idea y me emociona\u201d, destac\u00f3.<\/p>\n<p><strong>\u201cRealmente se arm\u00f3 un grupo b\u00e1rbaro\u201d<\/strong><\/p>\n<p>Preguntado por el rendimiento del equipo dirigido por Franco Howlin Chiavarino, Mu\u00f1oz se\u00f1al\u00f3 en ese sentido que \u201cel proceso tuvo dos etapas. En la primera ronda de clasificaci\u00f3n no pudimos encontrarnos, est\u00e1bamos en plena formaci\u00f3n y se dieron algunas circunstancias, como cuando se incluy\u00f3 mal a un jugador. Nos hicimos cargo, estuvimos al borde de quedar afuera, y adem\u00e1s eso llev\u00f3 a que ese futbolista que se hab\u00eda tra\u00eddo no se sintiera c\u00f3modo luego de lo sucedido, y se volviera. En ese momento el grupo no estaba bien, pero lo supimos llevar adelante entre los m\u00e1s grandes, donde incluyo a Pedro Su\u00e1rez y Gustavo Baigorria, se logr\u00f3 pasar ese sofoc\u00f3n. En la tercera fecha de la segunda ronda estuvimos en la \u00faltima posici\u00f3n sin haber perdido, luego de empatar cuatro partidos con un triunfo, a excepci\u00f3n de la quita de puntos por ese tema, nos hicimos fuertes, sacamos provecho de ese momento negativo y los pibes pusieron todo lo que hab\u00eda que poner\u201d.<\/p>\n<p>El guardavalla luiggense ponder\u00f3 a su vez la tarea cumplida por el cuerpo t\u00e9cnico -\u201ctanto Franco (Howlin Chiavarino) como Flavio (Amateis) realmente me sorprendieron, por ejemplo Flavio est\u00e1 haciendo sus primeras armas como preparador f\u00edsico\u201d-, para agregar despu\u00e9s que \u201cpasamos esa primera fase que fue dur\u00edsima, considero que ah\u00ed se produce el punto de inflexi\u00f3n, en la \u00faltima fecha ante Caleuf\u00fa, donde hab\u00eda que ganar, y se gan\u00f3. Despu\u00e9s se ten\u00eda que sacar un punto en el Ol\u00edmpico, y tambi\u00e9n se logr\u00f3. La historia cambi\u00f3, se vivi\u00f3 hasta a la hora de entrenar, hubo una charla profunda entre todos y empezamos a creer m\u00e1s que nunca en nosotros, que se pod\u00eda. Realmente se arm\u00f3 un grupo b\u00e1rbaro, algo que hac\u00eda rato no suced\u00eda ac\u00e1, ya que en estos tiempos es dif\u00edcil suceda por la diferencia de edad. Pero as\u00ed sucedi\u00f3, nos empezamos a juntar dos veces por semana, a comer asados, y esa uni\u00f3n se muestra tanto adentro como afuera de la cancha\u201d.<\/p>\n<p>Transcurrida la serie de los penales en el Cincuentenario realiquense, el d\u00eda del pasaporte a la final de Primera B, Mu\u00f1oz coment\u00f3 que \u201cen la semana estuvimos mirando unos videos de definiciones de Ferro por esa v\u00eda, y en lo personal la experiencia de otros a\u00f1os de haber jugado con Javier Lobatto, o de enfrentar tanto Brain Rold\u00e1n. El del otro d\u00eda debe haber sido el quinto penal que me pate\u00f3, me hab\u00eda convertido los otros cuatro, y ahora tuve la suerte de esperarlo y elegir el palo. En cuanto a las otras ejecuciones, ten\u00eda en un papel anotado pero realmente no me sirvi\u00f3 de mucho, todos cambiaron y ninguno pate\u00f3 al lugar donde dec\u00eda el papelito. Hubo una situaci\u00f3n en el cuarto disparo de Tobares, donde voy hacia mi izquierda, lo atajo y en mi af\u00e1n de festejar le sac\u00f3 la vista a la pelota, me rebota en la rodilla, sale con efecto y se mete en el arco. No s\u00e9 si me gan\u00f3 la ansiedad o qu\u00e9, me quer\u00eda morir\u2026As\u00ed fue que en el \u00faltimo de Brian decid\u00ed entonces esperarlo y tuve la suerte de poder atajarlo\u201d.<\/p>\n<p>Finalmente, en tiempos donde el club tambi\u00e9n palpita fuerte en lo institucional producto de estar cerca de sus 100 a\u00f1os de vida, quien es adem\u00e1s vicepresidente de la entidad, expres\u00f3: \u201cMatienzo es un club muy ordenado, con gente seria y trabajadora. Estamos brindando espacios a los chicos de la comunidad, se progres\u00f3 en cuanto a la infraestructura, se hicieron vestuarios, sanitarios nuevos, la cabinas para la prensa. Tambi\u00e9n se remodel\u00f3 la sede, solo falta el cielorraso, se empez\u00f3 la obra y la idea es tenerlo para el a\u00f1o que viene. La comisi\u00f3n, que est\u00e1 integrada por varias mujeres y la preside Ver\u00f3nica Rattalino, va para un mismo lado. Ahora se tratar\u00e1 de llegar a los 100 a\u00f1os con Matienzo en primera, es lo que todos queremos. La gente nos viene apoyando y esperamos nos acompa\u00f1en en lo que falta como lo vienen haciendo\u201d.<\/p>\n<p>Diario La Reforma<\/p>\n<\/div>\n<div class=\"oasis-despues-del-contenido\" id=\"oasis-2573003216\"><img loading=\"lazy\" decoding=\"async\" src=\"https:\/\/oasisfm935.com.ar\/site\/wp-content\/uploads\/2020\/08\/47806202-8741-49f2-a5c9-d2f930e5baa1.jpg\" alt=\"\"  srcset=\"https:\/\/oasisfm935.com.ar\/site\/wp-content\/uploads\/2020\/08\/47806202-8741-49f2-a5c9-d2f930e5baa1.jpg 1080w, https:\/\/oasisfm935.com.ar\/site\/wp-content\/uploads\/2020\/08\/47806202-8741-49f2-a5c9-d2f930e5baa1-300x300.jpg 300w, https:\/\/oasisfm935.com.ar\/site\/wp-content\/uploads\/2020\/08\/47806202-8741-49f2-a5c9-d2f930e5baa1-1024x1024.jpg 1024w, https:\/\/oasisfm935.com.ar\/site\/wp-content\/uploads\/2020\/08\/47806202-8741-49f2-a5c9-d2f930e5baa1-150x150.jpg 150w, https:\/\/oasisfm935.com.ar\/site\/wp-content\/uploads\/2020\/08\/47806202-8741-49f2-a5c9-d2f930e5baa1-768x768.jpg 768w\" sizes=\"(max-width: 1080px) 100vw, 1080px\" class=\"no-lazyload\" width=\"1080\" height=\"1080\"  style=\"display: inline-block;\" \/><\/div>","protected":false},"excerpt":{"rendered":"<p>&nbsp; Matienzo de Luiggi se fue fortaleciendo en el propio transcurrir de su camino. Una plantilla con mayor\u00eda de caras j\u00f3venes, m\u00e1s<\/p>\n","protected":false},"author":4,"featured_media":2402,"comment_status":"closed","ping_status":"open","sticky":false,"template":"","format":"standard","meta":{"colormag_page_layout":"default_layout","footnotes":""},"categories":[2],"tags":[],"class_list":["post-2401","post","type-post","status-publish","format-standard","has-post-thumbnail","hentry","category-noticias"],"_links":{"self":[{"href":"https:\/\/oasisfm935.com.ar\/site\/wp-json\/wp\/v2\/posts\/2401","targetHints":{"allow":["GET"]}}],"collection":[{"href":"https:\/\/oasisfm935.com.ar\/site\/wp-json\/wp\/v2\/posts"}],"about":[{"href":"https:\/\/oasisfm935.com.ar\/site\/wp-json\/wp\/v2\/types\/post"}],"author":[{"embeddable":true,"href":"https:\/\/oasisfm935.com.ar\/site\/wp-json\/wp\/v2\/users\/4"}],"replies":[{"embeddable":true,"href":"https:\/\/oasisfm935.com.ar\/site\/wp-json\/wp\/v2\/comments?post=2401"}],"version-history":[{"count":1,"href":"https:\/\/oasisfm935.com.ar\/site\/wp-json\/wp\/v2\/posts\/2401\/revisions"}],"predecessor-version":[{"id":2403,"href":"https:\/\/oasisfm935.com.ar\/site\/wp-json\/wp\/v2\/posts\/2401\/revisions\/2403"}],"wp:featuredmedia":[{"embeddable":true,"href":"https:\/\/oasisfm935.com.ar\/site\/wp-json\/wp\/v2\/media\/2402"}],"wp:attachment":[{"href":"https:\/\/oasisfm935.com.ar\/site\/wp-json\/wp\/v2\/media?parent=2401"}],"wp:term":[{"taxonomy":"category","embeddable":true,"href":"https:\/\/oasisfm935.com.ar\/site\/wp-json\/wp\/v2\/categories?post=2401"},{"taxonomy":"post_tag","embeddable":true,"href":"https:\/\/oasisfm935.com.ar\/site\/wp-json\/wp\/v2\/tags?post=2401"}],"curies":[{"name":"wp","href":"https:\/\/api.w.org\/{rel}","templated":true}]}}