{"id":2430,"date":"2019-08-01T08:16:19","date_gmt":"2019-08-01T11:16:19","guid":{"rendered":"http:\/\/oasisfm935.com\/site\/?p=2430"},"modified":"2019-08-01T08:18:45","modified_gmt":"2019-08-01T11:18:45","slug":"bomberos-controlaron-incendio-de-pastizales-en-un-predio-rural-de-luiggi","status":"publish","type":"post","link":"https:\/\/oasisfm935.com.ar\/site\/bomberos-controlaron-incendio-de-pastizales-en-un-predio-rural-de-luiggi\/","title":{"rendered":"Bomberos controlaron incendio de pastizales en un predio rural de Luiggi"},"content":{"rendered":"<div class=\"itemIntroText\">\n<p>El viento habr\u00eda causado el incendio en un campo cercano al casco urbano al sureste de Ingeniero Luiggi.<\/p>\n<\/div>\n<div class=\"itemFullText\">\n<p>Zonal Noticias consult\u00f3 al personal de Bomberos de Ingeniero Luiggi, quienes informaron que hoy a las 15:15,\u00a0<strong>asistieron al lugar 3 dotaciones de bomberos con 8 hombres<\/strong>\u00a0a cargo del Suboficial Principal Sebasti\u00e1n Hamdam.<\/p>\n<p>El foco de incendio se encontraba en un predio rural propiedad de un vecino de apellido Ferr\u00faa al sureste de la localidad.<\/p>\n<blockquote><p>A pesar de las fuertes r\u00e1fagas que se produc\u00edan en horas de la tarde, personal de bomberos pudo controlar el foco \u00edgneo que se desataba en la cerca perimetral del predio con pastizales, salvando los lotes lindantes.<\/p>\n<p><a href=\"http:\/\/oasisfm935.com\/site\/wp-content\/uploads\/2019\/08\/67485416_2330198597016742_9145032172678152192_n.jpg\"><img loading=\"lazy\" decoding=\"async\" class=\"alignnone size-full wp-image-2432\" src=\"http:\/\/oasisfm935.com\/site\/wp-content\/uploads\/2019\/08\/67485416_2330198597016742_9145032172678152192_n.jpg\" alt=\"\" width=\"900\" height=\"505\" srcset=\"https:\/\/oasisfm935.com.ar\/site\/wp-content\/uploads\/2019\/08\/67485416_2330198597016742_9145032172678152192_n.jpg 900w, https:\/\/oasisfm935.com.ar\/site\/wp-content\/uploads\/2019\/08\/67485416_2330198597016742_9145032172678152192_n-300x168.jpg 300w, https:\/\/oasisfm935.com.ar\/site\/wp-content\/uploads\/2019\/08\/67485416_2330198597016742_9145032172678152192_n-768x431.jpg 768w, https:\/\/oasisfm935.com.ar\/site\/wp-content\/uploads\/2019\/08\/67485416_2330198597016742_9145032172678152192_n-678x381.jpg 678w\" sizes=\"auto, (max-width: 900px) 100vw, 900px\" \/><\/a><\/p><\/blockquote>\n<p><strong>El predio sufri\u00f3 la quemadura de algunos postes y varillas del alambrado, como as\u00ed tambi\u00e9n algunos da\u00f1os en postes de madera del tendido el\u00e9ctrico.<\/strong><\/p>\n<blockquote><p>Se presume que el causante del incendio, fue un cortocircuito en el tendido el\u00e9ctrico que pasa por all\u00ed, informaron desde el cuartel de bomberos a este medio.<\/p><\/blockquote>\n<p>Las tareas de los voluntarios culminaron a la hora 18, donde regresaron al Cuartel.<\/p>\n<p><a href=\"http:\/\/oasisfm935.com\/site\/wp-content\/uploads\/2019\/08\/67403706_881358338906237_5342320445796384768_n.jpg\"><img loading=\"lazy\" decoding=\"async\" class=\"alignnone size-full wp-image-2433\" src=\"http:\/\/oasisfm935.com\/site\/wp-content\/uploads\/2019\/08\/67403706_881358338906237_5342320445796384768_n.jpg\" alt=\"\" width=\"900\" height=\"505\" srcset=\"https:\/\/oasisfm935.com.ar\/site\/wp-content\/uploads\/2019\/08\/67403706_881358338906237_5342320445796384768_n.jpg 900w, https:\/\/oasisfm935.com.ar\/site\/wp-content\/uploads\/2019\/08\/67403706_881358338906237_5342320445796384768_n-300x168.jpg 300w, https:\/\/oasisfm935.com.ar\/site\/wp-content\/uploads\/2019\/08\/67403706_881358338906237_5342320445796384768_n-768x431.jpg 768w, https:\/\/oasisfm935.com.ar\/site\/wp-content\/uploads\/2019\/08\/67403706_881358338906237_5342320445796384768_n-678x381.jpg 678w\" sizes=\"auto, (max-width: 900px) 100vw, 900px\" \/><\/a><\/p>\n<p>fuente : ZONAL NOTICIAS<\/p>\n<\/div>\n<div class=\"oasis-despues-del-contenido\" id=\"oasis-3857520218\"><img loading=\"lazy\" decoding=\"async\" src=\"https:\/\/oasisfm935.com.ar\/site\/wp-content\/uploads\/2020\/08\/47806202-8741-49f2-a5c9-d2f930e5baa1.jpg\" alt=\"\"  srcset=\"https:\/\/oasisfm935.com.ar\/site\/wp-content\/uploads\/2020\/08\/47806202-8741-49f2-a5c9-d2f930e5baa1.jpg 1080w, https:\/\/oasisfm935.com.ar\/site\/wp-content\/uploads\/2020\/08\/47806202-8741-49f2-a5c9-d2f930e5baa1-300x300.jpg 300w, https:\/\/oasisfm935.com.ar\/site\/wp-content\/uploads\/2020\/08\/47806202-8741-49f2-a5c9-d2f930e5baa1-1024x1024.jpg 1024w, https:\/\/oasisfm935.com.ar\/site\/wp-content\/uploads\/2020\/08\/47806202-8741-49f2-a5c9-d2f930e5baa1-150x150.jpg 150w, https:\/\/oasisfm935.com.ar\/site\/wp-content\/uploads\/2020\/08\/47806202-8741-49f2-a5c9-d2f930e5baa1-768x768.jpg 768w\" sizes=\"(max-width: 1080px) 100vw, 1080px\" class=\"no-lazyload\" width=\"1080\" height=\"1080\"  style=\"display: inline-block;\" \/><\/div>","protected":false},"excerpt":{"rendered":"<p>El viento habr\u00eda causado el incendio en un campo cercano al casco urbano al sureste de Ingeniero Luiggi. Zonal Noticias consult\u00f3 al<\/p>\n","protected":false},"author":4,"featured_media":2431,"comment_status":"closed","ping_status":"open","sticky":false,"template":"","format":"standard","meta":{"colormag_page_layout":"default_layout","footnotes":""},"categories":[2],"tags":[],"class_list":["post-2430","post","type-post","status-publish","format-standard","has-post-thumbnail","hentry","category-noticias"],"_links":{"self":[{"href":"https:\/\/oasisfm935.com.ar\/site\/wp-json\/wp\/v2\/posts\/2430","targetHints":{"allow":["GET"]}}],"collection":[{"href":"https:\/\/oasisfm935.com.ar\/site\/wp-json\/wp\/v2\/posts"}],"about":[{"href":"https:\/\/oasisfm935.com.ar\/site\/wp-json\/wp\/v2\/types\/post"}],"author":[{"embeddable":true,"href":"https:\/\/oasisfm935.com.ar\/site\/wp-json\/wp\/v2\/users\/4"}],"replies":[{"embeddable":true,"href":"https:\/\/oasisfm935.com.ar\/site\/wp-json\/wp\/v2\/comments?post=2430"}],"version-history":[{"count":1,"href":"https:\/\/oasisfm935.com.ar\/site\/wp-json\/wp\/v2\/posts\/2430\/revisions"}],"predecessor-version":[{"id":2434,"href":"https:\/\/oasisfm935.com.ar\/site\/wp-json\/wp\/v2\/posts\/2430\/revisions\/2434"}],"wp:featuredmedia":[{"embeddable":true,"href":"https:\/\/oasisfm935.com.ar\/site\/wp-json\/wp\/v2\/media\/2431"}],"wp:attachment":[{"href":"https:\/\/oasisfm935.com.ar\/site\/wp-json\/wp\/v2\/media?parent=2430"}],"wp:term":[{"taxonomy":"category","embeddable":true,"href":"https:\/\/oasisfm935.com.ar\/site\/wp-json\/wp\/v2\/categories?post=2430"},{"taxonomy":"post_tag","embeddable":true,"href":"https:\/\/oasisfm935.com.ar\/site\/wp-json\/wp\/v2\/tags?post=2430"}],"curies":[{"name":"wp","href":"https:\/\/api.w.org\/{rel}","templated":true}]}}