{"id":2443,"date":"2019-08-02T08:34:10","date_gmt":"2019-08-02T11:34:10","guid":{"rendered":"http:\/\/oasisfm935.com\/site\/?p=2443"},"modified":"2019-08-02T08:34:10","modified_gmt":"2019-08-02T11:34:10","slug":"mas-de-5-horas-de-intenso-trabajo-para-combatir-un-incendio-en-cercanias-de-luiggi","status":"publish","type":"post","link":"https:\/\/oasisfm935.com.ar\/site\/mas-de-5-horas-de-intenso-trabajo-para-combatir-un-incendio-en-cercanias-de-luiggi\/","title":{"rendered":"M\u00e1s de 5 horas de intenso trabajo para combatir un incendio en cercan\u00edas de Luiggi"},"content":{"rendered":"<div class=\"itemIntroText\">\n<p><strong>Un intenso trabajo durante m\u00e1s de cinco horas llevaron adelante los bomberos voluntarios de Ingeniero Luiggi para combatir un incendio en la tarde de hoy en un predio pr\u00f3ximo al aeroclub.<\/strong><\/p>\n<\/div>\n<div class=\"itemFullText\">\n<blockquote><p>Primeramente, Zonal Noticias dialog\u00f3 con el Suboficial Principal Sebasti\u00e1n Hamdam, quien dijo que \u201c<strong>tomamos conocimiento mediante un llamado\u00a0 que hab\u00eda un incendio de pastizales con riesgo de que tomara bidones de agroqu\u00edmicos. Efectivamente, cuando llegamos ya hab\u00edan tomado contacto con ellos,por lo que tuvimos que trabajar con equipos de protecci\u00f3n aut\u00f3noma, que son equipos de respiraci\u00f3n\u201d.<\/strong><\/p>\n<p>\u201cDebimos tomar las precauciones pertinentes.\u00a0<strong>Si bien los bidones de agroqu\u00edmicos estaban vac\u00edos, el riesgo estaba latente igual\u201d, detall\u00f3 el<\/strong>\u00a0suboficial de bomberos.<\/p>\n<p>\u201cTuvimos que utilizar muchos litros de agua porque hab\u00eda mucha le\u00f1a ca\u00edda y mucho pastizal.\u00a0<strong>Se trabaj\u00f3 bastante arduo porque hab\u00eda\u00a0mucha carga de fuego por el pl\u00e1stico<\/strong>\u201d explic\u00f3 Hamdam.<\/p>\n<p>&nbsp;<\/p><\/blockquote>\n<p><img loading=\"lazy\" decoding=\"async\" src=\"https:\/\/zonalnoticias.com\/images\/incendio_luiggi_1.jpg\" width=\"780\" height=\"439\" \/><\/p>\n<p>(Primeras im\u00e1genes de Zonal Noticias)<\/p>\n<p><strong>Las intensas r\u00e1fagas de la jornada propagaron r\u00e1pidamente las llamas, al tiempo que dificultaron el trabajo de los bomberos.<\/strong><\/p>\n<p>Una vez culminado el trabajo,\u00a0<strong>Zonal Noticias<\/strong>\u00a0tambi\u00e9n dialog\u00f3 con<strong>\u00a0el Subjefe de Bomberos Antonio Jaimes,\u00a0<\/strong>quien manifest\u00f3 que<strong>\u00a0\u201cel incendio se dio en una isleta de \u00e1rboles grandes, que se quem\u00f3 en gran parte, m\u00e1s los corrales bajos de porcinos y parte de tranqueras\u201d.<\/strong><\/p>\n<p><strong><img decoding=\"async\" src=\"https:\/\/scontent.frsa4-1.fna.fbcdn.net\/v\/t1.0-9\/67808711_694261137668830_2510854936556732416_n.jpg?_nc_cat=105&amp;_nc_oc=AQmH9qMw9DboasAZGXJ96-F-XUo2gaq-XmClh8IEAlCe74qY3GQqKQn3r3fLSO1XbHk&amp;_nc_ht=scontent.frsa4-1.fna&amp;oh=d37bc615a823611fa6a8b51500b81152&amp;oe=5DA00819\" alt=\"La imagen puede contener: una o varias personas, nube, cielo, monta\u00c3\u00b1a, exterior y naturaleza\" \/><\/strong><\/p>\n<blockquote><p>&nbsp;<\/p>\n<p>\u201cAll\u00ed tambi\u00e9n muy pr\u00f3ximo, hab\u00eda un galp\u00f3n y varias elementos que pudimos salvar\u201d manifest\u00f3 el bombero.<\/p>\n<p><strong>\u201cFue muy complicado trabajar por el intenso viento que hab\u00eda pero pudimos combatir bien el fuego luego de varias horas<\/strong>\u201d culmin\u00f3 Jaime.<\/p><\/blockquote>\n<p>&nbsp;<\/p>\n<p><img loading=\"lazy\" decoding=\"async\" src=\"https:\/\/zonalnoticias.com\/images\/incendio_luiggi_2.jpg\" width=\"764\" height=\"430\" \/><\/p>\n<p>&nbsp;<\/p>\n<p><strong>Tras cinco horas de un arduo trabajo, alrededor de las 22,15 horas los bomberos voluntarios luiggenses pudieron controlar las llamas. Finalmente\u00a0 llevaron adelante tareas de enfriamiento en un per\u00edmetro para que no se reanude la actividad.<\/strong><\/p>\n<blockquote><p><strong>Se desconocen las causas del inicio del fuego<\/strong>, informaron desde el cuartel.<\/p><\/blockquote>\n<p>El predio rural corresponde al vecino de apellido Capurro, que arrienda el se\u00f1or Malmoris, pr\u00f3ximo al cruce de ruta provincial 9 y 2, lindante al Aeroclub, al noroeste de Ingeniero Luiggi.<\/p>\n<blockquote><p><strong>Trabajaron en el lugar 4 dotaciones y 14 bomberos voluntarios a cargo del Subjefe Antonio Jaime.<\/strong><\/p><\/blockquote>\n<p><img loading=\"lazy\" decoding=\"async\" src=\"https:\/\/zonalnoticias.com\/images\/incendio_luiggi_3.jpg\" width=\"784\" height=\"588\" \/><\/p>\n<p>Foto de los \u00faltimos trabajos de los Bomberos luiggenses de esta noche.<\/p>\n<\/div>\n<p>fuente zonal noticias<\/p>\n<div class=\"oasis-despues-del-contenido\" id=\"oasis-878992099\"><img loading=\"lazy\" decoding=\"async\" src=\"https:\/\/oasisfm935.com.ar\/site\/wp-content\/uploads\/2020\/08\/47806202-8741-49f2-a5c9-d2f930e5baa1.jpg\" alt=\"\"  srcset=\"https:\/\/oasisfm935.com.ar\/site\/wp-content\/uploads\/2020\/08\/47806202-8741-49f2-a5c9-d2f930e5baa1.jpg 1080w, https:\/\/oasisfm935.com.ar\/site\/wp-content\/uploads\/2020\/08\/47806202-8741-49f2-a5c9-d2f930e5baa1-300x300.jpg 300w, https:\/\/oasisfm935.com.ar\/site\/wp-content\/uploads\/2020\/08\/47806202-8741-49f2-a5c9-d2f930e5baa1-1024x1024.jpg 1024w, https:\/\/oasisfm935.com.ar\/site\/wp-content\/uploads\/2020\/08\/47806202-8741-49f2-a5c9-d2f930e5baa1-150x150.jpg 150w, https:\/\/oasisfm935.com.ar\/site\/wp-content\/uploads\/2020\/08\/47806202-8741-49f2-a5c9-d2f930e5baa1-768x768.jpg 768w\" sizes=\"(max-width: 1080px) 100vw, 1080px\" class=\"no-lazyload\" width=\"1080\" height=\"1080\"  style=\"display: inline-block;\" \/><\/div>","protected":false},"excerpt":{"rendered":"<p>Un intenso trabajo durante m\u00e1s de cinco horas llevaron adelante los bomberos voluntarios de Ingeniero Luiggi para combatir un incendio en la<\/p>\n","protected":false},"author":4,"featured_media":2444,"comment_status":"closed","ping_status":"open","sticky":false,"template":"","format":"standard","meta":{"colormag_page_layout":"default_layout","footnotes":""},"categories":[2],"tags":[],"class_list":["post-2443","post","type-post","status-publish","format-standard","has-post-thumbnail","hentry","category-noticias"],"_links":{"self":[{"href":"https:\/\/oasisfm935.com.ar\/site\/wp-json\/wp\/v2\/posts\/2443","targetHints":{"allow":["GET"]}}],"collection":[{"href":"https:\/\/oasisfm935.com.ar\/site\/wp-json\/wp\/v2\/posts"}],"about":[{"href":"https:\/\/oasisfm935.com.ar\/site\/wp-json\/wp\/v2\/types\/post"}],"author":[{"embeddable":true,"href":"https:\/\/oasisfm935.com.ar\/site\/wp-json\/wp\/v2\/users\/4"}],"replies":[{"embeddable":true,"href":"https:\/\/oasisfm935.com.ar\/site\/wp-json\/wp\/v2\/comments?post=2443"}],"version-history":[{"count":1,"href":"https:\/\/oasisfm935.com.ar\/site\/wp-json\/wp\/v2\/posts\/2443\/revisions"}],"predecessor-version":[{"id":2445,"href":"https:\/\/oasisfm935.com.ar\/site\/wp-json\/wp\/v2\/posts\/2443\/revisions\/2445"}],"wp:featuredmedia":[{"embeddable":true,"href":"https:\/\/oasisfm935.com.ar\/site\/wp-json\/wp\/v2\/media\/2444"}],"wp:attachment":[{"href":"https:\/\/oasisfm935.com.ar\/site\/wp-json\/wp\/v2\/media?parent=2443"}],"wp:term":[{"taxonomy":"category","embeddable":true,"href":"https:\/\/oasisfm935.com.ar\/site\/wp-json\/wp\/v2\/categories?post=2443"},{"taxonomy":"post_tag","embeddable":true,"href":"https:\/\/oasisfm935.com.ar\/site\/wp-json\/wp\/v2\/tags?post=2443"}],"curies":[{"name":"wp","href":"https:\/\/api.w.org\/{rel}","templated":true}]}}