{"id":2472,"date":"2019-08-07T17:59:32","date_gmt":"2019-08-07T20:59:32","guid":{"rendered":"http:\/\/oasisfm935.com\/site\/?p=2472"},"modified":"2019-08-07T17:59:32","modified_gmt":"2019-08-07T20:59:32","slug":"alberto-firmo-con-ziliotto-y-verna-un-acuerdo-por-casas-rutas-deudas-y-el-acueducto","status":"publish","type":"post","link":"https:\/\/oasisfm935.com.ar\/site\/alberto-firmo-con-ziliotto-y-verna-un-acuerdo-por-casas-rutas-deudas-y-el-acueducto\/","title":{"rendered":"Alberto firm\u00f3 con Ziliotto y Verna un acuerdo por casas, rutas, deudas y el acueducto"},"content":{"rendered":"<p><strong>Alberto Fern\u00e1ndez<\/strong>\u00a0hizo este mi\u00e9rcoles, en Rosario, una serie de seis promesas a La Pampa en caso de llegar a la Presidencia. Firm\u00f3 con el gobernador saliente\u00a0<strong>Carlos Verna\u00a0<\/strong>y el mandatario electo<strong>\u00a0Sergio Ziliotto<\/strong>\u00a0un\u00a0<strong>acta compromiso<\/strong>\u00a0que incluye la construcci\u00f3n de viviendas sociales, la revisi\u00f3n de las deudas provisional y de coparticipaci\u00f3n, la construcci\u00f3n del Acueducto del R\u00edo Colorado Norte,\u00a0 avanzar en las obras de reparaci\u00f3n de las rutas nacionales 152, 151 y 35 y\u00a0ejecutar obras de saneamiento urbano en la ciudad de Santa Rosa para paliar la emergencia sanitaria.<\/p>\n<p>Alberto Fern\u00e1ndez cerr\u00f3 este mi\u00e9rcoles su campa\u00f1a para las primarias de las elecciones en el Monumento a la Bandera, en Rosario. \u00abEntre todos vamos a hacer una gran Argentina\u00bb, dijo.<\/p>\n<p>El acta destaca seis puntos de acciones a realizar durante la gesti\u00f3n de Ziliotto a partir del 10 de diciembre de este a\u00f1o.<\/p>\n<p>En<strong>\u00a0primer orden<\/strong>, se indica \u00abRevisar el pago de deuda por retenci\u00f3n de los recursos coparticipables\u201d. Es una deuda que hoy est\u00e1 en alrededor de 5 mil millones de pesos.<\/p>\n<p>En\u00a0<strong>segundo orden<\/strong>, Alberto se compromete a\u00a0\u201cRevisar la deuda previsional de los a\u00f1os 2009 y 20014\u201d. Se agot\u00f3 la v\u00eda administrativa y hoy se encuentra en etapa judicial.<\/p>\n<p>En\u00a0<strong>tercer orden,\u00a0<\/strong>se impulsar\u00e1 \u00abla construcci\u00f3n de viviendas sociales\u201d. Hay una determinada demanda insatisfecha, como lo muestra el padr\u00f3n para acceder a este tipo de viviendas \u2013 a febrero de este a\u00f1o- de 10.672 inscriptos.<\/p>\n<p>En\u00a0<strong>cuarto orden\u00a0<\/strong>se compromete a\u00a0\u201cAvanzar en las obras de reparaci\u00f3n de las Rutas Nacionales 152, 151 y 35\u201d.<\/p>\n<p>En\u00a0<strong>quinto orden<\/strong>\u00a0se indica \u201cEjecutar obras de saneamiento urbano en la ciudad de Santa Rosa para paliar la Emergencia Sanitaria\u201d. Actualmente la ciudad capital ha sido declarada en Emergencia Sanitaria por Ley provincial N\u00b02915 \u2013 prorrogada por Ley N\u00b03032 \u2013 en virtud de la grav\u00edsima situaci\u00f3n que presenta la cuesti\u00f3n sanitaria. Se hace necesario avanzar con urgencia en obras para revertir esta situaci\u00f3n.<\/p>\n<p>En\u00a0<strong>sexto orden<\/strong>, finalmente,\u00a0promete \u201cCooperar en la obra Acueducto del R\u00edo Colorado Tramo Santa Rosa \u2013 General Pico\u201d. La Pampa pretende avanzar con el segundo tramo de esta obra que dorar\u00e1\u00a0de agua potable a las localidades de Winifreda, Eduardo Castex, Monte Nievas, Pico y Metileo, todas ellas abastecidas actualmente con aguas subterraneas con excesivas concentraciones de fl\u00faor y ars\u00e9nico, y provenientes de acu\u00edferos de limitada capacidad para atender las demandas. El Estado nacional se comprometi\u00f3 a su financiamiento mediante Ley N\u00ba 24805 y la obra fue incluida en su presupuesto 2017, aunque nunca se concret\u00f3 su ejecuci\u00f3n.<a href=\"http:\/\/oasisfm935.com\/site\/wp-content\/uploads\/2019\/08\/ziliottovernaalbertorosario9.jpg\"><img loading=\"lazy\" decoding=\"async\" class=\"alignnone size-full wp-image-2473\" src=\"http:\/\/oasisfm935.com\/site\/wp-content\/uploads\/2019\/08\/ziliottovernaalbertorosario9.jpg\" alt=\"\" width=\"817\" height=\"443\" srcset=\"https:\/\/oasisfm935.com.ar\/site\/wp-content\/uploads\/2019\/08\/ziliottovernaalbertorosario9.jpg 817w, https:\/\/oasisfm935.com.ar\/site\/wp-content\/uploads\/2019\/08\/ziliottovernaalbertorosario9-300x163.jpg 300w, https:\/\/oasisfm935.com.ar\/site\/wp-content\/uploads\/2019\/08\/ziliottovernaalbertorosario9-768x416.jpg 768w\" sizes=\"auto, (max-width: 817px) 100vw, 817px\" \/><\/a><\/p>\n<div class=\"oasis-despues-del-contenido\" id=\"oasis-2749086091\"><img loading=\"lazy\" decoding=\"async\" src=\"https:\/\/oasisfm935.com.ar\/site\/wp-content\/uploads\/2020\/08\/47806202-8741-49f2-a5c9-d2f930e5baa1.jpg\" alt=\"\"  srcset=\"https:\/\/oasisfm935.com.ar\/site\/wp-content\/uploads\/2020\/08\/47806202-8741-49f2-a5c9-d2f930e5baa1.jpg 1080w, https:\/\/oasisfm935.com.ar\/site\/wp-content\/uploads\/2020\/08\/47806202-8741-49f2-a5c9-d2f930e5baa1-300x300.jpg 300w, https:\/\/oasisfm935.com.ar\/site\/wp-content\/uploads\/2020\/08\/47806202-8741-49f2-a5c9-d2f930e5baa1-1024x1024.jpg 1024w, https:\/\/oasisfm935.com.ar\/site\/wp-content\/uploads\/2020\/08\/47806202-8741-49f2-a5c9-d2f930e5baa1-150x150.jpg 150w, https:\/\/oasisfm935.com.ar\/site\/wp-content\/uploads\/2020\/08\/47806202-8741-49f2-a5c9-d2f930e5baa1-768x768.jpg 768w\" sizes=\"(max-width: 1080px) 100vw, 1080px\" class=\"no-lazyload\" width=\"1080\" height=\"1080\"  style=\"display: inline-block;\" \/><\/div>","protected":false},"excerpt":{"rendered":"<p>Alberto Fern\u00e1ndez\u00a0hizo este mi\u00e9rcoles, en Rosario, una serie de seis promesas a La Pampa en caso de llegar a la Presidencia. Firm\u00f3<\/p>\n","protected":false},"author":4,"featured_media":2474,"comment_status":"closed","ping_status":"open","sticky":false,"template":"","format":"standard","meta":{"colormag_page_layout":"default_layout","footnotes":""},"categories":[2],"tags":[],"class_list":["post-2472","post","type-post","status-publish","format-standard","has-post-thumbnail","hentry","category-noticias"],"_links":{"self":[{"href":"https:\/\/oasisfm935.com.ar\/site\/wp-json\/wp\/v2\/posts\/2472","targetHints":{"allow":["GET"]}}],"collection":[{"href":"https:\/\/oasisfm935.com.ar\/site\/wp-json\/wp\/v2\/posts"}],"about":[{"href":"https:\/\/oasisfm935.com.ar\/site\/wp-json\/wp\/v2\/types\/post"}],"author":[{"embeddable":true,"href":"https:\/\/oasisfm935.com.ar\/site\/wp-json\/wp\/v2\/users\/4"}],"replies":[{"embeddable":true,"href":"https:\/\/oasisfm935.com.ar\/site\/wp-json\/wp\/v2\/comments?post=2472"}],"version-history":[{"count":1,"href":"https:\/\/oasisfm935.com.ar\/site\/wp-json\/wp\/v2\/posts\/2472\/revisions"}],"predecessor-version":[{"id":2475,"href":"https:\/\/oasisfm935.com.ar\/site\/wp-json\/wp\/v2\/posts\/2472\/revisions\/2475"}],"wp:featuredmedia":[{"embeddable":true,"href":"https:\/\/oasisfm935.com.ar\/site\/wp-json\/wp\/v2\/media\/2474"}],"wp:attachment":[{"href":"https:\/\/oasisfm935.com.ar\/site\/wp-json\/wp\/v2\/media?parent=2472"}],"wp:term":[{"taxonomy":"category","embeddable":true,"href":"https:\/\/oasisfm935.com.ar\/site\/wp-json\/wp\/v2\/categories?post=2472"},{"taxonomy":"post_tag","embeddable":true,"href":"https:\/\/oasisfm935.com.ar\/site\/wp-json\/wp\/v2\/tags?post=2472"}],"curies":[{"name":"wp","href":"https:\/\/api.w.org\/{rel}","templated":true}]}}