{"id":2482,"date":"2019-08-08T20:51:24","date_gmt":"2019-08-08T23:51:24","guid":{"rendered":"http:\/\/oasisfm935.com\/site\/?p=2482"},"modified":"2019-08-08T20:51:24","modified_gmt":"2019-08-08T23:51:24","slug":"lavin-no-es-lo-mismo-que-llegue-a-la-casa-rosada-macri-o-la-formula-fernandez-fernandez","status":"publish","type":"post","link":"https:\/\/oasisfm935.com.ar\/site\/lavin-no-es-lo-mismo-que-llegue-a-la-casa-rosada-macri-o-la-formula-fernandez-fernandez\/","title":{"rendered":"Lavin: \u00abNo es lo mismo que llegue a la Casa Rosada Macri o la f\u00f3rmula Fern\u00e1ndez Fern\u00e1ndez\u201d"},"content":{"rendered":"<div class=\"itemIntroText\">\n<p><strong>La intendenta electa de Ingeniero Luiggi Patricia Lavin<\/strong>\u00a0habl\u00f3 a horas del inicio de la veda electoral y asegur\u00f3 \u201cp<strong>ara los pampeanos no es lo mismo apoyar o no a un gobierno nacional que nos perjudica con la toma de decisiones\u201d.<\/strong><\/p>\n<\/div>\n<div class=\"itemFullText\">\n<blockquote><p>Lavin expres\u00f3 \u201choy en el \u00faltimo d\u00eda antes de la veda recorrimos algunos barrios de la localidad y ahora participaremos en el cierre de campa\u00f1a en la ciudad de General Pico\u201d.<\/p><\/blockquote>\n<p>Al referirse a los candidatos del Frente de Todos\u00a0<strong>Hern\u00e1n P\u00e9rez Araujo y Carmina Besga,<\/strong>\u00a0expres\u00f3: \u201c<strong>Son dos candidatos muy j\u00f3venes, y a pesar de lo breve de la campa\u00f1a, recorrieron buena parte de la provincia, llevando la propuesta\u201d.<\/strong><\/p>\n<p>\u201cLa verdad es que con Carmina nos estamos conociendo en esta campa\u00f1a y con Hern\u00e1n P\u00e9rez Araujo ya tenemos varios a\u00f1os llevando adelante esta opci\u00f3n pol\u00edtica que conduce el gobernador Carlos Verna\u201d, explic\u00f3.<\/p>\n<blockquote><p>Lav\u00edn destac\u00f3 la importancia que la gente se acerque a votar este domingo porque\u201d as\u00ed como lo dice Carlos Verna en el spot que difundi\u00f3 a trav\u00e9s de las redes, \u00a0no es lo mismo que llegue a la Casa Rosada Macri o la f\u00f3rmula \u00a0Fern\u00e1ndez Fern\u00e1ndez\u201d.<\/p><\/blockquote>\n<p><strong>\u00abTener legisladores como Hern\u00e1n o como Carmina nos asegura una defensa de nuestra provincia\u00bb<\/strong>, asever\u00f3.<\/p>\n<blockquote><p>\u00abNosotros nos venimos sintiendo perjudicados con la toma de decisiones del gobierno nacional por ejemplo en \u00a0la obra p\u00fablica, que es tan necesaria en la generaci\u00f3n de mano de obra y reactivan el mercado interno\u00bb.<\/p><\/blockquote>\n<p><strong>\u00abNo es lo mismo tener obras de Naci\u00f3n a no tenerlas, acceder a viviendas nacionales o no\u00bb,<\/strong>\u00a0expres\u00f3.<\/p>\n<blockquote><p>\u201cEntonces es sumamente importante ir a votar este domingo y apoyar al Frente de Todos,\u00a0 porque nosotros no comparitmos este camino que propone el presidente Macri, ni\u00a0 la continudaid da las pol\u00edticas que vienen llevando adelante\u00bb, se\u00f1al\u00f3 Lavin.<\/p><\/blockquote>\n<p><strong>\u00abRealmente estamos convencidos que no es lo que queremos para nuestra localidad\u00a0 y nuestra provincia\u00bb,<\/strong>\u00a0concluy\u00f3.<\/p>\n<p><strong>\u00a0\u00a0 \u00a0 \u00a0 \u00a0 \u00a0 \u00a0\u00a0 Nota radial FM Oasis- Redacci\u00f3n Zonal Noticias<\/strong><\/p>\n<\/div>\n<div class=\"oasis-despues-del-contenido\" id=\"oasis-2800961536\"><img loading=\"lazy\" decoding=\"async\" src=\"https:\/\/oasisfm935.com.ar\/site\/wp-content\/uploads\/2020\/08\/47806202-8741-49f2-a5c9-d2f930e5baa1.jpg\" alt=\"\"  srcset=\"https:\/\/oasisfm935.com.ar\/site\/wp-content\/uploads\/2020\/08\/47806202-8741-49f2-a5c9-d2f930e5baa1.jpg 1080w, https:\/\/oasisfm935.com.ar\/site\/wp-content\/uploads\/2020\/08\/47806202-8741-49f2-a5c9-d2f930e5baa1-300x300.jpg 300w, https:\/\/oasisfm935.com.ar\/site\/wp-content\/uploads\/2020\/08\/47806202-8741-49f2-a5c9-d2f930e5baa1-1024x1024.jpg 1024w, https:\/\/oasisfm935.com.ar\/site\/wp-content\/uploads\/2020\/08\/47806202-8741-49f2-a5c9-d2f930e5baa1-150x150.jpg 150w, https:\/\/oasisfm935.com.ar\/site\/wp-content\/uploads\/2020\/08\/47806202-8741-49f2-a5c9-d2f930e5baa1-768x768.jpg 768w\" sizes=\"(max-width: 1080px) 100vw, 1080px\" class=\"no-lazyload\" width=\"1080\" height=\"1080\"  style=\"display: inline-block;\" \/><\/div>","protected":false},"excerpt":{"rendered":"<p>La intendenta electa de Ingeniero Luiggi Patricia Lavin\u00a0habl\u00f3 a horas del inicio de la veda electoral y asegur\u00f3 \u201cpara los pampeanos no<\/p>\n","protected":false},"author":4,"featured_media":2483,"comment_status":"closed","ping_status":"open","sticky":false,"template":"","format":"standard","meta":{"colormag_page_layout":"default_layout","footnotes":""},"categories":[2],"tags":[],"class_list":["post-2482","post","type-post","status-publish","format-standard","has-post-thumbnail","hentry","category-noticias"],"_links":{"self":[{"href":"https:\/\/oasisfm935.com.ar\/site\/wp-json\/wp\/v2\/posts\/2482","targetHints":{"allow":["GET"]}}],"collection":[{"href":"https:\/\/oasisfm935.com.ar\/site\/wp-json\/wp\/v2\/posts"}],"about":[{"href":"https:\/\/oasisfm935.com.ar\/site\/wp-json\/wp\/v2\/types\/post"}],"author":[{"embeddable":true,"href":"https:\/\/oasisfm935.com.ar\/site\/wp-json\/wp\/v2\/users\/4"}],"replies":[{"embeddable":true,"href":"https:\/\/oasisfm935.com.ar\/site\/wp-json\/wp\/v2\/comments?post=2482"}],"version-history":[{"count":1,"href":"https:\/\/oasisfm935.com.ar\/site\/wp-json\/wp\/v2\/posts\/2482\/revisions"}],"predecessor-version":[{"id":2484,"href":"https:\/\/oasisfm935.com.ar\/site\/wp-json\/wp\/v2\/posts\/2482\/revisions\/2484"}],"wp:featuredmedia":[{"embeddable":true,"href":"https:\/\/oasisfm935.com.ar\/site\/wp-json\/wp\/v2\/media\/2483"}],"wp:attachment":[{"href":"https:\/\/oasisfm935.com.ar\/site\/wp-json\/wp\/v2\/media?parent=2482"}],"wp:term":[{"taxonomy":"category","embeddable":true,"href":"https:\/\/oasisfm935.com.ar\/site\/wp-json\/wp\/v2\/categories?post=2482"},{"taxonomy":"post_tag","embeddable":true,"href":"https:\/\/oasisfm935.com.ar\/site\/wp-json\/wp\/v2\/tags?post=2482"}],"curies":[{"name":"wp","href":"https:\/\/api.w.org\/{rel}","templated":true}]}}