{"id":2498,"date":"2019-08-11T19:51:54","date_gmt":"2019-08-11T22:51:54","guid":{"rendered":"http:\/\/oasisfm935.com\/site\/?p=2498"},"modified":"2019-08-11T19:51:54","modified_gmt":"2019-08-11T22:51:54","slug":"sin-sorpresas-en-la-pampa-el-peronismo-gana-con-el-53-a-35","status":"publish","type":"post","link":"https:\/\/oasisfm935.com.ar\/site\/sin-sorpresas-en-la-pampa-el-peronismo-gana-con-el-53-a-35\/","title":{"rendered":"Sin sorpresas en La Pampa: el peronismo gana con el 53% a 35%"},"content":{"rendered":"<p>No hubo sorpresas en La Pampa. El<strong>\u00a0peronismo se impuso ampliamente<\/strong>\u00a0en las<strong>\u00a0Primarias Abiertas Simult\u00e1neas y Obligatorias (PASO)<\/strong>: con el 33,1 por ciento de las mesas escrutadas, el Frente de Todos se impone con el 53,3% contra el 35% de los votos de Juntos por el Cambio. Vot\u00f3 entre el 70 y el 75 por ciento de los habilitados para votar.<\/p>\n<p>&nbsp;<\/p>\n<p>os comicios se desarrollaron con normalidad en La Pampa. Solo el diputado nacional Mart\u00edn Maquieyra (PRO \u2013 Juntos por el Cambio) denunci\u00f3 el robo de boletas en varios cuartos oscuros de General Pico. \u201cNos sorprende que a esta altura de nuestra democracia sucedas estos hechos\u201d, dijo a Diario Textual.<\/p>\n<p>&nbsp;<\/p>\n<p><strong>Ya a las 12 horas hab\u00eda votado un promedio de casi un 30 por ciento<\/strong>, seg\u00fan estimaciones de las autoridades de mesa a Diario Textual. A las 13 hab\u00eda subido al 35%; a las 15 horas se acercaba al 45%; y a las 17 cerca del 70%.<\/p>\n<p><strong>Sin internas, esta elecci\u00f3n se convirti\u00f3 en una \u201cgran encuesta\u201d de cara a las generales de octubre<\/strong>: cada postulante tuvo una foto en la que\u00a0<strong>sabr\u00e1 donde est\u00e1 ubicado.<\/strong><\/p>\n<p>En estos comicios,<strong>\u00a0se defini\u00f3 qui\u00e9nes competir\u00e1n en las elecciones generales del 27 de octubre<\/strong>. Para ello, las fuerzas pol\u00edticas\u00a0<strong>tienen que pasar el 1,5 por ciento de los sufragios<\/strong>.<\/p>\n<p>En nuestra provincia, el antecedente m\u00e1s cercano fue la elecci\u00f3n provincial de mayo, donde el peronismo y sus aliados super\u00f3 el 50 por ciento de los votos y derrot\u00f3 por 20 puntos al macrismo y al radicalismo. Con gran parte de los dirigentes desmovilizados, se esperaban para este domingo resultados similares.<\/p>\n<p>Por el<strong>\u00a0Frente de Todos<\/strong>, los precandidatos a diputados nacionales fueron el vernista Hern\u00e1n P\u00e9rez Araujo, actual procurador general de Rentas, y la kirchnerista Carmina Besga. Esa boleta fue junto a la presidencial de Alberto Fern\u00e1ndez y Cristina Fern\u00e1ndez de Kirchner.<\/p>\n<p>En tanto,<strong>\u00a0Juntos por el Cambio<\/strong>\u00a0postul\u00f3 a Mart\u00edn Berhongaray Adriana Leher. Esta boleta estuvo en el cuarto oscuro junto a la f\u00f3rmula presidencial Mauricio Macri-Miguel Angel Pichetto.<\/p>\n<p>A su vez, por\u00a0<strong>Consenso Federal<\/strong>\u00a0el socialista Luis Solana fue acompa\u00f1ado por Marina Vanini en una boleta que llev\u00f3 como postulantes a la presidencia y vice a Roberto Lavagna y Juan Manuel Urtubey, respectivamente.<\/p>\n<p>Por el\u00a0<strong>Nuevo Movimiento al Socialismo<\/strong>\u00a0(Nuevo M\u00e1s) se presentaron en la boleta la piquense Ayel\u00e9n Pilcic y Lucas Torres, apoyando la precandidatura a presidenta de Manuela Casta\u00f1eira y de vice de Eduardo Mulhall.<\/p>\n<p>Finalmente, el\u00a0<strong>Frente de Izquierda<\/strong>\u00a0-integrado por el Partido de los Trabajadores Socialistas (PTS), el Partido Obrero (PO) y el Movimiento Socialista de los Trabajadores (MST)-, postul\u00f3 a la docente Claudia Lupardo junto a Leonel Sep\u00falveda.<\/p>\n<p>&nbsp;<\/p>\n<div class=\"oasis-despues-del-contenido\" id=\"oasis-180648797\"><img loading=\"lazy\" decoding=\"async\" src=\"https:\/\/oasisfm935.com.ar\/site\/wp-content\/uploads\/2020\/08\/47806202-8741-49f2-a5c9-d2f930e5baa1.jpg\" alt=\"\"  srcset=\"https:\/\/oasisfm935.com.ar\/site\/wp-content\/uploads\/2020\/08\/47806202-8741-49f2-a5c9-d2f930e5baa1.jpg 1080w, https:\/\/oasisfm935.com.ar\/site\/wp-content\/uploads\/2020\/08\/47806202-8741-49f2-a5c9-d2f930e5baa1-300x300.jpg 300w, https:\/\/oasisfm935.com.ar\/site\/wp-content\/uploads\/2020\/08\/47806202-8741-49f2-a5c9-d2f930e5baa1-1024x1024.jpg 1024w, https:\/\/oasisfm935.com.ar\/site\/wp-content\/uploads\/2020\/08\/47806202-8741-49f2-a5c9-d2f930e5baa1-150x150.jpg 150w, https:\/\/oasisfm935.com.ar\/site\/wp-content\/uploads\/2020\/08\/47806202-8741-49f2-a5c9-d2f930e5baa1-768x768.jpg 768w\" sizes=\"(max-width: 1080px) 100vw, 1080px\" class=\"no-lazyload\" width=\"1080\" height=\"1080\"  style=\"display: inline-block;\" \/><\/div>","protected":false},"excerpt":{"rendered":"<p>No hubo sorpresas en La Pampa. El\u00a0peronismo se impuso ampliamente\u00a0en las\u00a0Primarias Abiertas Simult\u00e1neas y Obligatorias (PASO): con el 33,1 por ciento de<\/p>\n","protected":false},"author":4,"featured_media":2499,"comment_status":"closed","ping_status":"open","sticky":false,"template":"","format":"standard","meta":{"colormag_page_layout":"default_layout","footnotes":""},"categories":[2],"tags":[],"class_list":["post-2498","post","type-post","status-publish","format-standard","has-post-thumbnail","hentry","category-noticias"],"_links":{"self":[{"href":"https:\/\/oasisfm935.com.ar\/site\/wp-json\/wp\/v2\/posts\/2498","targetHints":{"allow":["GET"]}}],"collection":[{"href":"https:\/\/oasisfm935.com.ar\/site\/wp-json\/wp\/v2\/posts"}],"about":[{"href":"https:\/\/oasisfm935.com.ar\/site\/wp-json\/wp\/v2\/types\/post"}],"author":[{"embeddable":true,"href":"https:\/\/oasisfm935.com.ar\/site\/wp-json\/wp\/v2\/users\/4"}],"replies":[{"embeddable":true,"href":"https:\/\/oasisfm935.com.ar\/site\/wp-json\/wp\/v2\/comments?post=2498"}],"version-history":[{"count":1,"href":"https:\/\/oasisfm935.com.ar\/site\/wp-json\/wp\/v2\/posts\/2498\/revisions"}],"predecessor-version":[{"id":2500,"href":"https:\/\/oasisfm935.com.ar\/site\/wp-json\/wp\/v2\/posts\/2498\/revisions\/2500"}],"wp:featuredmedia":[{"embeddable":true,"href":"https:\/\/oasisfm935.com.ar\/site\/wp-json\/wp\/v2\/media\/2499"}],"wp:attachment":[{"href":"https:\/\/oasisfm935.com.ar\/site\/wp-json\/wp\/v2\/media?parent=2498"}],"wp:term":[{"taxonomy":"category","embeddable":true,"href":"https:\/\/oasisfm935.com.ar\/site\/wp-json\/wp\/v2\/categories?post=2498"},{"taxonomy":"post_tag","embeddable":true,"href":"https:\/\/oasisfm935.com.ar\/site\/wp-json\/wp\/v2\/tags?post=2498"}],"curies":[{"name":"wp","href":"https:\/\/api.w.org\/{rel}","templated":true}]}}