{"id":2504,"date":"2019-08-11T22:51:05","date_gmt":"2019-08-12T01:51:05","guid":{"rendered":"http:\/\/oasisfm935.com\/site\/?p=2504"},"modified":"2019-08-11T22:51:05","modified_gmt":"2019-08-12T01:51:05","slug":"zanoli-creo-que-la-gente-se-canso-de-este-gobierno-y-de-las-mentiras","status":"publish","type":"post","link":"https:\/\/oasisfm935.com.ar\/site\/zanoli-creo-que-la-gente-se-canso-de-este-gobierno-y-de-las-mentiras\/","title":{"rendered":"Zanoli: \u201cCreo que la gente se cans\u00f3 de este gobierno y de las mentiras\u201d"},"content":{"rendered":"<p>&nbsp;<\/p>\n<div class=\"itemIntroText\">\n<p><strong>El intendente de Ingeniero Luiggi Oscar Zanoli<\/strong>\u00a0habl\u00f3 tras el triunfo del Frente de Todos en La Pampa y tambi\u00e9n en Ingeniero Luiggi y destac\u00f3:\u00a0<strong>\u201cCreo que la gente se cans\u00f3 de este gobierno, se cans\u00f3 de las mentiras\u201d.<\/strong><\/p>\n<\/div>\n<div class=\"itemFullText\">\n<p>El jefe comunal dialog\u00f3 con\u00a0<strong>Zonal Noticias<\/strong>\u00a0tras conocerse los resultados definitivos de las PASO en Ingeniero Luiggi donde el Frente de Todos se impuso por poco m\u00e1s de\u00a0 200 votos ante Juntos por el Cambio.<\/p>\n<blockquote><p>La f\u00f3rmula Fern\u00e1ndez Fern\u00e1ndez logr\u00f3 1497 sufragios frente a 1277 de la f\u00f3rmula Macri Pichetto y 219 de Lavagna, bastante m\u00e1s abajo, ocupando el tercer lugar.<\/p>\n<p>Zanoli se\u00f1al\u00f3 que el de Macri \u201ces un gobierno que se olvid\u00f3 de toda la gente que trabaja, que lo \u00fanico que hizo fue hablar de hechos de corrupci\u00f3n del gobierno anterior, cuando es el presidente con m\u00e1s causas que tenemos\u201d.<\/p><\/blockquote>\n<p><strong>\u201cEs un gobierno que le pide sacrificios a un sector de la poblaci\u00f3n que no da m\u00e1s, hay muchos beneficios para los que m\u00e1s tienen, y la gente se cans\u00f3 de \u00e9sto porque no da m\u00e1s\u201d,\u00a0<\/strong>expres\u00f3.<strong><br \/>\n<\/strong><\/p>\n<blockquote><p>\u201cLa gente se cans\u00f3 de este gobierno, de las mentiras\u201d, destac\u00f3 el jefe comunal.<\/p><\/blockquote>\n<p>Zanoli celebr\u00f3 la convivencia democr\u00e1tica en la localidad: \u201c<strong>En Luiggi con los referentes de las otras fuerzas pol\u00edticas tenemos una relaci\u00f3n b\u00e1rbara, festejamos la democracia, ojal\u00e1 que esto perdure, asique eso me pone muy contento\u201d,<\/strong>\u00a0remarc\u00f3.<strong><br \/>\n<\/strong><\/p>\n<p>\u00abA nivel provincial me parece importante que logremos estar en concordancia con el gobierno nacional, porque ya vimos lo que nos pas\u00f3 con el gobierno de Macri que no nos entreg\u00f3 viviendas, no nos arregl\u00f3 ninguna ruta, no nos hizo ninguna obra\u00bb, se lament\u00f3.<\/p>\n<blockquote><p>\u201cAc\u00e1 lo m\u00e1s importante es que el partido que gane en octubre, est\u00e9 en concordancia con lo que la sociedad realmente necesita para mejorar su calidad de vida: hoy est\u00e1n haciendo falta viviendas, hay que generar trabajo y sobre todo hay que pensar en el que menos tiene\u201d, cerr\u00f3 Zanoli.<\/p><\/blockquote>\n<\/div>\n<div class=\"oasis-despues-del-contenido\" id=\"oasis-3595801789\"><img loading=\"lazy\" decoding=\"async\" src=\"https:\/\/oasisfm935.com.ar\/site\/wp-content\/uploads\/2020\/08\/47806202-8741-49f2-a5c9-d2f930e5baa1.jpg\" alt=\"\"  srcset=\"https:\/\/oasisfm935.com.ar\/site\/wp-content\/uploads\/2020\/08\/47806202-8741-49f2-a5c9-d2f930e5baa1.jpg 1080w, https:\/\/oasisfm935.com.ar\/site\/wp-content\/uploads\/2020\/08\/47806202-8741-49f2-a5c9-d2f930e5baa1-300x300.jpg 300w, https:\/\/oasisfm935.com.ar\/site\/wp-content\/uploads\/2020\/08\/47806202-8741-49f2-a5c9-d2f930e5baa1-1024x1024.jpg 1024w, https:\/\/oasisfm935.com.ar\/site\/wp-content\/uploads\/2020\/08\/47806202-8741-49f2-a5c9-d2f930e5baa1-150x150.jpg 150w, https:\/\/oasisfm935.com.ar\/site\/wp-content\/uploads\/2020\/08\/47806202-8741-49f2-a5c9-d2f930e5baa1-768x768.jpg 768w\" sizes=\"(max-width: 1080px) 100vw, 1080px\" class=\"no-lazyload\" width=\"1080\" height=\"1080\"  style=\"display: inline-block;\" \/><\/div>","protected":false},"excerpt":{"rendered":"<p>&nbsp; El intendente de Ingeniero Luiggi Oscar Zanoli\u00a0habl\u00f3 tras el triunfo del Frente de Todos en La Pampa y tambi\u00e9n en Ingeniero<\/p>\n","protected":false},"author":4,"featured_media":2505,"comment_status":"closed","ping_status":"open","sticky":false,"template":"","format":"standard","meta":{"colormag_page_layout":"default_layout","footnotes":""},"categories":[2],"tags":[],"class_list":["post-2504","post","type-post","status-publish","format-standard","has-post-thumbnail","hentry","category-noticias"],"_links":{"self":[{"href":"https:\/\/oasisfm935.com.ar\/site\/wp-json\/wp\/v2\/posts\/2504","targetHints":{"allow":["GET"]}}],"collection":[{"href":"https:\/\/oasisfm935.com.ar\/site\/wp-json\/wp\/v2\/posts"}],"about":[{"href":"https:\/\/oasisfm935.com.ar\/site\/wp-json\/wp\/v2\/types\/post"}],"author":[{"embeddable":true,"href":"https:\/\/oasisfm935.com.ar\/site\/wp-json\/wp\/v2\/users\/4"}],"replies":[{"embeddable":true,"href":"https:\/\/oasisfm935.com.ar\/site\/wp-json\/wp\/v2\/comments?post=2504"}],"version-history":[{"count":1,"href":"https:\/\/oasisfm935.com.ar\/site\/wp-json\/wp\/v2\/posts\/2504\/revisions"}],"predecessor-version":[{"id":2506,"href":"https:\/\/oasisfm935.com.ar\/site\/wp-json\/wp\/v2\/posts\/2504\/revisions\/2506"}],"wp:featuredmedia":[{"embeddable":true,"href":"https:\/\/oasisfm935.com.ar\/site\/wp-json\/wp\/v2\/media\/2505"}],"wp:attachment":[{"href":"https:\/\/oasisfm935.com.ar\/site\/wp-json\/wp\/v2\/media?parent=2504"}],"wp:term":[{"taxonomy":"category","embeddable":true,"href":"https:\/\/oasisfm935.com.ar\/site\/wp-json\/wp\/v2\/categories?post=2504"},{"taxonomy":"post_tag","embeddable":true,"href":"https:\/\/oasisfm935.com.ar\/site\/wp-json\/wp\/v2\/tags?post=2504"}],"curies":[{"name":"wp","href":"https:\/\/api.w.org\/{rel}","templated":true}]}}