{"id":2510,"date":"2019-08-12T18:55:20","date_gmt":"2019-08-12T21:55:20","guid":{"rendered":"http:\/\/oasisfm935.com\/site\/?p=2510"},"modified":"2019-08-12T18:55:20","modified_gmt":"2019-08-12T21:55:20","slug":"macri-agito-el-miedo-y-culpo-a-los-votantes-del-peronismo-por-la-fuerte-devaluacion","status":"publish","type":"post","link":"https:\/\/oasisfm935.com.ar\/site\/macri-agito-el-miedo-y-culpo-a-los-votantes-del-peronismo-por-la-fuerte-devaluacion\/","title":{"rendered":"Macri agit\u00f3 el miedo y culp\u00f3 a los votantes del peronismo por la fuerte devaluaci\u00f3n"},"content":{"rendered":"<div class=\"row pb-content-type-text\">\n<div class=\"col-xs-12 col-print-12\">\n<p class=\"element element-paragraph\">El presidente<strong>\u00a0Mauricio Macri<\/strong>\u00a0brind\u00f3 una conferencia de prensa en la tarde de este lunes, en la que se lo observ\u00f3<strong>\u00a0sin autocr\u00edtica<\/strong>\u00a0y donde<strong>\u00a0alent\u00f3 la campa\u00f1a del miedo:\u00a0<\/strong><strong>apunt\u00f3 contra el peronismo\u00a0<\/strong>por la respuesta de los mercados de hoy que empujaron una megadevaluaci\u00f3n.<\/p>\n<p>En las primarias, la f\u00f3rmula Macri-Pichetto logr\u00f3 el 32,33% de los votos, mientras que el Frente de Todos de\u00a0<strong>Alberto Fern\u00e1ndez<\/strong>\u00a0y\u00a0<strong>Cristina Kirchner<\/strong>\u00a0logr\u00f3 47,66%.<\/p>\n<\/div>\n<\/div>\n<div class=\"row pb-content-type-text\">\n<div class=\"col-xs-12 col-print-12\">\n<p class=\"element element-paragraph\">\u00ab<strong>Estamos convencidos de que tenemos muchas cosas para proponer todav\u00eda.\u00a0La elecci\u00f3n de octubre va a ser una buena oportunidad para demostrar que el cambio contin\u00faa<\/strong>\u00ab, afirm\u00f3.\u00a0\u00abVamos a revertir la elecci\u00f3n de ayer\u00bb, dijo. \u00abEl cambio va a continuar\u00bb, agreg\u00f3 junto a su candidato a vicepresidente, Miguel Pichetto.<\/p>\n<\/div>\n<\/div>\n<div class=\"row pb-content-type-text\">\n<div class=\"col-xs-12 col-print-12\">\n<p class=\"element element-paragraph\"><strong>\u00abEsta elecci\u00f3n es un mensaje y nosotros lo escuchamos\u00bb<\/strong>, dijo. \u00abHay bronca acumulada de todo el proceso econ\u00f3mico muy duro que atravesamos. Lo entendemos y estamos ac\u00e1 para seguir trabajando\u00bb.<\/p>\n<\/div>\n<\/div>\n<div class=\"row pb-content-type-text\">\n<div class=\"col-xs-12 col-print-12\">\n<p class=\"element element-paragraph\">\u00abHoy hemos tenido un d\u00eda muy malo. Las cosas no van a mejorar.\u00a0<strong>El problema mayor que tenemos hoy los argentinos es que la alternativa kirchnerista no tiene credibilidad\u00bb, agreg\u00f3 luego del fuerte incremento del precio del d\u00f3lar y las ca\u00eddas de las acciones y bonos.<\/strong><\/p>\n<\/div>\n<p>\u201cEstamos intentando hacer algo que el mundo ya prob\u00f3 y le fue bien, como Chile, Colombia, Per\u00fa, y<strong>\u00a0el kirchnerismo prob\u00f3 otro modelo y fracas\u00f3, por eso la reacci\u00f3n de los mercados<\/strong>\u00ab, dijo Macri para justificar el alza del d\u00f3lar y del riesgo pa\u00eds y la ca\u00edda de las acciones de las principales empresas argentinas.<\/p>\n<p>\u201cGanaron y nos desconectaron un poco del mundo. Las empresas nuestras pierden valor, pierden capacidad de crecer y generar empleo\u201d, atiz\u00f3 el presidente. Durante toda la conferencia, el jefe de Estado no hizo autocr\u00edtica y profundiz\u00f3 la campa\u00f1a del medio a trav\u00e9s de la confrontaci\u00f3n directa con el kirchnerismo y con Alberto Fern\u00e1ndez.<\/p>\n<\/div>\n<div class=\"oasis-despues-del-contenido\" id=\"oasis-2589971933\"><img loading=\"lazy\" decoding=\"async\" src=\"https:\/\/oasisfm935.com.ar\/site\/wp-content\/uploads\/2020\/08\/47806202-8741-49f2-a5c9-d2f930e5baa1.jpg\" alt=\"\"  srcset=\"https:\/\/oasisfm935.com.ar\/site\/wp-content\/uploads\/2020\/08\/47806202-8741-49f2-a5c9-d2f930e5baa1.jpg 1080w, https:\/\/oasisfm935.com.ar\/site\/wp-content\/uploads\/2020\/08\/47806202-8741-49f2-a5c9-d2f930e5baa1-300x300.jpg 300w, https:\/\/oasisfm935.com.ar\/site\/wp-content\/uploads\/2020\/08\/47806202-8741-49f2-a5c9-d2f930e5baa1-1024x1024.jpg 1024w, https:\/\/oasisfm935.com.ar\/site\/wp-content\/uploads\/2020\/08\/47806202-8741-49f2-a5c9-d2f930e5baa1-150x150.jpg 150w, https:\/\/oasisfm935.com.ar\/site\/wp-content\/uploads\/2020\/08\/47806202-8741-49f2-a5c9-d2f930e5baa1-768x768.jpg 768w\" sizes=\"(max-width: 1080px) 100vw, 1080px\" class=\"no-lazyload\" width=\"1080\" height=\"1080\"  style=\"display: inline-block;\" \/><\/div>","protected":false},"excerpt":{"rendered":"<p>El presidente\u00a0Mauricio Macri\u00a0brind\u00f3 una conferencia de prensa en la tarde de este lunes, en la que se lo observ\u00f3\u00a0sin autocr\u00edtica\u00a0y donde\u00a0alent\u00f3 la<\/p>\n","protected":false},"author":4,"featured_media":2511,"comment_status":"closed","ping_status":"open","sticky":false,"template":"","format":"standard","meta":{"colormag_page_layout":"default_layout","footnotes":""},"categories":[2],"tags":[],"class_list":["post-2510","post","type-post","status-publish","format-standard","has-post-thumbnail","hentry","category-noticias"],"_links":{"self":[{"href":"https:\/\/oasisfm935.com.ar\/site\/wp-json\/wp\/v2\/posts\/2510","targetHints":{"allow":["GET"]}}],"collection":[{"href":"https:\/\/oasisfm935.com.ar\/site\/wp-json\/wp\/v2\/posts"}],"about":[{"href":"https:\/\/oasisfm935.com.ar\/site\/wp-json\/wp\/v2\/types\/post"}],"author":[{"embeddable":true,"href":"https:\/\/oasisfm935.com.ar\/site\/wp-json\/wp\/v2\/users\/4"}],"replies":[{"embeddable":true,"href":"https:\/\/oasisfm935.com.ar\/site\/wp-json\/wp\/v2\/comments?post=2510"}],"version-history":[{"count":1,"href":"https:\/\/oasisfm935.com.ar\/site\/wp-json\/wp\/v2\/posts\/2510\/revisions"}],"predecessor-version":[{"id":2512,"href":"https:\/\/oasisfm935.com.ar\/site\/wp-json\/wp\/v2\/posts\/2510\/revisions\/2512"}],"wp:featuredmedia":[{"embeddable":true,"href":"https:\/\/oasisfm935.com.ar\/site\/wp-json\/wp\/v2\/media\/2511"}],"wp:attachment":[{"href":"https:\/\/oasisfm935.com.ar\/site\/wp-json\/wp\/v2\/media?parent=2510"}],"wp:term":[{"taxonomy":"category","embeddable":true,"href":"https:\/\/oasisfm935.com.ar\/site\/wp-json\/wp\/v2\/categories?post=2510"},{"taxonomy":"post_tag","embeddable":true,"href":"https:\/\/oasisfm935.com.ar\/site\/wp-json\/wp\/v2\/tags?post=2510"}],"curies":[{"name":"wp","href":"https:\/\/api.w.org\/{rel}","templated":true}]}}