{"id":2513,"date":"2019-08-12T19:38:04","date_gmt":"2019-08-12T22:38:04","guid":{"rendered":"http:\/\/oasisfm935.com\/site\/?p=2513"},"modified":"2019-08-12T19:38:04","modified_gmt":"2019-08-12T22:38:04","slug":"alberto-el-gobierno-nunca-convoco-a-nadie-y-no-creo-que-convoque-ahora","status":"publish","type":"post","link":"https:\/\/oasisfm935.com.ar\/site\/alberto-el-gobierno-nunca-convoco-a-nadie-y-no-creo-que-convoque-ahora\/","title":{"rendered":"Alberto: \u00abEl Gobierno nunca convoc\u00f3 a nadie y no creo que convoque ahora\u00bb"},"content":{"rendered":"<p><strong>Alberto Fern\u00e1ndez<\/strong>, virtual nuevo presidente luego de su performance en las PASO donde obtuvo el 47% de los votos,\u00a0dijo este lunes por la tarde que no cre\u00eda que fuera a ser convocado por el jefe de Estado,\u00a0<strong>Mauricio Macri<\/strong>, para frenar la corrida bancaria y atravesar la crisis econ\u00f3mica y pol\u00edtica. \u00ab<strong>El Gobierno nunca convoc\u00f3 a nadie y no creo que convoque ahora<\/strong>\u00ab, sostuvo, en una breve comunicaci\u00f3n con la prensa.<strong>\u00a0\u00abNo me llam\u00f3 en todos estos a\u00f1os, no creo que me tenga que llamar ahora\u00bb<\/strong>, insisti\u00f3.<\/p>\n<p>El compa\u00f1ero de f\u00f3rmula de Cristina Kirchner destac\u00f3 que a\u00fan quedan tres meses de Macri en el poder.\u00a0<strong>\u00abNo estamos gobernando nosotros\u00bb<\/strong>, remarc\u00f3. \u00abLe pido al Gobierno que se ponga las pilas y se ponga a trabajar,\u00a0<strong>que se den cuenta de que lo que han hecho no les sirvi\u00f3 ni electoralmente ni en t\u00e9rminos econ\u00f3micos<\/strong>. Cada tropez\u00f3n del Gobierno se convierte en una crisis econ\u00f3mica, eso demuestra su debilidad\u00bb.<\/p>\n<p>Tambi\u00e9n, antes, fue entrevistado en Radio 10. \u00ab<strong>Los mercados reaccionan mal cuando se dan cuenta de que fueron estafados.\u00a0El Gobierno los condujo a este estado de cosas\u00a0con los bonos que emitieron, la crisis de la deuda\u00bb, sostuvo.<\/strong><\/p>\n<p>ern\u00e1ndez apunt\u00f3 contra la figura de Macri. \u00ab<strong>Los mercados est\u00e1n intranquilos por \u00e9l\u00bb, dijo. \u00abEstamos viviendo una econom\u00eda ficticia, lo hemos advertido, y el Gobierno no est\u00e1 dando respuestas. El esfuerzo que tiene que hacer el Presidente es ordenar el desorden que ha creado antes de terminar su mandato.\u00a0<\/strong>Todos los argentinos lo acompa\u00f1aremos, pero es una tarea que tiene que hacer \u00e9l\u00bb.<\/p>\n<p>&nbsp;<\/p>\n<div class=\"oasis-despues-del-contenido\" id=\"oasis-1437885291\"><img loading=\"lazy\" decoding=\"async\" src=\"https:\/\/oasisfm935.com.ar\/site\/wp-content\/uploads\/2020\/08\/47806202-8741-49f2-a5c9-d2f930e5baa1.jpg\" alt=\"\"  srcset=\"https:\/\/oasisfm935.com.ar\/site\/wp-content\/uploads\/2020\/08\/47806202-8741-49f2-a5c9-d2f930e5baa1.jpg 1080w, https:\/\/oasisfm935.com.ar\/site\/wp-content\/uploads\/2020\/08\/47806202-8741-49f2-a5c9-d2f930e5baa1-300x300.jpg 300w, https:\/\/oasisfm935.com.ar\/site\/wp-content\/uploads\/2020\/08\/47806202-8741-49f2-a5c9-d2f930e5baa1-1024x1024.jpg 1024w, https:\/\/oasisfm935.com.ar\/site\/wp-content\/uploads\/2020\/08\/47806202-8741-49f2-a5c9-d2f930e5baa1-150x150.jpg 150w, https:\/\/oasisfm935.com.ar\/site\/wp-content\/uploads\/2020\/08\/47806202-8741-49f2-a5c9-d2f930e5baa1-768x768.jpg 768w\" sizes=\"(max-width: 1080px) 100vw, 1080px\" class=\"no-lazyload\" width=\"1080\" height=\"1080\"  style=\"display: inline-block;\" \/><\/div>","protected":false},"excerpt":{"rendered":"<p>Alberto Fern\u00e1ndez, virtual nuevo presidente luego de su performance en las PASO donde obtuvo el 47% de los votos,\u00a0dijo este lunes por<\/p>\n","protected":false},"author":4,"featured_media":2514,"comment_status":"closed","ping_status":"open","sticky":false,"template":"","format":"standard","meta":{"colormag_page_layout":"default_layout","footnotes":""},"categories":[2],"tags":[],"class_list":["post-2513","post","type-post","status-publish","format-standard","has-post-thumbnail","hentry","category-noticias"],"_links":{"self":[{"href":"https:\/\/oasisfm935.com.ar\/site\/wp-json\/wp\/v2\/posts\/2513","targetHints":{"allow":["GET"]}}],"collection":[{"href":"https:\/\/oasisfm935.com.ar\/site\/wp-json\/wp\/v2\/posts"}],"about":[{"href":"https:\/\/oasisfm935.com.ar\/site\/wp-json\/wp\/v2\/types\/post"}],"author":[{"embeddable":true,"href":"https:\/\/oasisfm935.com.ar\/site\/wp-json\/wp\/v2\/users\/4"}],"replies":[{"embeddable":true,"href":"https:\/\/oasisfm935.com.ar\/site\/wp-json\/wp\/v2\/comments?post=2513"}],"version-history":[{"count":1,"href":"https:\/\/oasisfm935.com.ar\/site\/wp-json\/wp\/v2\/posts\/2513\/revisions"}],"predecessor-version":[{"id":2515,"href":"https:\/\/oasisfm935.com.ar\/site\/wp-json\/wp\/v2\/posts\/2513\/revisions\/2515"}],"wp:featuredmedia":[{"embeddable":true,"href":"https:\/\/oasisfm935.com.ar\/site\/wp-json\/wp\/v2\/media\/2514"}],"wp:attachment":[{"href":"https:\/\/oasisfm935.com.ar\/site\/wp-json\/wp\/v2\/media?parent=2513"}],"wp:term":[{"taxonomy":"category","embeddable":true,"href":"https:\/\/oasisfm935.com.ar\/site\/wp-json\/wp\/v2\/categories?post=2513"},{"taxonomy":"post_tag","embeddable":true,"href":"https:\/\/oasisfm935.com.ar\/site\/wp-json\/wp\/v2\/tags?post=2513"}],"curies":[{"name":"wp","href":"https:\/\/api.w.org\/{rel}","templated":true}]}}