{"id":2519,"date":"2019-08-13T11:09:01","date_gmt":"2019-08-13T14:09:01","guid":{"rendered":"http:\/\/oasisfm935.com\/site\/?p=2519"},"modified":"2019-08-13T11:09:01","modified_gmt":"2019-08-13T14:09:01","slug":"por-la-crisis-la-provincia-incrementara-el-monto-de-la-tarjeta-alimentaria","status":"publish","type":"post","link":"https:\/\/oasisfm935.com.ar\/site\/por-la-crisis-la-provincia-incrementara-el-monto-de-la-tarjeta-alimentaria\/","title":{"rendered":"Por la crisis, la Provincia incrementar\u00e1 el monto de la Tarjeta Alimentaria"},"content":{"rendered":"<p>El\u00a0<strong>Ministerio de Hacienda<\/strong>\u00a0de la Provincia est\u00e1 ultimando los detalles de\u00a0<strong>un proyecto que enviar\u00e1 a la Legislatura<\/strong>\u00a0proponiendo un\u00a0<strong>incremento de los montos de las Tarjetas Alimentarias<\/strong>\u00a0que reciben las familias carenciadas luego del fuerte aumento del d\u00f3lar y la inflaci\u00f3n.<\/p>\n<p>La informaci\u00f3n fue confirmada a\u00a0<strong>Diario Textual<\/strong>\u00a0por fuentes de Casa de Gobierno.\u00a0<strong>\u00abHubo un pedido de refuerzo presupuestario para la Tarjeta Alimentaria y se est\u00e1 trabajando para cerrar ese incremento para enviarlo a la C\u00e1mara de Diputados\u00bb<\/strong>, asegur\u00f3 la fuente.\u00a0\u00abTodav\u00eda no est\u00e1 definido de cu\u00e1nto ser\u00e1 el aumento, pero tenemos que reforzar\u00bb, agreg\u00f3.<\/p>\n<p>El programa de\u00a0<strong>Seguridad Alimentaria<\/strong>\u00a0incluye a n\u00facleos familiares que no cubren sus necesidades alimentarias y nutricionales, en especial, a aquellos con ni\u00f1as y ni\u00f1os menores, personas con discapacidad y adultos mayores.<\/p>\n<p>Se utiliza la informaci\u00f3n brindada por el sistema Pilqu\u00e9n (Registro de familias beneficiarias actuales y potenciales de programas estatales), ejecutado por la Direcci\u00f3n General de Planificaci\u00f3n y Evaluaci\u00f3n de Pol\u00edticas Sociales, con el objetivo de focalizar los titulares de derecho de Tarjeta Alimentaria.<\/p>\n<div class=\"oasis-despues-del-contenido\" id=\"oasis-2283753383\"><img loading=\"lazy\" decoding=\"async\" src=\"https:\/\/oasisfm935.com.ar\/site\/wp-content\/uploads\/2020\/08\/47806202-8741-49f2-a5c9-d2f930e5baa1.jpg\" alt=\"\"  srcset=\"https:\/\/oasisfm935.com.ar\/site\/wp-content\/uploads\/2020\/08\/47806202-8741-49f2-a5c9-d2f930e5baa1.jpg 1080w, https:\/\/oasisfm935.com.ar\/site\/wp-content\/uploads\/2020\/08\/47806202-8741-49f2-a5c9-d2f930e5baa1-300x300.jpg 300w, https:\/\/oasisfm935.com.ar\/site\/wp-content\/uploads\/2020\/08\/47806202-8741-49f2-a5c9-d2f930e5baa1-1024x1024.jpg 1024w, https:\/\/oasisfm935.com.ar\/site\/wp-content\/uploads\/2020\/08\/47806202-8741-49f2-a5c9-d2f930e5baa1-150x150.jpg 150w, https:\/\/oasisfm935.com.ar\/site\/wp-content\/uploads\/2020\/08\/47806202-8741-49f2-a5c9-d2f930e5baa1-768x768.jpg 768w\" sizes=\"(max-width: 1080px) 100vw, 1080px\" class=\"no-lazyload\" width=\"1080\" height=\"1080\"  style=\"display: inline-block;\" \/><\/div>","protected":false},"excerpt":{"rendered":"<p>El\u00a0Ministerio de Hacienda\u00a0de la Provincia est\u00e1 ultimando los detalles de\u00a0un proyecto que enviar\u00e1 a la Legislatura\u00a0proponiendo un\u00a0incremento de los montos de las<\/p>\n","protected":false},"author":4,"featured_media":2520,"comment_status":"closed","ping_status":"open","sticky":false,"template":"","format":"standard","meta":{"colormag_page_layout":"default_layout","footnotes":""},"categories":[2],"tags":[],"class_list":["post-2519","post","type-post","status-publish","format-standard","has-post-thumbnail","hentry","category-noticias"],"_links":{"self":[{"href":"https:\/\/oasisfm935.com.ar\/site\/wp-json\/wp\/v2\/posts\/2519","targetHints":{"allow":["GET"]}}],"collection":[{"href":"https:\/\/oasisfm935.com.ar\/site\/wp-json\/wp\/v2\/posts"}],"about":[{"href":"https:\/\/oasisfm935.com.ar\/site\/wp-json\/wp\/v2\/types\/post"}],"author":[{"embeddable":true,"href":"https:\/\/oasisfm935.com.ar\/site\/wp-json\/wp\/v2\/users\/4"}],"replies":[{"embeddable":true,"href":"https:\/\/oasisfm935.com.ar\/site\/wp-json\/wp\/v2\/comments?post=2519"}],"version-history":[{"count":1,"href":"https:\/\/oasisfm935.com.ar\/site\/wp-json\/wp\/v2\/posts\/2519\/revisions"}],"predecessor-version":[{"id":2521,"href":"https:\/\/oasisfm935.com.ar\/site\/wp-json\/wp\/v2\/posts\/2519\/revisions\/2521"}],"wp:featuredmedia":[{"embeddable":true,"href":"https:\/\/oasisfm935.com.ar\/site\/wp-json\/wp\/v2\/media\/2520"}],"wp:attachment":[{"href":"https:\/\/oasisfm935.com.ar\/site\/wp-json\/wp\/v2\/media?parent=2519"}],"wp:term":[{"taxonomy":"category","embeddable":true,"href":"https:\/\/oasisfm935.com.ar\/site\/wp-json\/wp\/v2\/categories?post=2519"},{"taxonomy":"post_tag","embeddable":true,"href":"https:\/\/oasisfm935.com.ar\/site\/wp-json\/wp\/v2\/tags?post=2519"}],"curies":[{"name":"wp","href":"https:\/\/api.w.org\/{rel}","templated":true}]}}