{"id":252,"date":"2019-01-08T12:34:34","date_gmt":"2019-01-08T15:34:34","guid":{"rendered":"http:\/\/oasisfm935.com\/site\/?p=252"},"modified":"2019-01-08T12:34:34","modified_gmt":"2019-01-08T15:34:34","slug":"otro-golpe-a-los-que-menos-tienen-subio-80-la-garrafa-de-10-kilos","status":"publish","type":"post","link":"https:\/\/oasisfm935.com.ar\/site\/otro-golpe-a-los-que-menos-tienen-subio-80-la-garrafa-de-10-kilos\/","title":{"rendered":"Otro golpe a los que menos tienen: subi\u00f3 $80 la garrafa de 10 kilos"},"content":{"rendered":"<p>&nbsp;<\/p>\n<p>El 2019 lleg\u00f3 con malas noticias para la gente porque el Gobierno anunci\u00f3 un tarifazo del 55% en la luz y del 35% en el gas. Y los que menos tienen son los que m\u00e1s padecen estos incrementos: desde el 1 de enero la garrafa de 10 kilos, la m\u00e1s utilizada por quienes no tienen acceso a la red de gas, pas\u00f3 de $216 a $295 en las distribuidoras locales.<\/p>\n<p>El tubo de gas, en tanto, qued\u00f3 por ahora en los $1900. La \u00fanica que, por ahora, no movi\u00f3 los precios es la Cooperativa Popular de Electricidad. La garrafa de 10 kilos la mantiene en 200 pesos.<\/p>\n<p>La suba pega de lleno en los que menos tienen. Afecta principalmente a los 4,8 millones de familias de todo el pa\u00eds que no cuentan con gas domiciliario y deben recurrir a garrafas o a un tubo.<\/p>\n<p>Una garrafa de 10 kilos alcanza para siete d\u00edas de un consumo b\u00e1sico en el hogar como cocinar y calentarse.<\/p>\n<p>A\u00fan no se sabe si el Gobierno nacional continuar\u00e1 con el Programa Hogar, a trav\u00e9s del cual subsidia la garrafa social a las familias necesitadas.<\/p>\n<div class=\"oasis-despues-del-contenido\" id=\"oasis-3146602450\"><img loading=\"lazy\" decoding=\"async\" src=\"https:\/\/oasisfm935.com.ar\/site\/wp-content\/uploads\/2020\/08\/47806202-8741-49f2-a5c9-d2f930e5baa1.jpg\" alt=\"\"  srcset=\"https:\/\/oasisfm935.com.ar\/site\/wp-content\/uploads\/2020\/08\/47806202-8741-49f2-a5c9-d2f930e5baa1.jpg 1080w, https:\/\/oasisfm935.com.ar\/site\/wp-content\/uploads\/2020\/08\/47806202-8741-49f2-a5c9-d2f930e5baa1-300x300.jpg 300w, https:\/\/oasisfm935.com.ar\/site\/wp-content\/uploads\/2020\/08\/47806202-8741-49f2-a5c9-d2f930e5baa1-1024x1024.jpg 1024w, https:\/\/oasisfm935.com.ar\/site\/wp-content\/uploads\/2020\/08\/47806202-8741-49f2-a5c9-d2f930e5baa1-150x150.jpg 150w, https:\/\/oasisfm935.com.ar\/site\/wp-content\/uploads\/2020\/08\/47806202-8741-49f2-a5c9-d2f930e5baa1-768x768.jpg 768w\" sizes=\"(max-width: 1080px) 100vw, 1080px\" class=\"no-lazyload\" width=\"1080\" height=\"1080\"  style=\"display: inline-block;\" \/><\/div>","protected":false},"excerpt":{"rendered":"<p>&nbsp; El 2019 lleg\u00f3 con malas noticias para la gente porque el Gobierno anunci\u00f3 un tarifazo del 55% en la luz y<\/p>\n","protected":false},"author":4,"featured_media":253,"comment_status":"closed","ping_status":"open","sticky":false,"template":"","format":"standard","meta":{"colormag_page_layout":"default_layout","footnotes":""},"categories":[2],"tags":[],"class_list":["post-252","post","type-post","status-publish","format-standard","has-post-thumbnail","hentry","category-noticias"],"_links":{"self":[{"href":"https:\/\/oasisfm935.com.ar\/site\/wp-json\/wp\/v2\/posts\/252","targetHints":{"allow":["GET"]}}],"collection":[{"href":"https:\/\/oasisfm935.com.ar\/site\/wp-json\/wp\/v2\/posts"}],"about":[{"href":"https:\/\/oasisfm935.com.ar\/site\/wp-json\/wp\/v2\/types\/post"}],"author":[{"embeddable":true,"href":"https:\/\/oasisfm935.com.ar\/site\/wp-json\/wp\/v2\/users\/4"}],"replies":[{"embeddable":true,"href":"https:\/\/oasisfm935.com.ar\/site\/wp-json\/wp\/v2\/comments?post=252"}],"version-history":[{"count":1,"href":"https:\/\/oasisfm935.com.ar\/site\/wp-json\/wp\/v2\/posts\/252\/revisions"}],"predecessor-version":[{"id":254,"href":"https:\/\/oasisfm935.com.ar\/site\/wp-json\/wp\/v2\/posts\/252\/revisions\/254"}],"wp:featuredmedia":[{"embeddable":true,"href":"https:\/\/oasisfm935.com.ar\/site\/wp-json\/wp\/v2\/media\/253"}],"wp:attachment":[{"href":"https:\/\/oasisfm935.com.ar\/site\/wp-json\/wp\/v2\/media?parent=252"}],"wp:term":[{"taxonomy":"category","embeddable":true,"href":"https:\/\/oasisfm935.com.ar\/site\/wp-json\/wp\/v2\/categories?post=252"},{"taxonomy":"post_tag","embeddable":true,"href":"https:\/\/oasisfm935.com.ar\/site\/wp-json\/wp\/v2\/tags?post=252"}],"curies":[{"name":"wp","href":"https:\/\/api.w.org\/{rel}","templated":true}]}}