{"id":2525,"date":"2019-08-13T17:00:17","date_gmt":"2019-08-13T20:00:17","guid":{"rendered":"http:\/\/oasisfm935.com\/site\/?p=2525"},"modified":"2019-08-13T17:02:14","modified_gmt":"2019-08-13T20:02:14","slug":"feria-de-ciencias-este-miercoles-luiggi-sera-sede-de-una-de-las-instancias-zonales","status":"publish","type":"post","link":"https:\/\/oasisfm935.com.ar\/site\/feria-de-ciencias-este-miercoles-luiggi-sera-sede-de-una-de-las-instancias-zonales\/","title":{"rendered":"Feria de Ciencias: Este mi\u00e9rcoles Luiggi ser\u00e1 sede de una de las instancias zonales"},"content":{"rendered":"<p><strong>Este mi\u00e9rcoles la localidad de Ingeniero Luiggi ser\u00e1 sede zonal de la Feria de Ciencias, Arte y Tecnolog\u00eda 2019, que a nivel local organiza la escuela 250 Delia D. de Parodi.<\/strong><\/p>\n<p>La presentaci\u00f3n de los stand se llevar\u00e1 adelante en el SUM municipal, por lo que desde el gobierno local informaron que este martes y el mi\u00e9rcoles se suspenden las actividades deportivas en este espacio, que estar\u00e1 afectado a la organizaci\u00f3n de este evento educativo.<\/p>\n<p>En el cronograma difundido en el sitio web del Ministerio se explicita que \u00a0en agosto tendr\u00e1n lugar las distintas instancias zonales y en septiembre la Feria Provincial.<\/p>\n<p><strong>El 2 de agosto la Feria Zonal se hizo en Casa de Piedra, el 6 de agosto en General Campos, y el 8 de agosto en Rucanelo.<\/strong><\/p>\n<blockquote><p><strong>Este mi\u00e9rcoles el Nivel Inicial, las escuelas primarias y secundarias de la zona se concentrar\u00e1n en\u00a0 Ingeniero Luiggi,donde expondr\u00e1n sus trabajos desarrollados en distintas \u00e1reas del conocimiento.<br \/>\n<\/strong><\/p><\/blockquote>\n<p><strong>El viernes 16 de agosto la pr\u00f3xima instancia zonal ser\u00e1 en Alta Italia y el 22 de agosto en Toay<\/strong>.<\/p>\n<blockquote><p>En tanto, los d\u00edas<strong>\u00a016, 17 y 18 de septiembre se desarrollar\u00e1 la Feria Provincial en Santa Rosa<\/strong>, con la participaci\u00f3n de los trabajos representantes de todas las instancias zonales de la provincia.<\/p><\/blockquote>\n<p>fuente : zonal noticias<\/p>\n<div class=\"oasis-despues-del-contenido\" id=\"oasis-2465446110\"><img loading=\"lazy\" decoding=\"async\" src=\"https:\/\/oasisfm935.com.ar\/site\/wp-content\/uploads\/2020\/08\/47806202-8741-49f2-a5c9-d2f930e5baa1.jpg\" alt=\"\"  srcset=\"https:\/\/oasisfm935.com.ar\/site\/wp-content\/uploads\/2020\/08\/47806202-8741-49f2-a5c9-d2f930e5baa1.jpg 1080w, https:\/\/oasisfm935.com.ar\/site\/wp-content\/uploads\/2020\/08\/47806202-8741-49f2-a5c9-d2f930e5baa1-300x300.jpg 300w, https:\/\/oasisfm935.com.ar\/site\/wp-content\/uploads\/2020\/08\/47806202-8741-49f2-a5c9-d2f930e5baa1-1024x1024.jpg 1024w, https:\/\/oasisfm935.com.ar\/site\/wp-content\/uploads\/2020\/08\/47806202-8741-49f2-a5c9-d2f930e5baa1-150x150.jpg 150w, https:\/\/oasisfm935.com.ar\/site\/wp-content\/uploads\/2020\/08\/47806202-8741-49f2-a5c9-d2f930e5baa1-768x768.jpg 768w\" sizes=\"(max-width: 1080px) 100vw, 1080px\" class=\"no-lazyload\" width=\"1080\" height=\"1080\"  style=\"display: inline-block;\" \/><\/div>","protected":false},"excerpt":{"rendered":"<p>Este mi\u00e9rcoles la localidad de Ingeniero Luiggi ser\u00e1 sede zonal de la Feria de Ciencias, Arte y Tecnolog\u00eda 2019, que a nivel<\/p>\n","protected":false},"author":4,"featured_media":2526,"comment_status":"closed","ping_status":"open","sticky":false,"template":"","format":"standard","meta":{"colormag_page_layout":"default_layout","footnotes":""},"categories":[2],"tags":[],"class_list":["post-2525","post","type-post","status-publish","format-standard","has-post-thumbnail","hentry","category-noticias"],"_links":{"self":[{"href":"https:\/\/oasisfm935.com.ar\/site\/wp-json\/wp\/v2\/posts\/2525","targetHints":{"allow":["GET"]}}],"collection":[{"href":"https:\/\/oasisfm935.com.ar\/site\/wp-json\/wp\/v2\/posts"}],"about":[{"href":"https:\/\/oasisfm935.com.ar\/site\/wp-json\/wp\/v2\/types\/post"}],"author":[{"embeddable":true,"href":"https:\/\/oasisfm935.com.ar\/site\/wp-json\/wp\/v2\/users\/4"}],"replies":[{"embeddable":true,"href":"https:\/\/oasisfm935.com.ar\/site\/wp-json\/wp\/v2\/comments?post=2525"}],"version-history":[{"count":2,"href":"https:\/\/oasisfm935.com.ar\/site\/wp-json\/wp\/v2\/posts\/2525\/revisions"}],"predecessor-version":[{"id":2528,"href":"https:\/\/oasisfm935.com.ar\/site\/wp-json\/wp\/v2\/posts\/2525\/revisions\/2528"}],"wp:featuredmedia":[{"embeddable":true,"href":"https:\/\/oasisfm935.com.ar\/site\/wp-json\/wp\/v2\/media\/2526"}],"wp:attachment":[{"href":"https:\/\/oasisfm935.com.ar\/site\/wp-json\/wp\/v2\/media?parent=2525"}],"wp:term":[{"taxonomy":"category","embeddable":true,"href":"https:\/\/oasisfm935.com.ar\/site\/wp-json\/wp\/v2\/categories?post=2525"},{"taxonomy":"post_tag","embeddable":true,"href":"https:\/\/oasisfm935.com.ar\/site\/wp-json\/wp\/v2\/tags?post=2525"}],"curies":[{"name":"wp","href":"https:\/\/api.w.org\/{rel}","templated":true}]}}