{"id":2533,"date":"2019-08-14T08:08:34","date_gmt":"2019-08-14T11:08:34","guid":{"rendered":"http:\/\/oasisfm935.com\/site\/?p=2533"},"modified":"2019-08-14T08:09:25","modified_gmt":"2019-08-14T11:09:25","slug":"el-senador-marino-fue-sobreseido-en-la-causa-por-abuso","status":"publish","type":"post","link":"https:\/\/oasisfm935.com.ar\/site\/el-senador-marino-fue-sobreseido-en-la-causa-por-abuso\/","title":{"rendered":"El senador Marino fue sobrese\u00eddo en la causa por abuso"},"content":{"rendered":"<p>El juez federal\u00a0<strong>Ariel Lijo<\/strong>\u00a0<strong>sobresey\u00f3<\/strong>\u00a0al senador nacional\u00a0<strong>Juan Carlos Marino<\/strong>\u00a0(UCR La Pampa)\u00a0en la causa donde<strong>\u00a0era investigado por abuso sexual contra una empleada del Congreso<\/strong>. Tambi\u00e9n fueron sobrese\u00eddos otros dos empleados legislativos acusados tambi\u00e9n de acoso y abuso sexual.<\/p>\n<p>El dato fue confirmado, ante una consulta de\u00a0<strong>Diario Textual<\/strong>, por allegados a Marino en la noche de este martes. A\u00fan no se inform\u00f3 en qu\u00e9 t\u00e9rminos firm\u00f3 la resoluci\u00f3n Lijo.<\/p>\n<p>El senador por La Pampa fue acusado penalmente en diciembre de 2018 por la empleada legislativa\u00a0<strong>Claudia Guebel<\/strong>.<\/p>\n<p>Adem\u00e1s de Marino, la trabajadora denunci\u00f3 a Pedro Fiorda, jefe de despacho del senador radical; y a Juan Carlos Amarilla, que se desempe\u00f1a como asesor en el despacho del diputado Alfredo Olmedo.<\/p>\n<p>Guebel dijo que Marino le hab\u00eda tocado los pechos la primera vez que fue a su oficina para que le firmaran la planilla de asistencia y de acosarla a trav\u00e9s de mensajes de WhatsApp con contenido sexual.\u00a0\u00abMe dec\u00eda: \u2018\u00bfD\u00f3nde est\u00e1s?\u2019, \u2018\u00bfd\u00f3nde viv\u00eds?\u2019, \u2018voy a estar por all\u00e1, me doy una vuelta\u2019, \u2018preparate, que voy a tu casa\u2019. Me enviaba videos alusivos al sexo. Quiero aclarar que yo no ten\u00eda v\u00ednculo alguno con \u00e9l, ni de confianza ni de amistad. Este tipo de mensajes me los enviaba constantemente, varias veces por semana\u00bb, relat\u00f3.<\/p>\n<p>El legislador, en mensajes a sus conocidos, dijo estar \u00abfeliz\u00bb por el sobreseimiento.\u00a0<strong>\u00abEs una gran noticia no s\u00f3lo por mi buen nombre sino, ante todo, por mi familia y amigos quienes sufrieron esta injuria junto a m\u00ed\u00bb<\/strong>, escribi\u00f3.<\/p>\n<div class=\"oasis-despues-del-contenido\" id=\"oasis-1432083832\"><img loading=\"lazy\" decoding=\"async\" src=\"https:\/\/oasisfm935.com.ar\/site\/wp-content\/uploads\/2020\/08\/47806202-8741-49f2-a5c9-d2f930e5baa1.jpg\" alt=\"\"  srcset=\"https:\/\/oasisfm935.com.ar\/site\/wp-content\/uploads\/2020\/08\/47806202-8741-49f2-a5c9-d2f930e5baa1.jpg 1080w, https:\/\/oasisfm935.com.ar\/site\/wp-content\/uploads\/2020\/08\/47806202-8741-49f2-a5c9-d2f930e5baa1-300x300.jpg 300w, https:\/\/oasisfm935.com.ar\/site\/wp-content\/uploads\/2020\/08\/47806202-8741-49f2-a5c9-d2f930e5baa1-1024x1024.jpg 1024w, https:\/\/oasisfm935.com.ar\/site\/wp-content\/uploads\/2020\/08\/47806202-8741-49f2-a5c9-d2f930e5baa1-150x150.jpg 150w, https:\/\/oasisfm935.com.ar\/site\/wp-content\/uploads\/2020\/08\/47806202-8741-49f2-a5c9-d2f930e5baa1-768x768.jpg 768w\" sizes=\"(max-width: 1080px) 100vw, 1080px\" class=\"no-lazyload\" width=\"1080\" height=\"1080\"  style=\"display: inline-block;\" \/><\/div>","protected":false},"excerpt":{"rendered":"<p>El juez federal\u00a0Ariel Lijo\u00a0sobresey\u00f3\u00a0al senador nacional\u00a0Juan Carlos Marino\u00a0(UCR La Pampa)\u00a0en la causa donde\u00a0era investigado por abuso sexual contra una empleada del Congreso.<\/p>\n","protected":false},"author":4,"featured_media":2534,"comment_status":"closed","ping_status":"open","sticky":false,"template":"","format":"standard","meta":{"colormag_page_layout":"default_layout","footnotes":""},"categories":[2],"tags":[],"class_list":["post-2533","post","type-post","status-publish","format-standard","has-post-thumbnail","hentry","category-noticias"],"_links":{"self":[{"href":"https:\/\/oasisfm935.com.ar\/site\/wp-json\/wp\/v2\/posts\/2533","targetHints":{"allow":["GET"]}}],"collection":[{"href":"https:\/\/oasisfm935.com.ar\/site\/wp-json\/wp\/v2\/posts"}],"about":[{"href":"https:\/\/oasisfm935.com.ar\/site\/wp-json\/wp\/v2\/types\/post"}],"author":[{"embeddable":true,"href":"https:\/\/oasisfm935.com.ar\/site\/wp-json\/wp\/v2\/users\/4"}],"replies":[{"embeddable":true,"href":"https:\/\/oasisfm935.com.ar\/site\/wp-json\/wp\/v2\/comments?post=2533"}],"version-history":[{"count":1,"href":"https:\/\/oasisfm935.com.ar\/site\/wp-json\/wp\/v2\/posts\/2533\/revisions"}],"predecessor-version":[{"id":2535,"href":"https:\/\/oasisfm935.com.ar\/site\/wp-json\/wp\/v2\/posts\/2533\/revisions\/2535"}],"wp:featuredmedia":[{"embeddable":true,"href":"https:\/\/oasisfm935.com.ar\/site\/wp-json\/wp\/v2\/media\/2534"}],"wp:attachment":[{"href":"https:\/\/oasisfm935.com.ar\/site\/wp-json\/wp\/v2\/media?parent=2533"}],"wp:term":[{"taxonomy":"category","embeddable":true,"href":"https:\/\/oasisfm935.com.ar\/site\/wp-json\/wp\/v2\/categories?post=2533"},{"taxonomy":"post_tag","embeddable":true,"href":"https:\/\/oasisfm935.com.ar\/site\/wp-json\/wp\/v2\/tags?post=2533"}],"curies":[{"name":"wp","href":"https:\/\/api.w.org\/{rel}","templated":true}]}}