{"id":2544,"date":"2019-08-14T14:57:08","date_gmt":"2019-08-14T17:57:08","guid":{"rendered":"http:\/\/oasisfm935.com\/site\/?p=2544"},"modified":"2019-08-14T14:57:08","modified_gmt":"2019-08-14T17:57:08","slug":"un-centenar-de-trabajos-en-la-feria-zonal-de-ciencias-en-ing-luiggi","status":"publish","type":"post","link":"https:\/\/oasisfm935.com.ar\/site\/un-centenar-de-trabajos-en-la-feria-zonal-de-ciencias-en-ing-luiggi\/","title":{"rendered":"Un centenar de trabajos en la Feria Zonal de Ciencias en Ing. Luiggi"},"content":{"rendered":"<div class=\"itemIntroText\"><\/div>\n<div class=\"itemFullText\">\n<h1 class=\"nota-detalle-titulo\"><\/h1>\n<div class=\"nota-detalle-cuerpo\">\n<p align=\"justify\">El acto inaugural cont\u00f3 con la presencia de la subsecretaria de Educaci\u00f3n, Marcela Feuerschvenger, el intendente local, Oscar Zanoli, las directoras de Educaci\u00f3n Inicial, Mar\u00eda Julia Sutil, y de Educaci\u00f3n Primaria, Mar\u00eda Magdalena Godoy, la directora de Educaci\u00f3n de Gesti\u00f3n Privada, Estela Cometto, el director\u00a0de Planeamiento, Evaluaci\u00f3n y Control de Gesti\u00f3n, Marcos Carnicelli, la directora de la instituci\u00f3n educativa anfitriona, Silvia Guerra, y dem\u00e1s autoridades educativas, municipales, coordinadores de \u00e1rea, directivos, docentes, estudiantes y familias.<\/p>\n<p align=\"justify\">En representaci\u00f3n del Ministerio de Educaci\u00f3n,\u00a0<strong>Marcela Feuerschvenger sostuvo que la Feria se trata de un momento para dialogar y compartir con pares el hacer diario de las escuelas de la Provincia.<\/strong><\/p>\n<blockquote>\n<p align=\"justify\">\u201cEs una oportunidad brillante para que la ciencia, el arte y la tecnolog\u00eda se pongan en acto. Nos permite conversar sobre c\u00f3mo se desarrolla el proceso de ense\u00f1anza y aprendizaje en cada una de las escuelas\u00bb, remarc\u00f3.<\/p>\n<\/blockquote>\n<p align=\"justify\"><strong>\u00abLo m\u00e1s importante de esta jornada son los v\u00ednculos que establecemos, lo que aprendemos al estar con otros, nos enriquecemos como personas\u201d, destac\u00f3 la subsecretaria de Educaci\u00f3n\u00bb<\/strong>, explic\u00f3 la funcionaria.<\/p>\n<p align=\"justify\"><strong>La directora de la Escuela N\u00b0250\u00a0 Silvia Guerra<\/strong>\u00a0agradeci\u00f3 los aportes realizados por el Ministerio, el municipio y otras instituciones locales para garantizar el desarrollo de la Feria.<\/p>\n<p align=\"justify\"><img loading=\"lazy\" decoding=\"async\" src=\"https:\/\/www.zonalnoticias.com\/images\/feria_de_ciencia_luiggi_2.jpg\" width=\"585\" height=\"329\" \/><\/p>\n<blockquote>\n<p align=\"justify\">\u201cEn cada instituci\u00f3n educativa\u00a0se proyecta participar desde el inicio del a\u00f1o escolar. All\u00ed se comienza a pensar en el desarrollo de la muestra, que ya forma parte de la cotidianidad de cada escuela y es el primer paso que nos lleva a encontrarnos en este momento\u201d, mencion\u00f3 Guerra.<\/p>\n<\/blockquote>\n<p align=\"justify\"><strong>La jornada realizada en el SUM municipal, reuni\u00f3 a 95 trabajos de 26 instituciones educativas pertenecientes a Arata, Caleuf\u00fa, Chamaic\u00f3, El Tala, Embajador Martini, Ingeniero Luiggi, Maisonnave, Ojeda, Parera, Quetrequ\u00e9n y Rancul.<\/strong><\/p>\n<p align=\"justify\"><strong><img loading=\"lazy\" decoding=\"async\" src=\"https:\/\/www.zonalnoticias.com\/images\/feria_de_ciencia_luiggi_5.jpg\" width=\"585\" height=\"329\" \/><\/strong><\/p>\n<p align=\"justify\"><strong><img loading=\"lazy\" decoding=\"async\" src=\"https:\/\/www.zonalnoticias.com\/images\/feria_de_ciencia_luiggi_4.jpg\" width=\"585\" height=\"329\" \/><\/strong><\/p>\n<p align=\"justify\"><strong><img loading=\"lazy\" decoding=\"async\" src=\"https:\/\/www.zonalnoticias.com\/images\/feria_de_ciencia_luiggi_6.jpg\" width=\"577\" height=\"325\" \/><\/strong><\/p>\n<blockquote>\n<p align=\"justify\">Las ferias zonales continuar\u00e1n este viernes en Alta Italia y finalizar\u00e1n el 22 de agosto en Toay. Los d\u00edas 16, 17 y 18 de septiembre se llevar\u00e1 a cabo la Feria Provincial en la EPET N\u00ba1 de Santa Rosa.<\/p>\n<\/blockquote>\n<p align=\"justify\"><img loading=\"lazy\" decoding=\"async\" src=\"https:\/\/www.zonalnoticias.com\/images\/feria_de_ciencia_luiggi_7.jpg\" width=\"585\" height=\"329\" \/><\/p>\n<p align=\"justify\">fuente zonal noticias<\/p>\n<\/div>\n<\/div>\n<div class=\"oasis-despues-del-contenido\" id=\"oasis-3309238900\"><img loading=\"lazy\" decoding=\"async\" src=\"https:\/\/oasisfm935.com.ar\/site\/wp-content\/uploads\/2020\/08\/47806202-8741-49f2-a5c9-d2f930e5baa1.jpg\" alt=\"\"  srcset=\"https:\/\/oasisfm935.com.ar\/site\/wp-content\/uploads\/2020\/08\/47806202-8741-49f2-a5c9-d2f930e5baa1.jpg 1080w, https:\/\/oasisfm935.com.ar\/site\/wp-content\/uploads\/2020\/08\/47806202-8741-49f2-a5c9-d2f930e5baa1-300x300.jpg 300w, https:\/\/oasisfm935.com.ar\/site\/wp-content\/uploads\/2020\/08\/47806202-8741-49f2-a5c9-d2f930e5baa1-1024x1024.jpg 1024w, https:\/\/oasisfm935.com.ar\/site\/wp-content\/uploads\/2020\/08\/47806202-8741-49f2-a5c9-d2f930e5baa1-150x150.jpg 150w, https:\/\/oasisfm935.com.ar\/site\/wp-content\/uploads\/2020\/08\/47806202-8741-49f2-a5c9-d2f930e5baa1-768x768.jpg 768w\" sizes=\"(max-width: 1080px) 100vw, 1080px\" class=\"no-lazyload\" width=\"1080\" height=\"1080\"  style=\"display: inline-block;\" \/><\/div>","protected":false},"excerpt":{"rendered":"<p>El acto inaugural cont\u00f3 con la presencia de la subsecretaria de Educaci\u00f3n, Marcela Feuerschvenger, el intendente local, Oscar Zanoli, las directoras de<\/p>\n","protected":false},"author":4,"featured_media":2545,"comment_status":"closed","ping_status":"open","sticky":false,"template":"","format":"standard","meta":{"colormag_page_layout":"default_layout","footnotes":""},"categories":[2],"tags":[],"class_list":["post-2544","post","type-post","status-publish","format-standard","has-post-thumbnail","hentry","category-noticias"],"_links":{"self":[{"href":"https:\/\/oasisfm935.com.ar\/site\/wp-json\/wp\/v2\/posts\/2544","targetHints":{"allow":["GET"]}}],"collection":[{"href":"https:\/\/oasisfm935.com.ar\/site\/wp-json\/wp\/v2\/posts"}],"about":[{"href":"https:\/\/oasisfm935.com.ar\/site\/wp-json\/wp\/v2\/types\/post"}],"author":[{"embeddable":true,"href":"https:\/\/oasisfm935.com.ar\/site\/wp-json\/wp\/v2\/users\/4"}],"replies":[{"embeddable":true,"href":"https:\/\/oasisfm935.com.ar\/site\/wp-json\/wp\/v2\/comments?post=2544"}],"version-history":[{"count":1,"href":"https:\/\/oasisfm935.com.ar\/site\/wp-json\/wp\/v2\/posts\/2544\/revisions"}],"predecessor-version":[{"id":2546,"href":"https:\/\/oasisfm935.com.ar\/site\/wp-json\/wp\/v2\/posts\/2544\/revisions\/2546"}],"wp:featuredmedia":[{"embeddable":true,"href":"https:\/\/oasisfm935.com.ar\/site\/wp-json\/wp\/v2\/media\/2545"}],"wp:attachment":[{"href":"https:\/\/oasisfm935.com.ar\/site\/wp-json\/wp\/v2\/media?parent=2544"}],"wp:term":[{"taxonomy":"category","embeddable":true,"href":"https:\/\/oasisfm935.com.ar\/site\/wp-json\/wp\/v2\/categories?post=2544"},{"taxonomy":"post_tag","embeddable":true,"href":"https:\/\/oasisfm935.com.ar\/site\/wp-json\/wp\/v2\/tags?post=2544"}],"curies":[{"name":"wp","href":"https:\/\/api.w.org\/{rel}","templated":true}]}}