{"id":2551,"date":"2019-08-14T15:53:45","date_gmt":"2019-08-14T18:53:45","guid":{"rendered":"http:\/\/oasisfm935.com\/site\/?p=2551"},"modified":"2019-08-14T15:54:08","modified_gmt":"2019-08-14T18:54:08","slug":"macri-tuvo-una-larga-y-buena-conversacion-con-alberto-fernandez","status":"publish","type":"post","link":"https:\/\/oasisfm935.com.ar\/site\/macri-tuvo-una-larga-y-buena-conversacion-con-alberto-fernandez\/","title":{"rendered":"Macri tuvo una \u00ablarga y buena conversaci\u00f3n\u00bb con Alberto Fern\u00e1ndez"},"content":{"rendered":"<p>El presidente\u00a0<strong>Mauricio Macri<\/strong>\u00a0se comunic\u00f3 en la tarde de este mi\u00e9rcoles con el candidato presidencial peronista,\u00a0<strong>Alberto Fern\u00e1ndez<\/strong>, que gan\u00f3 la elecci\u00f3n primaria del domingo \u00faltimo con el 47,6% de los votos. Lo hizo luego de que anunciara una\u00a0<strong>serie de medidas<\/strong>, de corte electoralistas, que<strong>\u00a0no convencieron a los mercados: el d\u00f3lar vol\u00f3 a los 63 pesos en el Banco Naci\u00f3n y el riesgo pa\u00eds se ubic\u00f3 en los 1925<\/strong>\u00a0puntos b\u00e1sicos.<\/p>\n<p>Macri dio detalles de la charla telef\u00f3nica con Fern\u00e1ndez a trav\u00e9s de su cuenta de Twitter.\u00a0\u00a0\u00abTuvimos\u00a0<strong>una buena y larga conversaci\u00f3n telef\u00f3nica<\/strong>\u00a0con Alberto Fern\u00e1ndez\u00bb, dijo el jefe de Estado. \u00ab\u00c9l<strong>\u00a0se comprometi\u00f3 a colaborar en todo lo posible para que este proceso electoral<\/strong>, y la incertidumbre pol\u00edtica que genera, afecte lo menos posible a la econom\u00eda de los argentinos\u00bb.<\/p>\n<p>\u00ab<strong>Se mostr\u00f3 con la vocaci\u00f3n de intentar llevar tranquilidad a los mercados<\/strong>\u00a0respecto a los<strong>\u00a0riesgos de una eventual alternancia en el poder<\/strong>\u00a0y quedamos en mantener<strong>\u00a0una l\u00ednea abierta directa entre los dos<\/strong>\u00ab, agreg\u00f3.<\/p>\n<p>Fern\u00e1ndez, m\u00e1s all\u00e1 de la conversaci\u00f3n telef\u00f3nica, ya adelant\u00f3 en El Destape Radio hoy a la ma\u00f1ana que<strong>\u00a0\u00abno tiene sentido\u00bb mantener una reuni\u00f3n cara a cara con Macri<\/strong>. \u00abSi espera que me ponga de acuerdo va a ser muy dif\u00edcil porque concibo otro pa\u00eds\u00bb, dijo.<\/p>\n<div class=\"g g-1\">\n<div class=\"g-single a-4\"><\/div>\n<\/div>\n<div class=\"SandboxRoot env-bp-350\" data-twitter-event-id=\"0\">\n<div id=\"twitter-widget-0\" class=\"EmbeddedTweet EmbeddedTweet--cta js-clickToOpenTarget\" lang=\"es\" data-click-to-open-target=\"https:\/\/twitter.com\/mauriciomacri\/status\/1161700006656729089\" data-iframe-title=\"Tweet de Twitter\" data-scribe=\"page:tweet\" data-twitter-event-id=\"1\">\n<div class=\"EmbeddedTweet-tweetContainer\">\n<div class=\"EmbeddedTweet-tweet\">\n<blockquote class=\"Tweet h-entry js-tweetIdInfo subject expanded\" cite=\"https:\/\/twitter.com\/mauriciomacri\/status\/1161700006656729089\" data-tweet-id=\"1161700006656729089\" data-scribe=\"section:subject\">\n<div class=\"Tweet-header\">\n<p><a class=\"TweetAuthor-avatar Identity-avatar u-linkBlend\" href=\"https:\/\/twitter.com\/mauriciomacri\" data-scribe=\"element:user_link\" aria-label=\"Mauricio Macri (nombre de pantalla: mauriciomacri)\"><img decoding=\"async\" class=\"Avatar\" src=\"https:\/\/pbs.twimg.com\/profile_images\/653558348273569792\/joxg8DZD_normal.png\" alt=\"\" data-scribe=\"element:avatar\" \/><\/a><\/p>\n<div class=\"TweetAuthor js-inViewportScribingTarget\" data-scribe=\"component:author\">\n<div class=\"TweetAuthor-nameScreenNameContainer\">\n<p><span class=\"TweetAuthor-decoratedName\"><span class=\"TweetAuthor-name Identity-name customisable-highlight\" title=\"Mauricio Macri\" data-scribe=\"element:name\">Mauricio Macri<\/span><\/span><\/p>\n<div class=\"Icon Icon--verified \" title=\"Cuenta verificada\" role=\"img\" aria-label=\"Cuenta verificada\"><\/div>\n<p><span class=\"TweetAuthor-decoratedName\"><span class=\"TweetAuthor-verifiedBadge\" data-scribe=\"element:verified_badge\"><b class=\"u-hiddenVisually\">&#x2714;<\/b><\/span><\/span><span class=\"TweetAuthor-screenName Identity-screenName\" dir=\"ltr\" title=\"@mauriciomacri\" data-scribe=\"element:screen_name\">@mauriciomacri<\/span><\/p>\n<\/div>\n<\/div>\n<div class=\"Tweet-brand\">\n<div class=\"Icon Icon--twitter \" title=\"Ver en Twitter\" role=\"presentation\" aria-label=\"Ver en Twitter\"><\/div>\n<\/div>\n<\/div>\n<div class=\"Tweet-body e-entry-content\" data-scribe=\"component:tweet\">\n<div class=\"Tweet-target js-inViewportScribingTarget\"><\/div>\n<p class=\"Tweet-text e-entry-title\" dir=\"ltr\" lang=\"es\">Reci\u00e9n tuvimos una buena y larga conversaci\u00f3n telef\u00f3nica con Alberto Fern\u00e1ndez. \u00c9l se comprometi\u00f3 a colaborar en todo lo posible para que este proceso electoral, y la incertidumbre pol\u00edtica que genera, afecte lo menos posible a la econom\u00eda de los argentinos.<\/p>\n<div class=\"TweetInfo\">\n<div class=\"TweetInfo-like\">\n<div data-scribe=\"element:heart\"><\/div>\n<\/div>\n<\/div>\n<\/div>\n<\/blockquote>\n<\/div>\n<div class=\"CallToAction-icon\" data-scribe=\"element:conversation_icon\">\n<div class=\"Icon Icon--replyCTA \" title=\"Ver conversaci\u00f3n en Twitter\" role=\"img\" aria-label=\"Ver conversaci\u00f3n en Twitter\">\u00a0fuente : Diario Textual<\/div>\n<\/div>\n<div class=\"CallToAction-text\" data-scribe=\"element:conversation_text\"><\/div>\n<div class=\"CallToAction-chevron\" data-scribe=\"element:cta_chevron\"><\/div>\n<\/div>\n<\/div>\n<\/div>\n<div class=\"oasis-despues-del-contenido\" id=\"oasis-2112561424\"><img loading=\"lazy\" decoding=\"async\" src=\"https:\/\/oasisfm935.com.ar\/site\/wp-content\/uploads\/2020\/08\/47806202-8741-49f2-a5c9-d2f930e5baa1.jpg\" alt=\"\"  srcset=\"https:\/\/oasisfm935.com.ar\/site\/wp-content\/uploads\/2020\/08\/47806202-8741-49f2-a5c9-d2f930e5baa1.jpg 1080w, https:\/\/oasisfm935.com.ar\/site\/wp-content\/uploads\/2020\/08\/47806202-8741-49f2-a5c9-d2f930e5baa1-300x300.jpg 300w, https:\/\/oasisfm935.com.ar\/site\/wp-content\/uploads\/2020\/08\/47806202-8741-49f2-a5c9-d2f930e5baa1-1024x1024.jpg 1024w, https:\/\/oasisfm935.com.ar\/site\/wp-content\/uploads\/2020\/08\/47806202-8741-49f2-a5c9-d2f930e5baa1-150x150.jpg 150w, https:\/\/oasisfm935.com.ar\/site\/wp-content\/uploads\/2020\/08\/47806202-8741-49f2-a5c9-d2f930e5baa1-768x768.jpg 768w\" sizes=\"(max-width: 1080px) 100vw, 1080px\" class=\"no-lazyload\" width=\"1080\" height=\"1080\"  style=\"display: inline-block;\" \/><\/div>","protected":false},"excerpt":{"rendered":"<p>El presidente\u00a0Mauricio Macri\u00a0se comunic\u00f3 en la tarde de este mi\u00e9rcoles con el candidato presidencial peronista,\u00a0Alberto Fern\u00e1ndez, que gan\u00f3 la elecci\u00f3n primaria del<\/p>\n","protected":false},"author":4,"featured_media":2552,"comment_status":"closed","ping_status":"open","sticky":false,"template":"","format":"standard","meta":{"colormag_page_layout":"default_layout","footnotes":""},"categories":[2],"tags":[],"class_list":["post-2551","post","type-post","status-publish","format-standard","has-post-thumbnail","hentry","category-noticias"],"_links":{"self":[{"href":"https:\/\/oasisfm935.com.ar\/site\/wp-json\/wp\/v2\/posts\/2551","targetHints":{"allow":["GET"]}}],"collection":[{"href":"https:\/\/oasisfm935.com.ar\/site\/wp-json\/wp\/v2\/posts"}],"about":[{"href":"https:\/\/oasisfm935.com.ar\/site\/wp-json\/wp\/v2\/types\/post"}],"author":[{"embeddable":true,"href":"https:\/\/oasisfm935.com.ar\/site\/wp-json\/wp\/v2\/users\/4"}],"replies":[{"embeddable":true,"href":"https:\/\/oasisfm935.com.ar\/site\/wp-json\/wp\/v2\/comments?post=2551"}],"version-history":[{"count":2,"href":"https:\/\/oasisfm935.com.ar\/site\/wp-json\/wp\/v2\/posts\/2551\/revisions"}],"predecessor-version":[{"id":2554,"href":"https:\/\/oasisfm935.com.ar\/site\/wp-json\/wp\/v2\/posts\/2551\/revisions\/2554"}],"wp:featuredmedia":[{"embeddable":true,"href":"https:\/\/oasisfm935.com.ar\/site\/wp-json\/wp\/v2\/media\/2552"}],"wp:attachment":[{"href":"https:\/\/oasisfm935.com.ar\/site\/wp-json\/wp\/v2\/media?parent=2551"}],"wp:term":[{"taxonomy":"category","embeddable":true,"href":"https:\/\/oasisfm935.com.ar\/site\/wp-json\/wp\/v2\/categories?post=2551"},{"taxonomy":"post_tag","embeddable":true,"href":"https:\/\/oasisfm935.com.ar\/site\/wp-json\/wp\/v2\/tags?post=2551"}],"curies":[{"name":"wp","href":"https:\/\/api.w.org\/{rel}","templated":true}]}}