{"id":2555,"date":"2019-08-18T18:22:02","date_gmt":"2019-08-18T21:22:02","guid":{"rendered":"http:\/\/oasisfm935.com\/site\/?p=2555"},"modified":"2019-08-18T18:22:02","modified_gmt":"2019-08-18T21:22:02","slug":"la-luiggense-martina-bernal-campeona-en-doble-y-single-en-el-4o-torneo-nacional-en-cordoba","status":"publish","type":"post","link":"https:\/\/oasisfm935.com.ar\/site\/la-luiggense-martina-bernal-campeona-en-doble-y-single-en-el-4o-torneo-nacional-en-cordoba\/","title":{"rendered":"La luiggense Martina Bernal campeona en doble y single en el 4\u00ba Torneo Nacional en C\u00f3rdoba"},"content":{"rendered":"<div class=\"itemIntroText\">\n<p><strong>La tenista luiggense Martina Bernal se consagr\u00f3 campeona en doble y single en el 4\u00ba Torneo Nacional de Tenis organizado por el circuito Argentino para Menores.<\/strong><\/p>\n<\/div>\n<div class=\"itemFullText\">\n<blockquote><p>En la semana del\u00a0 12 \u00a0al 17 de agosto se desarroll\u00f3 en la ciudad de C\u00f3rdoba el 4\u00ba Torneo Nacional de Tenis organizado por el circuito Argentino para Menores.<\/p><\/blockquote>\n<p><strong>En esta ocasi\u00f3n la luiggense Martina \u00a0Bernal particip\u00f3 de los diferentes encuentros que se llevaron a cabo en el Law tenis Club y Jockey Club con excelentes resultados.<\/strong><\/p>\n<p><img decoding=\"async\" src=\"https:\/\/www.zonalnoticias.com\/images\/martina_campeona_2_rec.jpg\" \/><\/p>\n<p>A estos torneos acceden los mejores clasificados de su regi\u00f3n. Son los que antes se denominaban Torneos Grado 1 .<\/p>\n<blockquote><p>En la categor\u00eda doble, Martina Bernal venci\u00f3 junto a Virginia Zanotti 6\/2 6\/4 a sus rivales, consagr\u00e1ndose campeonas en cuadro principal.<\/p>\n<p>En single consigui\u00f3 la victoria \u00a0enfrent\u00e1ndose en la final a Bucco, y se consagr\u00f3 campeona de Second Chance con un resultado de 6\/4 6\/1.<\/p><\/blockquote>\n<p><strong>\u00a0Hoy la tenista luiggense ya se encuentra en Villa Mar\u00eda, C\u00f3rdoba, prepar\u00e1ndose para el torneo de la Federaci\u00f3n Internacional de Tenis (I.T.F) a \u00a0desarrollarse en esta ciudad.<\/strong><\/p>\n<p><img decoding=\"async\" src=\"https:\/\/www.zonalnoticias.com\/images\/martina_campeona_rec.jpg\" \/><\/p>\n<p><strong>\u201c8 del r\u00e1nking\u201d<\/strong><\/p>\n<blockquote><p>Actualmente Martina se ubica N\u00ba8 en el r\u00e1nking nacional de la Asociaci\u00f3n Agentina de Tenis (AAT) en \u00a0la categor\u00eda Sub 18 y representa a la Federaci\u00f3n \u00a0de San Luis, ya que La Pampa no cuenta con Federaci\u00f3n Pampeana de Tenis.<\/p><\/blockquote>\n<p>Fuente: ZONAL NOTICIAS<\/p>\n<\/div>\n<div class=\"oasis-despues-del-contenido\" id=\"oasis-2287802493\"><img loading=\"lazy\" decoding=\"async\" src=\"https:\/\/oasisfm935.com.ar\/site\/wp-content\/uploads\/2020\/08\/47806202-8741-49f2-a5c9-d2f930e5baa1.jpg\" alt=\"\"  srcset=\"https:\/\/oasisfm935.com.ar\/site\/wp-content\/uploads\/2020\/08\/47806202-8741-49f2-a5c9-d2f930e5baa1.jpg 1080w, https:\/\/oasisfm935.com.ar\/site\/wp-content\/uploads\/2020\/08\/47806202-8741-49f2-a5c9-d2f930e5baa1-300x300.jpg 300w, https:\/\/oasisfm935.com.ar\/site\/wp-content\/uploads\/2020\/08\/47806202-8741-49f2-a5c9-d2f930e5baa1-1024x1024.jpg 1024w, https:\/\/oasisfm935.com.ar\/site\/wp-content\/uploads\/2020\/08\/47806202-8741-49f2-a5c9-d2f930e5baa1-150x150.jpg 150w, https:\/\/oasisfm935.com.ar\/site\/wp-content\/uploads\/2020\/08\/47806202-8741-49f2-a5c9-d2f930e5baa1-768x768.jpg 768w\" sizes=\"(max-width: 1080px) 100vw, 1080px\" class=\"no-lazyload\" width=\"1080\" height=\"1080\"  style=\"display: inline-block;\" \/><\/div>","protected":false},"excerpt":{"rendered":"<p>La tenista luiggense Martina Bernal se consagr\u00f3 campeona en doble y single en el 4\u00ba Torneo Nacional de Tenis organizado por el<\/p>\n","protected":false},"author":4,"featured_media":2556,"comment_status":"closed","ping_status":"open","sticky":false,"template":"","format":"standard","meta":{"colormag_page_layout":"default_layout","footnotes":""},"categories":[2],"tags":[],"class_list":["post-2555","post","type-post","status-publish","format-standard","has-post-thumbnail","hentry","category-noticias"],"_links":{"self":[{"href":"https:\/\/oasisfm935.com.ar\/site\/wp-json\/wp\/v2\/posts\/2555","targetHints":{"allow":["GET"]}}],"collection":[{"href":"https:\/\/oasisfm935.com.ar\/site\/wp-json\/wp\/v2\/posts"}],"about":[{"href":"https:\/\/oasisfm935.com.ar\/site\/wp-json\/wp\/v2\/types\/post"}],"author":[{"embeddable":true,"href":"https:\/\/oasisfm935.com.ar\/site\/wp-json\/wp\/v2\/users\/4"}],"replies":[{"embeddable":true,"href":"https:\/\/oasisfm935.com.ar\/site\/wp-json\/wp\/v2\/comments?post=2555"}],"version-history":[{"count":1,"href":"https:\/\/oasisfm935.com.ar\/site\/wp-json\/wp\/v2\/posts\/2555\/revisions"}],"predecessor-version":[{"id":2557,"href":"https:\/\/oasisfm935.com.ar\/site\/wp-json\/wp\/v2\/posts\/2555\/revisions\/2557"}],"wp:featuredmedia":[{"embeddable":true,"href":"https:\/\/oasisfm935.com.ar\/site\/wp-json\/wp\/v2\/media\/2556"}],"wp:attachment":[{"href":"https:\/\/oasisfm935.com.ar\/site\/wp-json\/wp\/v2\/media?parent=2555"}],"wp:term":[{"taxonomy":"category","embeddable":true,"href":"https:\/\/oasisfm935.com.ar\/site\/wp-json\/wp\/v2\/categories?post=2555"},{"taxonomy":"post_tag","embeddable":true,"href":"https:\/\/oasisfm935.com.ar\/site\/wp-json\/wp\/v2\/tags?post=2555"}],"curies":[{"name":"wp","href":"https:\/\/api.w.org\/{rel}","templated":true}]}}