{"id":2558,"date":"2019-08-18T18:49:22","date_gmt":"2019-08-18T21:49:22","guid":{"rendered":"http:\/\/oasisfm935.com\/site\/?p=2558"},"modified":"2019-08-18T18:58:26","modified_gmt":"2019-08-18T21:58:26","slug":"asi-no-se-puede-trabajar","status":"publish","type":"post","link":"https:\/\/oasisfm935.com.ar\/site\/asi-no-se-puede-trabajar\/","title":{"rendered":"\u201cAs\u00ed no se puede trabajar\u201d"},"content":{"rendered":"<section id=\"t3-mainbody\" class=\"container t3-mainbody\">\n<div class=\"row\">\n<div id=\"t3-content\" class=\"t3-content span12\">\n<div class=\"main-content\">\n<div class=\"item-page text clearfix\">\n<article>\n<aside class=\"article-aside clearfix\">\n<dl class=\"article-info pull-left\">\n<dd class=\"published\"><\/dd>\n<\/dl>\n<\/aside>\n<section class=\"article-content clearfix row\">\n<div class=\"article-body span12 span8 eq-first\">\n<p>\u201cEste parate puede provocar el cierre de algunas empresas. M\u00e1s de uno lo debe estar evaluando. El personal hoy no llega a fin de mes, pero a vos tambi\u00e9n se te hace muy dif\u00edcil por la carga impositiva que hay\u201d, <strong>advirti\u00f3 el presidente de la Uni\u00f3n Industrial de La Pampa, Rub\u00e9n Gorordo.<\/strong>El presidente de la Uni\u00f3n Industrial de La Pampa (UNILPA), Rub\u00e9n Gorordo, dijo que \u201cha sido una semana muy preocupante. Con esta corrida del d\u00f3lar hay una gran recesi\u00f3n y as\u00ed no se puede trabajar. La mayor parte de las materias primas est\u00e1n dolarizadas\u201d. Dijo que las medidas anunciadas por el presidente Mauricio Macri no servir\u00e1n para reactivar el sector y advirti\u00f3 que puede haber m\u00e1s cierres de empresas.<\/p>\n<p>Gorordo dijo que a partir de la corrida del d\u00f3lar que se produjo el lunes, \u201chay un parate total en el sector\u201d. El d\u00f3lar cerr\u00f3 el viernes a $ 58,12 y acumul\u00f3 en la semana un incremento de $ 11,57, es decir de 24,8%, a lo largo de una semana en la que la incertidumbre comenz\u00f3 a operar en los mercados desde el domingo por la noche. \u201cEl cliente quiere liquidar su cuenta corriente, pero tampoco se puede actualizar, y si no lo hac\u00e9s, despu\u00e9s no compr\u00e1s la materia prima. Hay un \u201cparate\u201d, m\u00e1s de uno decidi\u00f3 no vender hasta que esto se estabilice\u201d, asegur\u00f3 en declaraciones radiales.<\/p>\n<p>Sobre los anuncios que realiz\u00f3 el presidente Macri, el industrial pampeano dijo que \u201clas PyME esper\u00e1bamos algo m\u00e1s, medidas financieras importantes. El anuncio de Macri es insuficiente. No asegura una reactivaci\u00f3n. Esper\u00e1bamos cr\u00e9ditos accesibles, necesitamos una buena financiaci\u00f3n para el uso diario, tasas subsidiadas, m\u00e1s que nada para lo que es venta de valores, porque a estos valores de intereses es dif\u00edcil apalear la situaci\u00f3n. Trabajar de esta forma en venta de valores, descubierto, hace dif\u00edcil el camino\u201d.<\/p>\n<p>Agreg\u00f3 que se necesitan \u201cmedidas r\u00e1pidas para reactivar el consumo interno. Espec\u00edficamente para las PyME, siempre estamos en desventaja con las m\u00e1s grandes, tenemos otras trabas por ser m\u00e1s peque\u00f1as\u201d.<br \/>\nGorordo advirti\u00f3 que \u201ceste parate puede provocar el cierre de algunas empresas. M\u00e1s de uno lo debe estar evaluando. El personal hoy no llega a fin de mes, pero a vos tambi\u00e9n se te hace muy dif\u00edcil por la carga impositiva que hay\u201d.<\/p>\n<p>El dirigente de los industriales pampeanos dijo que \u201chay preocupaci\u00f3n\u201d por la devaluaci\u00f3n porque \u201clas empresas producen con varios \u00edtems a valor d\u00f3lar\u201d. \u201cEstamos teniendo problemas con los clientes, que ahora vienen a querer arreglar su cuenta y uno sabe que no puede reponer la materia prima, entonces hay que actualizar. Si ten\u00e9s que hacer negocios nuevos, no lo pod\u00e9s hacer, te dejan un precio abierto en d\u00f3lares y es imposible trabajar de esa forma\u201d, complet\u00f3.<\/p>\n<p><strong>Ca\u00edda<\/strong><\/p>\n<p>La actividad fabril en junio se contrajo un 6,9% interanual, con lo que acumul\u00f3 una merma de 8,3% en el primer semestre, indic\u00f3 ayer un informe de la Uni\u00f3n Industrial Argentina (UIA).<br \/>\nEn ese escenario, advirti\u00f3 que \u201cla suba fuerte del tipo de cambio, la tasa de inter\u00e9s y la incertidumbre en el corto plazo llevar\u00e1 a una baja mayor y generalizada de la actividad productiva\u201d.<\/p>\n<p>Se\u00f1al\u00f3 que la mayor\u00eda de los rubros industriales \u201cpresent\u00f3 ca\u00eddas interanuales\u201d y precis\u00f3 que \u201clos sectores m\u00e1s afectados\u201d fueron la industria automotriz con una merma de 39,3%, productos textiles con una p\u00e9rdida de 18,5% y minerales no met\u00e1licos con una baja de 12,9%.<\/p>\n<p>Tambi\u00e9n tuvieron fuertes descensos la industria electr\u00f3nica de consumo con 10,4% y la actividad metalmec\u00e1nica con 6,8%.<br \/>\nEn el plano laboral, el empleo registrado en la industria present\u00f3 una ca\u00edda de 0,3% desestacionalizada frente al mes anterior. As\u00ed, ya son 18 los meses consecutivos de ca\u00edda mensual, alert\u00f3 la UIA.<br \/>\n\u201cResulta importante en este contexto monitorear la coyuntura y aplicar medidas financieras y tributarias de modo tal de paliar la situaci\u00f3n en los pr\u00f3ximos meses\u201d, consider\u00f3.<\/p>\n<\/div>\n<p>Diario de la Pampa<\/p>\n<\/section>\n<\/article>\n<\/div>\n<\/div>\n<\/div>\n<\/div>\n<\/section>\n<div class=\"oasis-despues-del-contenido\" id=\"oasis-3880418389\"><img loading=\"lazy\" decoding=\"async\" src=\"https:\/\/oasisfm935.com.ar\/site\/wp-content\/uploads\/2020\/08\/47806202-8741-49f2-a5c9-d2f930e5baa1.jpg\" alt=\"\"  srcset=\"https:\/\/oasisfm935.com.ar\/site\/wp-content\/uploads\/2020\/08\/47806202-8741-49f2-a5c9-d2f930e5baa1.jpg 1080w, https:\/\/oasisfm935.com.ar\/site\/wp-content\/uploads\/2020\/08\/47806202-8741-49f2-a5c9-d2f930e5baa1-300x300.jpg 300w, https:\/\/oasisfm935.com.ar\/site\/wp-content\/uploads\/2020\/08\/47806202-8741-49f2-a5c9-d2f930e5baa1-1024x1024.jpg 1024w, https:\/\/oasisfm935.com.ar\/site\/wp-content\/uploads\/2020\/08\/47806202-8741-49f2-a5c9-d2f930e5baa1-150x150.jpg 150w, https:\/\/oasisfm935.com.ar\/site\/wp-content\/uploads\/2020\/08\/47806202-8741-49f2-a5c9-d2f930e5baa1-768x768.jpg 768w\" sizes=\"(max-width: 1080px) 100vw, 1080px\" class=\"no-lazyload\" width=\"1080\" height=\"1080\"  style=\"display: inline-block;\" \/><\/div>","protected":false},"excerpt":{"rendered":"<p>\u201cEste parate puede provocar el cierre de algunas empresas. M\u00e1s de uno lo debe estar evaluando. El personal hoy no llega a<\/p>\n","protected":false},"author":4,"featured_media":2559,"comment_status":"closed","ping_status":"open","sticky":false,"template":"","format":"standard","meta":{"colormag_page_layout":"default_layout","footnotes":""},"categories":[2],"tags":[],"class_list":["post-2558","post","type-post","status-publish","format-standard","has-post-thumbnail","hentry","category-noticias"],"_links":{"self":[{"href":"https:\/\/oasisfm935.com.ar\/site\/wp-json\/wp\/v2\/posts\/2558","targetHints":{"allow":["GET"]}}],"collection":[{"href":"https:\/\/oasisfm935.com.ar\/site\/wp-json\/wp\/v2\/posts"}],"about":[{"href":"https:\/\/oasisfm935.com.ar\/site\/wp-json\/wp\/v2\/types\/post"}],"author":[{"embeddable":true,"href":"https:\/\/oasisfm935.com.ar\/site\/wp-json\/wp\/v2\/users\/4"}],"replies":[{"embeddable":true,"href":"https:\/\/oasisfm935.com.ar\/site\/wp-json\/wp\/v2\/comments?post=2558"}],"version-history":[{"count":2,"href":"https:\/\/oasisfm935.com.ar\/site\/wp-json\/wp\/v2\/posts\/2558\/revisions"}],"predecessor-version":[{"id":2561,"href":"https:\/\/oasisfm935.com.ar\/site\/wp-json\/wp\/v2\/posts\/2558\/revisions\/2561"}],"wp:featuredmedia":[{"embeddable":true,"href":"https:\/\/oasisfm935.com.ar\/site\/wp-json\/wp\/v2\/media\/2559"}],"wp:attachment":[{"href":"https:\/\/oasisfm935.com.ar\/site\/wp-json\/wp\/v2\/media?parent=2558"}],"wp:term":[{"taxonomy":"category","embeddable":true,"href":"https:\/\/oasisfm935.com.ar\/site\/wp-json\/wp\/v2\/categories?post=2558"},{"taxonomy":"post_tag","embeddable":true,"href":"https:\/\/oasisfm935.com.ar\/site\/wp-json\/wp\/v2\/tags?post=2558"}],"curies":[{"name":"wp","href":"https:\/\/api.w.org\/{rel}","templated":true}]}}