{"id":2566,"date":"2019-08-19T12:42:44","date_gmt":"2019-08-19T15:42:44","guid":{"rendered":"http:\/\/oasisfm935.com\/site\/?p=2566"},"modified":"2019-08-19T12:42:44","modified_gmt":"2019-08-19T15:42:44","slug":"la-camara-de-panaderos-de-la-pampa-sugirio-vender-el-kilo-de-pan-entre-85-y-95-pesos","status":"publish","type":"post","link":"https:\/\/oasisfm935.com.ar\/site\/la-camara-de-panaderos-de-la-pampa-sugirio-vender-el-kilo-de-pan-entre-85-y-95-pesos\/","title":{"rendered":"La C\u00e1mara de Panaderos de La Pampa sugiri\u00f3 vender el kilo de pan \u201centre 85 y 95 pesos\u201d"},"content":{"rendered":"<p>&nbsp;<\/p>\n<div class=\"letracopetenota\">La bolsa de harina dio un salto de 50% y se vende a $1.350.<\/div>\n<div class=\"letranota text-justify padt15\">\n<p>Este lunes, La C\u00e1mara de Panaderos de La Pampa sugiri\u00f3 que el kilo de pan oscile \u201centre los 85 y 95 pesos\u201d.<\/p>\n<p>La c\u00e1mara empresarial hizo esta sugerencia ante la disparidad de precios que se observa en las panader\u00edas, producto de la corrida cambiaria de la \u00faltima semana, que llev\u00f3 la bolsa de harina a 1.350 pesos.<\/p>\n<p>En un comunicado de prensa, la entidad que preside Eduardo Duscher explic\u00f3 que la intenci\u00f3n es \u201cdar un precio de referencia a los panaderos, que en muchos casos no saben a qu\u00e9 valores comercializar los productos como consecuencia del desmadre del tipo de cambio que encareci\u00f3 todos los insumos\u201d.<\/p>\n<\/div>\n<div class=\"oasis-despues-del-contenido\" id=\"oasis-1471074649\"><img loading=\"lazy\" decoding=\"async\" src=\"https:\/\/oasisfm935.com.ar\/site\/wp-content\/uploads\/2020\/08\/47806202-8741-49f2-a5c9-d2f930e5baa1.jpg\" alt=\"\"  srcset=\"https:\/\/oasisfm935.com.ar\/site\/wp-content\/uploads\/2020\/08\/47806202-8741-49f2-a5c9-d2f930e5baa1.jpg 1080w, https:\/\/oasisfm935.com.ar\/site\/wp-content\/uploads\/2020\/08\/47806202-8741-49f2-a5c9-d2f930e5baa1-300x300.jpg 300w, https:\/\/oasisfm935.com.ar\/site\/wp-content\/uploads\/2020\/08\/47806202-8741-49f2-a5c9-d2f930e5baa1-1024x1024.jpg 1024w, https:\/\/oasisfm935.com.ar\/site\/wp-content\/uploads\/2020\/08\/47806202-8741-49f2-a5c9-d2f930e5baa1-150x150.jpg 150w, https:\/\/oasisfm935.com.ar\/site\/wp-content\/uploads\/2020\/08\/47806202-8741-49f2-a5c9-d2f930e5baa1-768x768.jpg 768w\" sizes=\"(max-width: 1080px) 100vw, 1080px\" class=\"no-lazyload\" width=\"1080\" height=\"1080\"  style=\"display: inline-block;\" \/><\/div>","protected":false},"excerpt":{"rendered":"<p>&nbsp; La bolsa de harina dio un salto de 50% y se vende a $1.350. Este lunes, La C\u00e1mara de Panaderos de<\/p>\n","protected":false},"author":4,"featured_media":1438,"comment_status":"closed","ping_status":"open","sticky":false,"template":"","format":"standard","meta":{"colormag_page_layout":"default_layout","footnotes":""},"categories":[2],"tags":[],"class_list":["post-2566","post","type-post","status-publish","format-standard","has-post-thumbnail","hentry","category-noticias"],"_links":{"self":[{"href":"https:\/\/oasisfm935.com.ar\/site\/wp-json\/wp\/v2\/posts\/2566","targetHints":{"allow":["GET"]}}],"collection":[{"href":"https:\/\/oasisfm935.com.ar\/site\/wp-json\/wp\/v2\/posts"}],"about":[{"href":"https:\/\/oasisfm935.com.ar\/site\/wp-json\/wp\/v2\/types\/post"}],"author":[{"embeddable":true,"href":"https:\/\/oasisfm935.com.ar\/site\/wp-json\/wp\/v2\/users\/4"}],"replies":[{"embeddable":true,"href":"https:\/\/oasisfm935.com.ar\/site\/wp-json\/wp\/v2\/comments?post=2566"}],"version-history":[{"count":1,"href":"https:\/\/oasisfm935.com.ar\/site\/wp-json\/wp\/v2\/posts\/2566\/revisions"}],"predecessor-version":[{"id":2567,"href":"https:\/\/oasisfm935.com.ar\/site\/wp-json\/wp\/v2\/posts\/2566\/revisions\/2567"}],"wp:featuredmedia":[{"embeddable":true,"href":"https:\/\/oasisfm935.com.ar\/site\/wp-json\/wp\/v2\/media\/1438"}],"wp:attachment":[{"href":"https:\/\/oasisfm935.com.ar\/site\/wp-json\/wp\/v2\/media?parent=2566"}],"wp:term":[{"taxonomy":"category","embeddable":true,"href":"https:\/\/oasisfm935.com.ar\/site\/wp-json\/wp\/v2\/categories?post=2566"},{"taxonomy":"post_tag","embeddable":true,"href":"https:\/\/oasisfm935.com.ar\/site\/wp-json\/wp\/v2\/tags?post=2566"}],"curies":[{"name":"wp","href":"https:\/\/api.w.org\/{rel}","templated":true}]}}