{"id":2569,"date":"2019-08-19T14:06:47","date_gmt":"2019-08-19T17:06:47","guid":{"rendered":"http:\/\/oasisfm935.com\/site\/?p=2569"},"modified":"2019-08-19T14:10:23","modified_gmt":"2019-08-19T17:10:23","slug":"verna-analiza-si-va-a-la-corte-por-las-medidas-de-macri-que-hacen-perder-al-menos-750-millones","status":"publish","type":"post","link":"https:\/\/oasisfm935.com.ar\/site\/verna-analiza-si-va-a-la-corte-por-las-medidas-de-macri-que-hacen-perder-al-menos-750-millones\/","title":{"rendered":"Verna analiza si va a la Corte por las medidas de Macri que hacen perder al menos $750 millones"},"content":{"rendered":"<p>El\u00a0<strong>Gobierno nacional<\/strong>\u00a0convoc\u00f3 a los gobernadores de las provincias petroleras a una reuni\u00f3n este martes por la tarde. Pero, mientras tanto,\u00a0<strong>los gobernadores del PJ y algunos no oficialistas empezaron a intercambiar fren\u00e9ticos mensajes que terminaron en la decisi\u00f3n de reunirse el pr\u00f3ximo mi\u00e9rcoles, a las 11, en el Consejo Federal de Inversiones (CFI)<\/strong>. El objetivo es analizar el impacto de los cambios en Ganancias y Monotributo sobre sus respectivos presupuestos y hasta podr\u00edan plasmar su rechazo en un mensaje conjunto. Algunos, como Carlos Verna, analizan ir a la Justicia. En el caso de La Pampa<a href=\"http:\/\/diariotextual.com\/inicio\/index.php\/2019\/08\/17\/verna-alerta-paquete-macri-le-quita-la-pampa-unos-750-millones\/\" target=\"_blank\" rel=\"noopener noreferrer\"><strong>\u00a0las p\u00e9rdidas se estiman entre 750 millones y 1.000 millones de pesos<\/strong><\/a>.<\/p>\n<p>Apenas conocidas las primeras medidas, los equipos t\u00e9cnicos de los ministros de Econom\u00eda de las provincias que participan del Comisi\u00f3n Federal de Impuestos, el otro CFI, elaboraron\u00a0<strong>un informe seg\u00fan el cual la devoluci\u00f3n de Ganancias y la bonificaci\u00f3n del Monotributo en septiembre implicar\u00eda que el costo de las medidas econ\u00f3micas en impuestos coparticipables y asignaci\u00f3n espec\u00edfica alcance $ 51.800 millones que corresponden\u00a0a las provincias, adem\u00e1s de ATN, AFIP, Naci\u00f3n y Seguridad Social<\/strong>. De ese total, $25.654 millones se les restar\u00edan de la coparticipaci\u00f3n a las provincias y a la ciudad de Buenos Aires.<\/p>\n<p>El monto es significativo para las finanzas provinciales. Por mes, nuestra provincia percibe aproximadamente -dependiendo de la recaudaci\u00f3n- unos 3 mil millones de pesos de coparticipaci\u00f3n.<\/p>\n<p>Verna podr\u00eda definir ir a la Justicia una vez que se conozcan los resultados de las reuniones con otros mandatarios.<\/p>\n<div class=\"oasis-despues-del-contenido\" id=\"oasis-2778057241\"><img loading=\"lazy\" decoding=\"async\" src=\"https:\/\/oasisfm935.com.ar\/site\/wp-content\/uploads\/2020\/08\/47806202-8741-49f2-a5c9-d2f930e5baa1.jpg\" alt=\"\"  srcset=\"https:\/\/oasisfm935.com.ar\/site\/wp-content\/uploads\/2020\/08\/47806202-8741-49f2-a5c9-d2f930e5baa1.jpg 1080w, https:\/\/oasisfm935.com.ar\/site\/wp-content\/uploads\/2020\/08\/47806202-8741-49f2-a5c9-d2f930e5baa1-300x300.jpg 300w, https:\/\/oasisfm935.com.ar\/site\/wp-content\/uploads\/2020\/08\/47806202-8741-49f2-a5c9-d2f930e5baa1-1024x1024.jpg 1024w, https:\/\/oasisfm935.com.ar\/site\/wp-content\/uploads\/2020\/08\/47806202-8741-49f2-a5c9-d2f930e5baa1-150x150.jpg 150w, https:\/\/oasisfm935.com.ar\/site\/wp-content\/uploads\/2020\/08\/47806202-8741-49f2-a5c9-d2f930e5baa1-768x768.jpg 768w\" sizes=\"(max-width: 1080px) 100vw, 1080px\" class=\"no-lazyload\" width=\"1080\" height=\"1080\"  style=\"display: inline-block;\" \/><\/div>","protected":false},"excerpt":{"rendered":"<p>El\u00a0Gobierno nacional\u00a0convoc\u00f3 a los gobernadores de las provincias petroleras a una reuni\u00f3n este martes por la tarde. Pero, mientras tanto,\u00a0los gobernadores del<\/p>\n","protected":false},"author":4,"featured_media":2523,"comment_status":"closed","ping_status":"open","sticky":false,"template":"","format":"standard","meta":{"colormag_page_layout":"default_layout","footnotes":""},"categories":[2],"tags":[],"class_list":["post-2569","post","type-post","status-publish","format-standard","has-post-thumbnail","hentry","category-noticias"],"_links":{"self":[{"href":"https:\/\/oasisfm935.com.ar\/site\/wp-json\/wp\/v2\/posts\/2569","targetHints":{"allow":["GET"]}}],"collection":[{"href":"https:\/\/oasisfm935.com.ar\/site\/wp-json\/wp\/v2\/posts"}],"about":[{"href":"https:\/\/oasisfm935.com.ar\/site\/wp-json\/wp\/v2\/types\/post"}],"author":[{"embeddable":true,"href":"https:\/\/oasisfm935.com.ar\/site\/wp-json\/wp\/v2\/users\/4"}],"replies":[{"embeddable":true,"href":"https:\/\/oasisfm935.com.ar\/site\/wp-json\/wp\/v2\/comments?post=2569"}],"version-history":[{"count":3,"href":"https:\/\/oasisfm935.com.ar\/site\/wp-json\/wp\/v2\/posts\/2569\/revisions"}],"predecessor-version":[{"id":2572,"href":"https:\/\/oasisfm935.com.ar\/site\/wp-json\/wp\/v2\/posts\/2569\/revisions\/2572"}],"wp:featuredmedia":[{"embeddable":true,"href":"https:\/\/oasisfm935.com.ar\/site\/wp-json\/wp\/v2\/media\/2523"}],"wp:attachment":[{"href":"https:\/\/oasisfm935.com.ar\/site\/wp-json\/wp\/v2\/media?parent=2569"}],"wp:term":[{"taxonomy":"category","embeddable":true,"href":"https:\/\/oasisfm935.com.ar\/site\/wp-json\/wp\/v2\/categories?post=2569"},{"taxonomy":"post_tag","embeddable":true,"href":"https:\/\/oasisfm935.com.ar\/site\/wp-json\/wp\/v2\/tags?post=2569"}],"curies":[{"name":"wp","href":"https:\/\/api.w.org\/{rel}","templated":true}]}}