{"id":2573,"date":"2019-08-19T15:04:28","date_gmt":"2019-08-19T18:04:28","guid":{"rendered":"http:\/\/oasisfm935.com\/site\/?p=2573"},"modified":"2019-08-19T15:04:28","modified_gmt":"2019-08-19T18:04:28","slug":"protesta-nacional-de-galgueros-en-rio-cuarto","status":"publish","type":"post","link":"https:\/\/oasisfm935.com.ar\/site\/protesta-nacional-de-galgueros-en-rio-cuarto\/","title":{"rendered":"Protesta nacional de galgueros en R\u00edo Cuarto"},"content":{"rendered":"<p>&nbsp;<\/p>\n<div class=\"itemIntroText\">\n<p><span class=\"bajada\">Este piquete se encuentra en los cruces de rutas 8 y A005. Distintas agrupaciones reclaman la legalizaci\u00f3n de las carreras de perros, prohibidas por una ley nacional sancionada hace tres a\u00f1os.<\/span><\/p>\n<\/div>\n<div class=\"itemFullText\">\n<blockquote>\n<div class=\"btnRedesPC\">En horas del mediod\u00eda la concentraci\u00f3n se produjo en uno de los accesos a R\u00edo Cuarto con pancartas de distintas agrupaciones y panfletos argumentando el reclamo. \u00abProhibir no, legalizar s\u00ed\u00bb, expresan en uno de los carteles desplegados.<\/div>\n<\/blockquote>\n<div class=\"btnRedesPC\"><\/div>\n<div class=\"btnRedesPC\">La convocatoria nacional provocaba restricciones en la circulaci\u00f3n vehicular de la zona y personal de Gendarmer\u00eda hab\u00eda montado un operativo en el lugar.<\/div>\n<div class=\"btnRedesPC\"><\/div>\n<blockquote>\n<div class=\"btnRedesPC\">Cabe recordar que las carreras de galgos fueron prohibidas a trav\u00e9s de una ley nacional sancionada en noviembre de 2016. La normativa gener\u00f3 rechazos de las familias de galgueros e incluso hubo distintos operativos policiales para desactivar eventos clandestinos.<\/div>\n<\/blockquote>\n<div class=\"btnRedesPC\"><\/div>\n<div>Fuente: zonal Noticias<\/div>\n<\/div>\n<div class=\"oasis-despues-del-contenido\" id=\"oasis-2350911692\"><img loading=\"lazy\" decoding=\"async\" src=\"https:\/\/oasisfm935.com.ar\/site\/wp-content\/uploads\/2020\/08\/47806202-8741-49f2-a5c9-d2f930e5baa1.jpg\" alt=\"\"  srcset=\"https:\/\/oasisfm935.com.ar\/site\/wp-content\/uploads\/2020\/08\/47806202-8741-49f2-a5c9-d2f930e5baa1.jpg 1080w, https:\/\/oasisfm935.com.ar\/site\/wp-content\/uploads\/2020\/08\/47806202-8741-49f2-a5c9-d2f930e5baa1-300x300.jpg 300w, https:\/\/oasisfm935.com.ar\/site\/wp-content\/uploads\/2020\/08\/47806202-8741-49f2-a5c9-d2f930e5baa1-1024x1024.jpg 1024w, https:\/\/oasisfm935.com.ar\/site\/wp-content\/uploads\/2020\/08\/47806202-8741-49f2-a5c9-d2f930e5baa1-150x150.jpg 150w, https:\/\/oasisfm935.com.ar\/site\/wp-content\/uploads\/2020\/08\/47806202-8741-49f2-a5c9-d2f930e5baa1-768x768.jpg 768w\" sizes=\"(max-width: 1080px) 100vw, 1080px\" class=\"no-lazyload\" width=\"1080\" height=\"1080\"  style=\"display: inline-block;\" \/><\/div>","protected":false},"excerpt":{"rendered":"<p>&nbsp; Este piquete se encuentra en los cruces de rutas 8 y A005. Distintas agrupaciones reclaman la legalizaci\u00f3n de las carreras de<\/p>\n","protected":false},"author":4,"featured_media":2574,"comment_status":"closed","ping_status":"open","sticky":false,"template":"","format":"standard","meta":{"colormag_page_layout":"default_layout","footnotes":""},"categories":[2],"tags":[],"class_list":["post-2573","post","type-post","status-publish","format-standard","has-post-thumbnail","hentry","category-noticias"],"_links":{"self":[{"href":"https:\/\/oasisfm935.com.ar\/site\/wp-json\/wp\/v2\/posts\/2573","targetHints":{"allow":["GET"]}}],"collection":[{"href":"https:\/\/oasisfm935.com.ar\/site\/wp-json\/wp\/v2\/posts"}],"about":[{"href":"https:\/\/oasisfm935.com.ar\/site\/wp-json\/wp\/v2\/types\/post"}],"author":[{"embeddable":true,"href":"https:\/\/oasisfm935.com.ar\/site\/wp-json\/wp\/v2\/users\/4"}],"replies":[{"embeddable":true,"href":"https:\/\/oasisfm935.com.ar\/site\/wp-json\/wp\/v2\/comments?post=2573"}],"version-history":[{"count":1,"href":"https:\/\/oasisfm935.com.ar\/site\/wp-json\/wp\/v2\/posts\/2573\/revisions"}],"predecessor-version":[{"id":2575,"href":"https:\/\/oasisfm935.com.ar\/site\/wp-json\/wp\/v2\/posts\/2573\/revisions\/2575"}],"wp:featuredmedia":[{"embeddable":true,"href":"https:\/\/oasisfm935.com.ar\/site\/wp-json\/wp\/v2\/media\/2574"}],"wp:attachment":[{"href":"https:\/\/oasisfm935.com.ar\/site\/wp-json\/wp\/v2\/media?parent=2573"}],"wp:term":[{"taxonomy":"category","embeddable":true,"href":"https:\/\/oasisfm935.com.ar\/site\/wp-json\/wp\/v2\/categories?post=2573"},{"taxonomy":"post_tag","embeddable":true,"href":"https:\/\/oasisfm935.com.ar\/site\/wp-json\/wp\/v2\/tags?post=2573"}],"curies":[{"name":"wp","href":"https:\/\/api.w.org\/{rel}","templated":true}]}}