{"id":2576,"date":"2019-08-20T08:26:13","date_gmt":"2019-08-20T11:26:13","guid":{"rendered":"http:\/\/oasisfm935.com\/site\/?p=2576"},"modified":"2019-08-20T08:26:44","modified_gmt":"2019-08-20T11:26:44","slug":"ingeniero-luiggi-zanoli-y-lavin-preparan-la-transicion","status":"publish","type":"post","link":"https:\/\/oasisfm935.com.ar\/site\/ingeniero-luiggi-zanoli-y-lavin-preparan-la-transicion\/","title":{"rendered":"OSCAR  ZANOLI Y PATRICIA LAVIN PREPARAN LA TRANSICI\u00d3N."},"content":{"rendered":"<p>En la jornada del Jueves 15 de agosto, el intendente Oscar Zanoli convoc\u00f3 al equipo de empleados de nuestro municipio. La reuni\u00f3n tuvo por objetivo generar un encuentro con la intendenta electa Patricia Lavin y comenzar un di\u00e1logo que de inicio a un proceso colectivo de transici\u00f3n.<\/p>\n<p>En diciembre comienza una nueva gesti\u00f3n, con Lavin como jefa municipal, y tenemos por objetivo construir un proceso ameno, inclusivo, abierto e innovad<span class=\"text_exposed_show\">or.<\/span><\/p>\n<p><img decoding=\"async\" src=\"https:\/\/scontent-scl1-1.xx.fbcdn.net\/v\/t1.0-9\/69391398_2448210558595762_6005163641941262336_o.jpg?_nc_cat=107&amp;_nc_oc=AQnfNnP4iPAssZBM_eaI4HpwfHi4gmuUgvMpDXfMe18KkPCE9O4VCGO7ZexA2Sp2dZY&amp;_nc_ht=scontent-scl1-1.xx&amp;oh=8fde8d0cf0391c55c62373302b0265e7&amp;oe=5DDA4E7E\" alt=\"La imagen puede contener: 8 personas, personas sonriendo, personas sentadas, calzado e interior\" \/><\/p>\n<div class=\"text_exposed_show\">\n<p>Inicia una serie de reuniones para escuchar a cada integrante del municipio para conocer c\u00f3mo trabajan, qu\u00e9 cambios consideran necesarios y cu\u00e1les son sus objetivos de crecimiento en los pr\u00f3ximos a\u00f1os.<\/p>\n<p><img decoding=\"async\" src=\"https:\/\/scontent-scl1-1.xx.fbcdn.net\/v\/t1.0-9\/69165535_2448210548595763_6676762223408316416_o.jpg?_nc_cat=103&amp;_nc_oc=AQkXKoYWXGBAwHmuKUeKCJrTTGYX2QZqi7nRLO_joJ79jcccO-KtYx-qfTfW4gKixwU&amp;_nc_ht=scontent-scl1-1.xx&amp;oh=ff354d34f12f0945a53bba2032ebf456&amp;oe=5DC8A870\" alt=\"La imagen puede contener: 15 personas, personas sentadas e interior\" \/><\/p>\n<p>Estamos muy alegres con la respuesta de las personas que trabajan en el municipio, porque no hay otra manera de gestionar una localidad como la nuestra sin equipos articulados, flu\u00eddos y con mucho di\u00e1logo<\/p>\n<\/div>\n<div class=\"oasis-despues-del-contenido\" id=\"oasis-593440488\"><img loading=\"lazy\" decoding=\"async\" src=\"https:\/\/oasisfm935.com.ar\/site\/wp-content\/uploads\/2020\/08\/47806202-8741-49f2-a5c9-d2f930e5baa1.jpg\" alt=\"\"  srcset=\"https:\/\/oasisfm935.com.ar\/site\/wp-content\/uploads\/2020\/08\/47806202-8741-49f2-a5c9-d2f930e5baa1.jpg 1080w, https:\/\/oasisfm935.com.ar\/site\/wp-content\/uploads\/2020\/08\/47806202-8741-49f2-a5c9-d2f930e5baa1-300x300.jpg 300w, https:\/\/oasisfm935.com.ar\/site\/wp-content\/uploads\/2020\/08\/47806202-8741-49f2-a5c9-d2f930e5baa1-1024x1024.jpg 1024w, https:\/\/oasisfm935.com.ar\/site\/wp-content\/uploads\/2020\/08\/47806202-8741-49f2-a5c9-d2f930e5baa1-150x150.jpg 150w, https:\/\/oasisfm935.com.ar\/site\/wp-content\/uploads\/2020\/08\/47806202-8741-49f2-a5c9-d2f930e5baa1-768x768.jpg 768w\" sizes=\"(max-width: 1080px) 100vw, 1080px\" class=\"no-lazyload\" width=\"1080\" height=\"1080\"  style=\"display: inline-block;\" \/><\/div>","protected":false},"excerpt":{"rendered":"<p>En la jornada del Jueves 15 de agosto, el intendente Oscar Zanoli convoc\u00f3 al equipo de empleados de nuestro municipio. La reuni\u00f3n<\/p>\n","protected":false},"author":4,"featured_media":2577,"comment_status":"closed","ping_status":"open","sticky":false,"template":"","format":"standard","meta":{"colormag_page_layout":"default_layout","footnotes":""},"categories":[2],"tags":[],"class_list":["post-2576","post","type-post","status-publish","format-standard","has-post-thumbnail","hentry","category-noticias"],"_links":{"self":[{"href":"https:\/\/oasisfm935.com.ar\/site\/wp-json\/wp\/v2\/posts\/2576","targetHints":{"allow":["GET"]}}],"collection":[{"href":"https:\/\/oasisfm935.com.ar\/site\/wp-json\/wp\/v2\/posts"}],"about":[{"href":"https:\/\/oasisfm935.com.ar\/site\/wp-json\/wp\/v2\/types\/post"}],"author":[{"embeddable":true,"href":"https:\/\/oasisfm935.com.ar\/site\/wp-json\/wp\/v2\/users\/4"}],"replies":[{"embeddable":true,"href":"https:\/\/oasisfm935.com.ar\/site\/wp-json\/wp\/v2\/comments?post=2576"}],"version-history":[{"count":2,"href":"https:\/\/oasisfm935.com.ar\/site\/wp-json\/wp\/v2\/posts\/2576\/revisions"}],"predecessor-version":[{"id":2579,"href":"https:\/\/oasisfm935.com.ar\/site\/wp-json\/wp\/v2\/posts\/2576\/revisions\/2579"}],"wp:featuredmedia":[{"embeddable":true,"href":"https:\/\/oasisfm935.com.ar\/site\/wp-json\/wp\/v2\/media\/2577"}],"wp:attachment":[{"href":"https:\/\/oasisfm935.com.ar\/site\/wp-json\/wp\/v2\/media?parent=2576"}],"wp:term":[{"taxonomy":"category","embeddable":true,"href":"https:\/\/oasisfm935.com.ar\/site\/wp-json\/wp\/v2\/categories?post=2576"},{"taxonomy":"post_tag","embeddable":true,"href":"https:\/\/oasisfm935.com.ar\/site\/wp-json\/wp\/v2\/tags?post=2576"}],"curies":[{"name":"wp","href":"https:\/\/api.w.org\/{rel}","templated":true}]}}