{"id":2580,"date":"2019-08-20T12:22:01","date_gmt":"2019-08-20T15:22:01","guid":{"rendered":"http:\/\/oasisfm935.com\/site\/?p=2580"},"modified":"2019-08-20T12:22:01","modified_gmt":"2019-08-20T15:22:01","slug":"macri-no-sabe-que-hay-petroleo-en-la-pampa","status":"publish","type":"post","link":"https:\/\/oasisfm935.com.ar\/site\/macri-no-sabe-que-hay-petroleo-en-la-pampa\/","title":{"rendered":"\u00abMacri no sabe que hay petroleo en La Pampa\u00bb"},"content":{"rendered":"<p>Verna reporch\u00f3 a Macri que lo haya dejado afuera de la convocatoria a los gobernadores de las provincias petroleras.<strong>\u00a0<\/strong><strong>El presidente se olvid\u00f3, una vez m\u00e1s, de la provincia.<\/strong><\/p>\n<p>\u201cMacri no sabe que en La Pampa hay petr\u00f3leo. No fuimos invitados a la reuni\u00f3n de provincias petroleras que convoc\u00f3 el Estado Nacional pero s\u00ed vamos a perder 200 millones de pesos en regal\u00edas con las medidas que impuso el Gobierno\u201d, sostuvo el gobernador Carlos Verna este martes al mediod\u00eda.<\/p>\n<p>La provincia fue ignorada por el gobierno nacional, que convoc\u00f3 para participar de una reuni\u00f3n este martes, en el Palacio de Hacienda, a gobernadores de provincias petroleras y a las empresas del sector con el objetivo de consensuar una estrategia en relaci\u00f3n con el precio de los combustibles.<\/p>\n<p>El encuentro surge tras la fijaci\u00f3n de precios establecida por el Poder Ejecutivo para los pr\u00f3ximos 90 d\u00edas, en el marco del paquete de medidas adoptado tras las PASO.<\/p>\n<p>En una continuidad con la discriminaci\u00f3n a la que someti\u00f3 a La Pampa durante su gesti\u00f3n, el presidente desconoci\u00f3 a La Pampa como provincia petrolera. Verna no dej\u00f3 pasar ese destrato y lo repudi\u00f3 con un mensaje a trav\u00e9s de las redes sociales, una forma que viene usando habitualmente el \u00faltimo tiempo para fijar posturas pol\u00edticas.<\/p>\n<p>Fuentes oficiales precisaron que la reuni\u00f3n, que se desarrollar\u00e1 cerca del mediod\u00eda, estar\u00e1 encabezada por el ministro del Interior, Rogelio Frigerio; Hern\u00e1n Lacunza, que ya est\u00e1 formalizado en su cargo de ministro de Econom\u00eda, y el secretario de Energ\u00eda, Gustavo Lopetegui.<\/p>\n<p>Buscar\u00e1n consensuar una salida para el tema del congelamiento de las naftas dispuesto por el gobierno nacional el mi\u00e9rcoles \u00faltimo, tras el rev\u00e9s electoral sufrido en las PASO, donde se impuso el Frente de Todos, representado con la f\u00f3rmula presidencial Alberto Fern\u00e1ndez-Cristina Fern\u00e1ndez.<\/p>\n<p>Entre las decisiones adoptadas por el Ejecutivo, se cont\u00f3 el congelamiento del precio de la nafta y los combustibles durante 90 d\u00edas, lo que despert\u00f3 cr\u00edticas de los empresarios del sector, como as\u00ed tambi\u00e9n de algunos gobernadores. \u00abDesde el gobierno de R\u00edo Negro rechazamos el congelamiento de precios de combustibles dispuesto por la Naci\u00f3n y no descartamos recurrir a la Justicia para evitar las consecuencias econ\u00f3micas negativas para nuestra provincia\u00bb, asever\u00f3 el jueves el gobernador de esa provincia, Alberto Weretilneck, a trav\u00e9s de Twitter.<\/p>\n<p>En una serie de mensajes emitidos a trav\u00e9s de esa red social, el mandatario rionegrino opin\u00f3 que si bien \u00abes importante que se establezcan medidas de alivio para el bolsillo de la gente\u00bb, el costo de ellas \u00abno debe ser pagado solo por las provincias\u00bb. \u00abCon esta decisi\u00f3n, ni el gobierno nacional ni las empresas hacen ning\u00fan aporte, y todo el peso recae en las provincias productoras\u00bb, juzg\u00f3 Weretilneck.<\/p>\n<div class=\"oasis-despues-del-contenido\" id=\"oasis-3359145864\"><img loading=\"lazy\" decoding=\"async\" src=\"https:\/\/oasisfm935.com.ar\/site\/wp-content\/uploads\/2020\/08\/47806202-8741-49f2-a5c9-d2f930e5baa1.jpg\" alt=\"\"  srcset=\"https:\/\/oasisfm935.com.ar\/site\/wp-content\/uploads\/2020\/08\/47806202-8741-49f2-a5c9-d2f930e5baa1.jpg 1080w, https:\/\/oasisfm935.com.ar\/site\/wp-content\/uploads\/2020\/08\/47806202-8741-49f2-a5c9-d2f930e5baa1-300x300.jpg 300w, https:\/\/oasisfm935.com.ar\/site\/wp-content\/uploads\/2020\/08\/47806202-8741-49f2-a5c9-d2f930e5baa1-1024x1024.jpg 1024w, https:\/\/oasisfm935.com.ar\/site\/wp-content\/uploads\/2020\/08\/47806202-8741-49f2-a5c9-d2f930e5baa1-150x150.jpg 150w, https:\/\/oasisfm935.com.ar\/site\/wp-content\/uploads\/2020\/08\/47806202-8741-49f2-a5c9-d2f930e5baa1-768x768.jpg 768w\" sizes=\"(max-width: 1080px) 100vw, 1080px\" class=\"no-lazyload\" width=\"1080\" height=\"1080\"  style=\"display: inline-block;\" \/><\/div>","protected":false},"excerpt":{"rendered":"<p>Verna reporch\u00f3 a Macri que lo haya dejado afuera de la convocatoria a los gobernadores de las provincias petroleras.\u00a0El presidente se olvid\u00f3,<\/p>\n","protected":false},"author":4,"featured_media":2581,"comment_status":"closed","ping_status":"open","sticky":false,"template":"","format":"standard","meta":{"colormag_page_layout":"default_layout","footnotes":""},"categories":[2],"tags":[],"class_list":["post-2580","post","type-post","status-publish","format-standard","has-post-thumbnail","hentry","category-noticias"],"_links":{"self":[{"href":"https:\/\/oasisfm935.com.ar\/site\/wp-json\/wp\/v2\/posts\/2580","targetHints":{"allow":["GET"]}}],"collection":[{"href":"https:\/\/oasisfm935.com.ar\/site\/wp-json\/wp\/v2\/posts"}],"about":[{"href":"https:\/\/oasisfm935.com.ar\/site\/wp-json\/wp\/v2\/types\/post"}],"author":[{"embeddable":true,"href":"https:\/\/oasisfm935.com.ar\/site\/wp-json\/wp\/v2\/users\/4"}],"replies":[{"embeddable":true,"href":"https:\/\/oasisfm935.com.ar\/site\/wp-json\/wp\/v2\/comments?post=2580"}],"version-history":[{"count":1,"href":"https:\/\/oasisfm935.com.ar\/site\/wp-json\/wp\/v2\/posts\/2580\/revisions"}],"predecessor-version":[{"id":2582,"href":"https:\/\/oasisfm935.com.ar\/site\/wp-json\/wp\/v2\/posts\/2580\/revisions\/2582"}],"wp:featuredmedia":[{"embeddable":true,"href":"https:\/\/oasisfm935.com.ar\/site\/wp-json\/wp\/v2\/media\/2581"}],"wp:attachment":[{"href":"https:\/\/oasisfm935.com.ar\/site\/wp-json\/wp\/v2\/media?parent=2580"}],"wp:term":[{"taxonomy":"category","embeddable":true,"href":"https:\/\/oasisfm935.com.ar\/site\/wp-json\/wp\/v2\/categories?post=2580"},{"taxonomy":"post_tag","embeddable":true,"href":"https:\/\/oasisfm935.com.ar\/site\/wp-json\/wp\/v2\/tags?post=2580"}],"curies":[{"name":"wp","href":"https:\/\/api.w.org\/{rel}","templated":true}]}}