{"id":2588,"date":"2019-08-21T11:13:10","date_gmt":"2019-08-21T14:13:10","guid":{"rendered":"http:\/\/oasisfm935.com\/site\/?p=2588"},"modified":"2019-08-21T11:13:10","modified_gmt":"2019-08-21T14:13:10","slug":"verna-ahora-fue-a-la-corte-suprema-contra-el-congelamiento-de-las-naftas","status":"publish","type":"post","link":"https:\/\/oasisfm935.com.ar\/site\/verna-ahora-fue-a-la-corte-suprema-contra-el-congelamiento-de-las-naftas\/","title":{"rendered":"Verna ahora fue a la Corte Suprema contra el congelamiento de las naftas"},"content":{"rendered":"<p>El gobernador<strong>\u00a0Carlos Verna<\/strong>\u00a0present\u00f3 este mi\u00e9rcoles\u00a0<strong>un recurso de amparo<\/strong>\u00a0contra el decreto de Mauricio Macri que<strong>\u00a0congel\u00f3 los precios de los combustibles por 90 d\u00eda<\/strong>s. Sostuvo que<strong>\u00a0La Pampa perder\u00e1, con esa medida que calific\u00f3 de \u00abelectoralista\u00bb, entre 200 millones y 300 millones de pesos<\/strong>\u00a0en regal\u00edas hidrocarbur\u00edferas.<\/p>\n<p>&nbsp;<\/p>\n<p>El mandatario fue hoy a Buenos Aires junto al fiscal de Estado, Alejandro Vanini, encargado de la presentaci\u00f3n ante la Corte.<\/p>\n<p>El gobernador lleg\u00f3 a las 10.40 horas al\u00a0Consejo Federal de Inversiones (CFI)\u00a0para reunirse con otros gobernadores y elaborar y\u00a0elevar un rechazo formal al paquete de medidas econ\u00f3micas anunciadas por el presidente Mauricio Macri luego de las PASO. El objetivo es analizar el impacto de los cambios en Ganancias y Monotributo sobre sus respectivos presupuestos y hasta podr\u00edan plasmar su rechazo en un mensaje conjunto. Algunos, como Carlos Verna, analizan ir a la Justicia. En el caso de La Pampa<a href=\"http:\/\/diariotextual.com\/inicio\/index.php\/2019\/08\/17\/verna-alerta-paquete-macri-le-quita-la-pampa-unos-750-millones\/\" target=\"_blank\" rel=\"noopener noreferrer\"><strong>\u00a0las p\u00e9rdidas ser\u00e1n de unos mil millones: entre 200 millones y 300 millones por regal\u00edas y 750 milllones por IVA y ganancias.<\/strong><\/a><\/p>\n<p>&nbsp;<\/p>\n<p><iframe loading=\"lazy\" title=\"Verna 21 agosto 2019 by diariotextual\" width=\"800\" height=\"400\" scrolling=\"no\" frameborder=\"no\" src=\"https:\/\/w.soundcloud.com\/player\/?visual=true&#038;url=https%3A%2F%2Fapi.soundcloud.com%2Ftracks%2F668973767&#038;show_artwork=true&#038;maxwidth=800&#038;maxheight=1000&#038;dnt=1\"><\/iframe><\/p>\n<p>El mandatario dijo que el congelamiento de los precios de los combustibles beneficia a los pobladores, pero perjudica a los Estados provinciales. \u00abEn el caso de La Pampa, se perder\u00e1n entre 200 millones y 300 millones de pesos en regal\u00edas.\u00a0Creo que<strong>\u00a0a las medidas electoralistas, el Gobierno deber\u00eda afrontarlas con su propio dinero de su coparticipaci\u00f3n<\/strong>\u00ab, lanz\u00f3.<\/p>\n<p>&nbsp;<\/p>\n<p>Diario Textual<\/p>\n<div class=\"oasis-despues-del-contenido\" id=\"oasis-435245083\"><img loading=\"lazy\" decoding=\"async\" src=\"https:\/\/oasisfm935.com.ar\/site\/wp-content\/uploads\/2020\/08\/47806202-8741-49f2-a5c9-d2f930e5baa1.jpg\" alt=\"\"  srcset=\"https:\/\/oasisfm935.com.ar\/site\/wp-content\/uploads\/2020\/08\/47806202-8741-49f2-a5c9-d2f930e5baa1.jpg 1080w, https:\/\/oasisfm935.com.ar\/site\/wp-content\/uploads\/2020\/08\/47806202-8741-49f2-a5c9-d2f930e5baa1-300x300.jpg 300w, https:\/\/oasisfm935.com.ar\/site\/wp-content\/uploads\/2020\/08\/47806202-8741-49f2-a5c9-d2f930e5baa1-1024x1024.jpg 1024w, https:\/\/oasisfm935.com.ar\/site\/wp-content\/uploads\/2020\/08\/47806202-8741-49f2-a5c9-d2f930e5baa1-150x150.jpg 150w, https:\/\/oasisfm935.com.ar\/site\/wp-content\/uploads\/2020\/08\/47806202-8741-49f2-a5c9-d2f930e5baa1-768x768.jpg 768w\" sizes=\"(max-width: 1080px) 100vw, 1080px\" class=\"no-lazyload\" width=\"1080\" height=\"1080\"  style=\"display: inline-block;\" \/><\/div>","protected":false},"excerpt":{"rendered":"<p>El gobernador\u00a0Carlos Verna\u00a0present\u00f3 este mi\u00e9rcoles\u00a0un recurso de amparo\u00a0contra el decreto de Mauricio Macri que\u00a0congel\u00f3 los precios de los combustibles por 90 d\u00edas.<\/p>\n","protected":false},"author":4,"featured_media":2589,"comment_status":"closed","ping_status":"open","sticky":false,"template":"","format":"standard","meta":{"colormag_page_layout":"default_layout","footnotes":""},"categories":[2],"tags":[],"class_list":["post-2588","post","type-post","status-publish","format-standard","has-post-thumbnail","hentry","category-noticias"],"_links":{"self":[{"href":"https:\/\/oasisfm935.com.ar\/site\/wp-json\/wp\/v2\/posts\/2588","targetHints":{"allow":["GET"]}}],"collection":[{"href":"https:\/\/oasisfm935.com.ar\/site\/wp-json\/wp\/v2\/posts"}],"about":[{"href":"https:\/\/oasisfm935.com.ar\/site\/wp-json\/wp\/v2\/types\/post"}],"author":[{"embeddable":true,"href":"https:\/\/oasisfm935.com.ar\/site\/wp-json\/wp\/v2\/users\/4"}],"replies":[{"embeddable":true,"href":"https:\/\/oasisfm935.com.ar\/site\/wp-json\/wp\/v2\/comments?post=2588"}],"version-history":[{"count":1,"href":"https:\/\/oasisfm935.com.ar\/site\/wp-json\/wp\/v2\/posts\/2588\/revisions"}],"predecessor-version":[{"id":2590,"href":"https:\/\/oasisfm935.com.ar\/site\/wp-json\/wp\/v2\/posts\/2588\/revisions\/2590"}],"wp:featuredmedia":[{"embeddable":true,"href":"https:\/\/oasisfm935.com.ar\/site\/wp-json\/wp\/v2\/media\/2589"}],"wp:attachment":[{"href":"https:\/\/oasisfm935.com.ar\/site\/wp-json\/wp\/v2\/media?parent=2588"}],"wp:term":[{"taxonomy":"category","embeddable":true,"href":"https:\/\/oasisfm935.com.ar\/site\/wp-json\/wp\/v2\/categories?post=2588"},{"taxonomy":"post_tag","embeddable":true,"href":"https:\/\/oasisfm935.com.ar\/site\/wp-json\/wp\/v2\/tags?post=2588"}],"curies":[{"name":"wp","href":"https:\/\/api.w.org\/{rel}","templated":true}]}}