{"id":2591,"date":"2019-08-21T13:22:59","date_gmt":"2019-08-21T16:22:59","guid":{"rendered":"http:\/\/oasisfm935.com\/site\/?p=2591"},"modified":"2019-08-21T14:51:07","modified_gmt":"2019-08-21T17:51:07","slug":"intedentes-pampeanos-preocupados-por-la-medidas-de-macri-nos-desborda-la-demanda-social","status":"publish","type":"post","link":"https:\/\/oasisfm935.com.ar\/site\/intedentes-pampeanos-preocupados-por-la-medidas-de-macri-nos-desborda-la-demanda-social\/","title":{"rendered":"Intedentes pampeanos preocupados por la medidas de Macri: \u00abNos desborda la demanda social\u00bb"},"content":{"rendered":"<p>&nbsp;<\/p>\n<p>Un grupo de intendentes se reuni\u00f3 el viernes a la noche en Arata para hacer \u00abcatarsis\u00bb sobre la creciente demanda social y analizar \u00abcon preocupaci\u00f3n\u00bb los anuncios econ\u00f3micos post PASO que realiz\u00f3 el gobierno nacional y desfinanciar\u00e1 a las provincias. \u00abEstamos todos preocupados por los anuncios de Naci\u00f3n y tambi\u00e9n charlamos de los problemas diarios porque son iguales en los pueblos\u00bb, revel\u00f3 el jefe comunal de Ingeniero Luiggi, Oscar Zanoli.<\/p>\n<p>El entrevistado anticip\u00f3 que oportunamente se \u00abtratar\u00e1 de organizar una reuni\u00f3n\u00bb de los<br \/>\nintendentes con el gobernador Carlos Verna, el mandatario electo Sergio Ziliotto y funcionarios del Ministerio de Hacienda de La Pampa para conocer \u00abde primera mano\u00bb c\u00f3mo \u00abrepercutir\u00e1 en los municipios este recorte de aproximadamente $1.000 millones que sufrir\u00e1 el gobierno provincial\u00bb.<\/p>\n<p>En el encuentro en la localidad de Arata estuvieron presentes los jefes comunales Henso Jorge Sosa (el anfitri\u00f3n), Oscar Zanoli (Ingeniero Luiggi), Carlos Ferrero (Pichi Huinca), Oscar Baras (Caleuf\u00fa), Dar\u00edo Balsa (Eduardo Castex), Adriana Garc\u00eda (Winifreda) y Ra\u00fal Bogetti (Trenel), entre otros.<br \/>\n\u00abEl aumento de la ayuda social nos est\u00e1 superando y tenemos que establecer prioridades\u00bb, admiti\u00f3 el mandatario luiggense. \u00abLa prioridad en mi pueblo es que la gente no pase hambre y que en estos d\u00edas de tanto fr\u00edo puedan tener todos los servicios b\u00e1sicos y m\u00ednimos que son el gas y la electricidad\u00bb, destac\u00f3.<br \/>\n-Zanoli, \u00bfesto significa que en Ingeniero Luiggi tambi\u00e9n se paralizar\u00e1n obras p\u00fablicas para poder dar respuestas a la demanda social de los vecinos?<\/p>\n<p>-M\u00e1s que paralizar obras ser\u00e1 establecer prioridades. La obra de la plaza (principal) la establecimos en tres etapas: la parte interna que estaba muy feo el piso, la segunda es la iluminaci\u00f3n y ahora estamos poniendo luminarias externas y la tercera etapa eran las luminarias internas y pisos exteriores. Tenemos el material comprado, pero hoy la prioridad es atender la demanda social y hemos paralizado esos trabajos. Espero que el pr\u00f3ximo gobierno (encabezado por Patricia Lav\u00edn) pueda terminar la obra.<\/p>\n<p>\u00abPerjuicios para provincias\u00bb.<br \/>\nZanoli evalu\u00f3 que el gobierno de Cambiemos \u00absiempre se ha caracterizado por sacar derechos y recursos\u00bb a la poblaci\u00f3n y los gobiernos provinciales. \u00abEsta mega devaluaci\u00f3n disminuy\u00f3 casi el 40 por ciento del poder adquisitivo de la gente y esto no se soluciona con sacar el IVA a los alimentos, porque hay varios productos que a\u00fan sin IVA est\u00e1n m\u00e1s caros que el d\u00eda antes de las elecciones PASO. Estas medidas electoralistas (de Mauricio Macri) se tomaron sin tener en<br \/>\ncuenta c\u00f3mo repercutir\u00e1n en todas las provincias y pueblos del pa\u00eds, y solamente se tuvo en cuenta el resultado electoral y las anunciaron de un d\u00eda para el otro para tratar de salvarse en las elecciones de octubre\u00bb, critic\u00f3 el mandatario.<br \/>\n\u00abEs imposible en tres meses solucionar los problemas de la gente que se provocaron en tres a\u00f1os y medio, y tomaron estas decisiones para ver si pueden revertir el resultado electoral de las PASO donde el pueblo les dio una lecci\u00f3n muy clara, y a\u00fan as\u00ed no lo podr\u00e1n revertir porque la gente ya no conf\u00eda en este gobierno\u00bb, destac\u00f3 el entrevistado.<br \/>\n-Las medidas econ\u00f3micas post PASO les quita fondos coparticipables a las provincias y esto repercutir\u00e1 directamente en los municipios.<\/p>\n<p>-Cuando menos dinero ingrese a La Pampa ser\u00e1n menos recursos para todos los pampeanos, y ser\u00e1 menos dinero para afrontar los problemas sociales que han generado desde Naci\u00f3n. Es incalculable la cantidad de gente que atendimos la semana pasada, para ver c\u00f3mo pod\u00edamos colaborar desde el municipio porque venc\u00eda la factura de gas y ese problema lo causaron desde Naci\u00f3n con la dolarizaci\u00f3n de las tarifas.<\/p>\n<div class=\"oasis-despues-del-contenido\" id=\"oasis-1765401347\"><img loading=\"lazy\" decoding=\"async\" src=\"https:\/\/oasisfm935.com.ar\/site\/wp-content\/uploads\/2020\/08\/47806202-8741-49f2-a5c9-d2f930e5baa1.jpg\" alt=\"\"  srcset=\"https:\/\/oasisfm935.com.ar\/site\/wp-content\/uploads\/2020\/08\/47806202-8741-49f2-a5c9-d2f930e5baa1.jpg 1080w, https:\/\/oasisfm935.com.ar\/site\/wp-content\/uploads\/2020\/08\/47806202-8741-49f2-a5c9-d2f930e5baa1-300x300.jpg 300w, https:\/\/oasisfm935.com.ar\/site\/wp-content\/uploads\/2020\/08\/47806202-8741-49f2-a5c9-d2f930e5baa1-1024x1024.jpg 1024w, https:\/\/oasisfm935.com.ar\/site\/wp-content\/uploads\/2020\/08\/47806202-8741-49f2-a5c9-d2f930e5baa1-150x150.jpg 150w, https:\/\/oasisfm935.com.ar\/site\/wp-content\/uploads\/2020\/08\/47806202-8741-49f2-a5c9-d2f930e5baa1-768x768.jpg 768w\" sizes=\"(max-width: 1080px) 100vw, 1080px\" class=\"no-lazyload\" width=\"1080\" height=\"1080\"  style=\"display: inline-block;\" \/><\/div>","protected":false},"excerpt":{"rendered":"<p>&nbsp; Un grupo de intendentes se reuni\u00f3 el viernes a la noche en Arata para hacer \u00abcatarsis\u00bb sobre la creciente demanda social<\/p>\n","protected":false},"author":4,"featured_media":1690,"comment_status":"closed","ping_status":"open","sticky":false,"template":"","format":"standard","meta":{"colormag_page_layout":"default_layout","footnotes":""},"categories":[2],"tags":[],"class_list":["post-2591","post","type-post","status-publish","format-standard","has-post-thumbnail","hentry","category-noticias"],"_links":{"self":[{"href":"https:\/\/oasisfm935.com.ar\/site\/wp-json\/wp\/v2\/posts\/2591","targetHints":{"allow":["GET"]}}],"collection":[{"href":"https:\/\/oasisfm935.com.ar\/site\/wp-json\/wp\/v2\/posts"}],"about":[{"href":"https:\/\/oasisfm935.com.ar\/site\/wp-json\/wp\/v2\/types\/post"}],"author":[{"embeddable":true,"href":"https:\/\/oasisfm935.com.ar\/site\/wp-json\/wp\/v2\/users\/4"}],"replies":[{"embeddable":true,"href":"https:\/\/oasisfm935.com.ar\/site\/wp-json\/wp\/v2\/comments?post=2591"}],"version-history":[{"count":2,"href":"https:\/\/oasisfm935.com.ar\/site\/wp-json\/wp\/v2\/posts\/2591\/revisions"}],"predecessor-version":[{"id":2593,"href":"https:\/\/oasisfm935.com.ar\/site\/wp-json\/wp\/v2\/posts\/2591\/revisions\/2593"}],"wp:featuredmedia":[{"embeddable":true,"href":"https:\/\/oasisfm935.com.ar\/site\/wp-json\/wp\/v2\/media\/1690"}],"wp:attachment":[{"href":"https:\/\/oasisfm935.com.ar\/site\/wp-json\/wp\/v2\/media?parent=2591"}],"wp:term":[{"taxonomy":"category","embeddable":true,"href":"https:\/\/oasisfm935.com.ar\/site\/wp-json\/wp\/v2\/categories?post=2591"},{"taxonomy":"post_tag","embeddable":true,"href":"https:\/\/oasisfm935.com.ar\/site\/wp-json\/wp\/v2\/tags?post=2591"}],"curies":[{"name":"wp","href":"https:\/\/api.w.org\/{rel}","templated":true}]}}